{"id":50171,"date":"2022-10-18T15:13:55","date_gmt":"2022-10-18T15:13:55","guid":{"rendered":"https:\/\/www.mujerhoy.com\/moda\/no-te-pierdas\/reina-letizia-vestido-rosa-mango-barato-menos-30-euros-abrigo-camel-viaje-alemania-20221018105436-nt.html"},"modified":"2022-10-18T15:13:55","modified_gmt":"2022-10-18T15:13:55","slug":"la-reina-letizia-llega-a-frankfurt-y-arrasa-con-su-vestido-rosa-favorito-que-cuesta-menos-de-30-euros-en-mango","status":"publish","type":"post","link":"http:\/\/hoycordobaweb.com\/index.php\/2022\/10\/18\/la-reina-letizia-llega-a-frankfurt-y-arrasa-con-su-vestido-rosa-favorito-que-cuesta-menos-de-30-euros-en-mango\/","title":{"rendered":"La reina Letizia llega a Frankfurt y arrasa con su vestido rosa favorito (que cuesta menos de 30 euros en Mango)"},"content":{"rendered":"<p><!-- AUTHOR --><!-- COMPONENTS --><\/p>\n<p class=\"voc-paragraph\">Continua el <strong>viaje de los reyes en Alemania<\/strong>, aunque esta vez sin looks de gala de por medio. Despu\u00e9s de dejarnos boquiabiertos <a data-voc-vtm-id=\"in-text-traffic\" href=\"https:\/\/www.mujerhoy.com\/moda\/no-te-pierdas\/reina-letizia-vestido-rojo-mitico-espectacular-deslumbra-cena-de-gala-viaje-alemania-20221017194854-nt.html\">luciendo su vestido rojo m\u00e1s ic\u00f3nico<\/a> durante la cena de gala, <strong>la reina Letizia<\/strong> ha regresado a sus looks al m\u00e1s puro<br \/>\n<strong> estilo &#8216;working girl&#8217;<\/strong> -como <a data-voc-vtm-id=\"in-text-traffic\" href=\"https:\/\/www.mujerhoy.com\/moda\/no-te-pierdas\/reina-letizia-traje-raya-diplomatica-mango-barato-look-oficina-comodo-zapatos-planos-20221017075903-nt.html\">este con el traje de raya diplom\u00e1tica<\/a>&#8211; en esta nueva jornada de martes. Y lo ha hecho con <strong>un vestido rosa <\/strong>ideal.\n<\/p>\n<p class=\"voc-paragraph\">El d\u00eda comenz\u00f3 para los reyes con un encuentro de trabajo con una representaci\u00f3n de empresarios alemanes y espa\u00f1oles y con un<br \/>\n<strong> encuentro empresarial Hispano-Alem\u00e1n en la Fundaci\u00f3n Bertelsmann<\/strong>. Y tras ello, los monarcas se separaron para asistir a citas diferentes: do\u00f1a Letizia visit\u00f3 en el Palais Populaire, la exposici\u00f3n temporal de la Colecci\u00f3n del Museo Helga de Alvear y el rey estuvo en el Bundestag (Parlamento alem\u00e1n).\n<\/p>\n<div class=\"voc-detail-photo-zoom\"><picture data-toggle=\"modal\" data-target=\"#photoZoomModal-509\" target=\"modal\">\n<div class=\"voc-img-icon-link\"><img loading=\"lazy\" data-original=\"\/\/static3.mujerhoy.com\/www\/multimedia\/202210\/18\/media\/cortadas\/reina-letizia-look-lluvia-kP0--460x637@MujerHoy.jpg\" class=\"lazy\" alt=\"La reina Letizia con un vestido rosa. \/ GTRES\"><noscript><img src=\"http:\/\/hoycordobaweb.com\/wp-content\/uploads\/2022\/10\/la-reina-letizia-llega-a-frankfurt-y-arrasa-con-su-vestido-rosa-favorito-que-cuesta-menos-de-30-euros-en-mango.jpg\" alt=\"La reina Letizia con un vestido rosa. \/ GTRES\"><\/noscript><i class=\"voc-icons zoom voc-multimedia-box voc-ico-l\"><\/i><\/div><figcaption class=\"figure-caption\">La reina Letizia con un vestido rosa. \/ GTRES<\/figcaption><\/picture><\/div>\n<div id=\"photoZoomModal-509\" class=\"voc-lightbox modal fade voc-lightbox--photo-zoom\" role=\"dialog\" data-voc-photozoom-lightbox>\n<div class=\"voc-lightbox__dialog\" role=\"document\">\n<div class=\"voc-lightbox__content\"><!-- Modal header --><!-- Modal content --><\/p>\n<div class=\"voc-lightbox__photo-container\"><picture class><img loading=\"lazy\" data-original=\"\/\/static3.mujerhoy.com\/www\/multimedia\/202210\/18\/media\/cortadas\/reina-letizia-look-lluvia-kP0--460x637@MujerHoy.jpg\" alt=\"La reina Letizia con un vestido rosa. \/ GTRES\" class=\"lazy\"><noscript><img src=\"http:\/\/hoycordobaweb.com\/wp-content\/uploads\/2022\/10\/la-reina-letizia-llega-a-frankfurt-y-arrasa-con-su-vestido-rosa-favorito-que-cuesta-menos-de-30-euros-en-mango.jpg\" alt=\"La reina Letizia con un vestido rosa. \/ GTRES\"><\/noscript><\/picture><\/div>\n<\/div>\n<\/div>\n<\/div>\n<p class=\"voc-paragraph\">Una jornada de compromisos institucionales que tambi\u00e9n cont\u00f3 con una vista por parte de nuestros monarcas al <strong>Ayuntamiento de la Ciudad-Estado de Berl\u00edn y Puerta de Brandeburgo<\/strong>, la cual ha tenido lugar justo antes de que viajaran a Frankfurt, ciudad a la que han asistido para inaugurar\u00e1n la Feria del Libro y de la que Espa\u00f1a es pa\u00eds invitado.\n<\/p>\n<div class=\"voc-detail__cmp\">\n<div class=\"voc-article-container\">\n<article class=\"voc-article voc-article--cmp-photo-text\" readability=\"26\">\n<div class=\"voc-img-container\" readability=\"7\"><picture>\n<div class=\"voc-horizontal voc-img-icon-link\"><img class=\"lazy\" loading=\"lazy\" data-original=\"\/\/static2.mujerhoy.com\/www\/multimedia\/202210\/18\/media\/cortadas\/resyes-viaje-alemania-kHrH--624x624@MujerHoy.jpg\" alt=\"Los reyes en su llegada a Frankfurt.\"><\/div>\n<\/picture>\n<p class=\"figure-caption \"> Los reyes en su llegada a Frankfurt. \/ <span class=\"voc-photo-author\"> gtres <\/span><\/p>\n<\/div>\n<\/article>\n<\/div>\n<\/div>\n<p class=\"voc-paragraph\">Y ante tantas citas pendientes, la reina ha preferido lucir <strong>un look algo m\u00e1s c\u00f3modo <\/strong>que los anteriores, pero, por supuesto, manteniendo el nivel estil\u00edstico que ha lucido durante los dos d\u00edas anteriores. Y estaba protagonizado por un vestido rosa ideal que <a data-voc-vtm-id=\"in-text-traffic\" href=\"https:\/\/www.mujerhoy.com\/moda\/no-te-pierdas\/reina-letizia-vestido-rosa-zara-barato-espectacular-made-in-spain-look-tendencia-favorece-20220302131350-nt.html\">estren\u00f3 en marzo<\/a> de este a\u00f1o.\n<\/p>\n<p class=\"voc-paragraph\">Se trata de una creaci\u00f3n del dise\u00f1ador de Ja\u00e9n <strong>Mois\u00e9s Nieto<\/strong>, que llev\u00f3 en la entrega de las Medallas de Oro al M\u00e9rito de las Bellas Artes y gusta much\u00edsimo por varios motivos. \u00bfEl primero? Ya lo sabes: el poder favorecedor del rosa. Es el color de la temporada y la monarca ha recurrido a \u00e9l en varias ocasiones.\n<\/p>\n<p class=\"voc-paragraph\">Es un vestido de corte ajustado en la cintura y con vuelo en la falda, que tiene la manga francesa y un escote de cuello redondo. Est\u00e1 confeccionado en crep\u00e9, es de largo midi y la reina consorte ha vuelto a demostrar que queda de maravilla. En su momento lo llev\u00f3 como look muy primaveral, sin embargo, ahora ha sacado <strong>una versi\u00f3n m\u00e1s invernal<\/strong>. \u00a1Toma nota de c\u00f3mo lo ha hecho!\n<\/p>\n<div class=\"voc-detail-photo-zoom\"><picture data-toggle=\"modal\" data-target=\"#photoZoomModal-797\" target=\"modal\">\n<div class=\"voc-img-icon-link\"><img loading=\"lazy\" data-original=\"\/\/static3.mujerhoy.com\/www\/multimedia\/202210\/18\/media\/cortadas\/letizia-bolso-flores-kv0--460x637@MujerHoy.jpg\" class=\"lazy\" alt=\"La reina Letizia ha estrenado un bolso de Furla. \/ GTRES\"><noscript><img src=\"http:\/\/hoycordobaweb.com\/wp-content\/uploads\/2022\/10\/la-reina-letizia-llega-a-frankfurt-y-arrasa-con-su-vestido-rosa-favorito-que-cuesta-menos-de-30-euros-en-mango-1.jpg\" alt=\"La reina Letizia ha estrenado un bolso de Furla. \/ GTRES\"><\/noscript><i class=\"voc-icons zoom voc-multimedia-box voc-ico-l\"><\/i><\/div><figcaption class=\"figure-caption\">La reina Letizia ha estrenado un bolso de Furla. \/ GTRES<\/figcaption><\/picture><\/div>\n<div id=\"photoZoomModal-797\" class=\"voc-lightbox modal fade voc-lightbox--photo-zoom\" role=\"dialog\" data-voc-photozoom-lightbox>\n<div class=\"voc-lightbox__dialog\" role=\"document\">\n<div class=\"voc-lightbox__content\"><!-- Modal header --><!-- Modal content --><\/p>\n<div class=\"voc-lightbox__photo-container\"><picture class><img loading=\"lazy\" data-original=\"\/\/static3.mujerhoy.com\/www\/multimedia\/202210\/18\/media\/cortadas\/letizia-bolso-flores-kv0--460x637@MujerHoy.jpg\" alt=\"La reina Letizia ha estrenado un bolso de Furla. \/ GTRES\" class=\"lazy\"><noscript><img src=\"http:\/\/hoycordobaweb.com\/wp-content\/uploads\/2022\/10\/la-reina-letizia-llega-a-frankfurt-y-arrasa-con-su-vestido-rosa-favorito-que-cuesta-menos-de-30-euros-en-mango-1.jpg\" alt=\"La reina Letizia ha estrenado un bolso de Furla. \/ GTRES\"><\/noscript><\/picture><\/div>\n<\/div>\n<\/div>\n<\/div>\n<p class=\"voc-paragraph\">La reina a\u00f1adi\u00f3 un <strong>abrigo largo de pa\u00f1o en color camel <\/strong>que luci\u00f3 encima de los hombros para protegerse del f\u00edo y que no us\u00f3 en su llegada a Frankfurt, donde parece que hac\u00eda m\u00e1s calor. Una prenda que iba a juego con los zapatos escogidos, un modelo en color beige de tac\u00f3n fino y muy alto al que ha a\u00f1adido una miniplataforma, su truco para que sean ligeramente m\u00e1s c\u00f3modos.\n<\/p>\n<p class=\"voc-paragraph\">Sin embargo, el complemento estrella y el que no ha pasado desapercibido ha sido el <strong>bolso<\/strong>. La reina Letizia ha aprovechado este viaje a Alemania para estrenar un dise\u00f1o ideal. Se trata de un modelo peque\u00f1o y de asa corta de <strong>Furla <\/strong>que est\u00e1 protagonizado por un colorido estampado floral. \u00a1Ideal!\n<\/p>\n<div class=\"voc-detail__cmp\" readability=\"6\">\n<div class=\"voc-photo-combo-three fw-xs\" readability=\"7\">\n<p class=\"figure-caption\"><span class=\"voc-photo-caption\">El look de la reina lo puedes comprar en Mango. \/ <\/span><span class=\"voc-photo-author\">MANGO<\/span><\/p>\n<\/div>\n<\/div>\n<p class=\"voc-paragraph\">\u00bfTe ha gustado la propuesta de la reina Letizia? Ficha esta <strong>propuesta low cost<\/strong> que puedes comprar en <strong>Mango <\/strong>y que es casi id\u00e9ntica. El vestido es un modelo de punto y manga larga muy parecido que cuesta tan 29,95 euros. El abrigo, por su parte, es un modelo de lana que cuesta 179,99 euros. Por \u00faltimo, a\u00f1ade un bolso blanco como este que cuesta 22,99 euros. \u00a1Estar\u00e1s ideal!\n<\/p>\n<p><!-- TOPICS --><\/p>\n","protected":false},"excerpt":{"rendered":"<p>Continua el viaje de los reyes en Alemania, aunque esta vez sin looks de gala de por medio. Despu\u00e9s de dejarnos boquiabiertos luciendo su vestido rojo m\u00e1s ic\u00f3nico durante la cena de gala, la reina Letizia ha regresado a sus looks al m\u00e1s puro estilo &#8216;working girl&#8217; -como este con el traje de raya diplom\u00e1tica&#8211; [&hellip;]<\/p>\n","protected":false},"author":1,"featured_media":50172,"comment_status":"closed","ping_status":"closed","sticky":false,"template":"","format":"standard","meta":[],"categories":[1],"tags":[],"_links":{"self":[{"href":"http:\/\/hoycordobaweb.com\/index.php\/wp-json\/wp\/v2\/posts\/50171"}],"collection":[{"href":"http:\/\/hoycordobaweb.com\/index.php\/wp-json\/wp\/v2\/posts"}],"about":[{"href":"http:\/\/hoycordobaweb.com\/index.php\/wp-json\/wp\/v2\/types\/post"}],"author":[{"embeddable":true,"href":"http:\/\/hoycordobaweb.com\/index.php\/wp-json\/wp\/v2\/users\/1"}],"replies":[{"embeddable":true,"href":"http:\/\/hoycordobaweb.com\/index.php\/wp-json\/wp\/v2\/comments?post=50171"}],"version-history":[{"count":0,"href":"http:\/\/hoycordobaweb.com\/index.php\/wp-json\/wp\/v2\/posts\/50171\/revisions"}],"wp:featuredmedia":[{"embeddable":true,"href":"http:\/\/hoycordobaweb.com\/index.php\/wp-json\/wp\/v2\/media\/50172"}],"wp:attachment":[{"href":"http:\/\/hoycordobaweb.com\/index.php\/wp-json\/wp\/v2\/media?parent=50171"}],"wp:term":[{"taxonomy":"category","embeddable":true,"href":"http:\/\/hoycordobaweb.com\/index.php\/wp-json\/wp\/v2\/categories?post=50171"},{"taxonomy":"post_tag","embeddable":true,"href":"http:\/\/hoycordobaweb.com\/index.php\/wp-json\/wp\/v2\/tags?post=50171"}],"curies":[{"name":"wp","href":"https:\/\/api.w.org\/{rel}","templated":true}]}}