{"id":50163,"date":"2022-10-18T23:25:18","date_gmt":"2022-10-18T23:25:18","guid":{"rendered":"https:\/\/www.ole.com.ar\/futbol-internacional\/diego-simeone-atletico-madrid-rayo_0_D4rjwe05cX.html"},"modified":"2022-10-18T23:25:18","modified_gmt":"2022-10-18T23:25:18","slug":"el-gesto-de-fair-play-de-simeone-en-el-empate-del-aleti","status":"publish","type":"post","link":"http:\/\/hoycordobaweb.com\/index.php\/2022\/10\/18\/el-gesto-de-fair-play-de-simeone-en-el-empate-del-aleti\/","title":{"rendered":"El gesto de fair play de Simeone en el empate del Aleti"},"content":{"rendered":"<p><img src=\"http:\/\/hoycordobaweb.com\/wp-content\/uploads\/2022\/10\/el-gesto-de-fair-play-de-simeone-en-el-empate-del-aleti.jpg\"><\/p>\n<p>Justo cuando saboreaba un triunfo que le permit\u00eda quedar como escolta del Barcelona en LaLiga, el <a alt=\"atletico-madrid\" class=\"slug\" href=\"https:\/\/www.ole.com.ar\/tema\/atletico-madrid.html\" target=\"_blank\" title=\"atletico-madrid\" rel=\"noopener noreferrer\">Atl\u00e9tico Madrid <\/a>de <a alt=\"diego-simeone\" class=\"slug\" href=\"https:\/\/www.ole.com.ar\/tema\/diego-simeone.html\" target=\"_blank\" title=\"diego-simeone\" rel=\"noopener noreferrer\">Diego Simeone<\/a> sufri\u00f3 un duro cachetazo en su casa. Porque <a data-cke-saved-href=\"https:\/\/www.ole.com.ar\/futbol-internacional\/espana\/atletico-rayo-espana-partido_0_Cql04NqoZE.html\" target=\"_blank\" href=\"https:\/\/www.ole.com.ar\/futbol-internacional\/espana\/atletico-rayo-espana-partido_0_Cql04NqoZE.html\" rel=\"noopener noreferrer\">Rayo Vallecano se encontr\u00f3 con un penal en tiempo de descuento<\/a> y aprovech\u00f3 para marcar el definitivo 1-1 que dej\u00f3 un sin sabor para el Aleti. Sin embargo, <strong>el propio DT argentino se refiri\u00f3 a esa jugada tras el partido y tuvo un gesto de fair play.<\/strong><\/p>\n<p>Fue \u00c1lvaro Morata quien puso en ventaja al <a alt=\"atletico-madrid\" class=\"slug\" href=\"https:\/\/www.ole.com.ar\/tema\/atletico-madrid.html\" target=\"_blank\" title=\"atletico-madrid\" rel=\"noopener noreferrer\">Atl\u00e9tico Madrid<\/a>, que cont\u00f3 con los argentinos Gonzalo Montiel y Rodrigo De Paul como titulares (tambi\u00e9n ingres\u00f3 \u00c1ngel Correa), aunque ya en el cierre del partido la visita encontr\u00f3 la parda a trav\u00e9s de la ejecuci\u00f3n de Radamel Falcao. Por eso si bien el Cholo expres\u00f3 que \u00ab<mark>es una pena que nos escapa el partido as\u00ed. Tuvimos situaciones importantes en el segundo tiempo para cerrar el partido y, cuando no lo hac\u00e9, volv\u00e9s a esa situaci\u00f3n inc\u00f3moda\u00bb<\/mark>, luego se refiri\u00f3 a la jugada del penal -revisada a trav\u00e9s del VAR- y fue medido.<\/p>\n<h2><strong>El empate que deriv\u00f3 en el 1-1 del Rayo<\/strong><\/h2>\n<p><mark>\u00abEst\u00e1 claro que yo soy de la idea que si el VAR y el \u00e1rbitro determinan que es penal es porque fue mano.<\/mark> Es una pena que nos escapa el partido as\u00ed. Nosotros no estamos siendo lo suficientemente contundentes, mostrando nuestro mejor juego de local. Por algo seguramente ser\u00e1\u00bb, analiz\u00f3 <a alt=\"diego-simeone\" class=\"slug\" href=\"https:\/\/www.ole.com.ar\/tema\/diego-simeone.html\" target=\"_blank\" title=\"diego-simeone\" rel=\"noopener noreferrer\">Simeone<\/a>, evitando entrar en pol\u00e9micas y respetando las decisiones arbitrales.<\/p>\n<div class=\"sp__Normal\">\n<div class=\"image-embeb image-trigger\" readability=\"6\">\n<picture><source media=\"(min-width: 720px)\" srcset=\"http:\/\/hoycordobaweb.com\/wp-content\/uploads\/2022\/10\/el-gesto-de-fair-play-de-simeone-en-el-empate-del-aleti-2.jpg\"><img itemprop=\"image\" src=\"http:\/\/hoycordobaweb.com\/wp-content\/uploads\/2022\/10\/el-gesto-de-fair-play-de-simeone-en-el-empate-del-aleti-2.jpg\" loading=\"lazy\" alt=\"Falcao remat\u00f3 y adentro. (Photo by OSCAR DEL POZO CANAS \/ AFP)\">\n<\/picture><figcaption readability=\"2\">\n<p>Falcao remat\u00f3 y adentro. (Photo by OSCAR DEL POZO CANAS \/ AFP)\n<\/p>\n<\/figcaption><\/div>\n<\/div>\n<p>Ahora bien, ya enfocado en lo que fue la producci\u00f3n de su Aleti -el domingo visitar\u00e1 al Betis y el mi\u00e9rcoles 26\/10 recibir\u00e1 al Bayer Leverkusen por Champions- el Cholo explic\u00f3 que <mark>\u00abla idea es trabajar, dar seguridad, tener confianza y sobre todo personalidad en los momentos determinantes&nbsp;porque es una herramienta determinante en el f\u00fatbol\u00bb<\/mark>.<\/p>\n<div class=\"sp__Normal\">\n<div class=\"image-embeb image-trigger\" readability=\"6\">\n<picture><source media=\"(min-width: 720px)\" srcset=\"http:\/\/hoycordobaweb.com\/wp-content\/uploads\/2022\/10\/el-gesto-de-fair-play-de-simeone-en-el-empate-del-aleti-3.jpg\"><img itemprop=\"image\" src=\"http:\/\/hoycordobaweb.com\/wp-content\/uploads\/2022\/10\/el-gesto-de-fair-play-de-simeone-en-el-empate-del-aleti-3.jpg\" loading=\"lazy\" alt=\"El Cholo no se fue conforme (AFP)\">\n<\/picture><figcaption readability=\"2\">\n<p>El Cholo no se fue conforme (AFP)\n<\/p>\n<\/figcaption><\/div>\n<\/div>\n<div class=\"sp__SM\">\n<div class=\"content-new no-img\">\n<span class=\"tit-mobile\">Mir\u00e1 tambi\u00e9n<\/span> <\/div>\n<\/div>\n<div class=\"entry-tags\">\n<h2>TEMAS QUE APARECEN EN ESTA NOTA<\/h2>\n<\/p><\/div>\n","protected":false},"excerpt":{"rendered":"<p>Justo cuando saboreaba un triunfo que le permit\u00eda quedar como escolta del Barcelona en LaLiga, el Atl\u00e9tico Madrid de Diego Simeone sufri\u00f3 un duro cachetazo en su casa. Porque Rayo Vallecano se encontr\u00f3 con un penal en tiempo de descuento y aprovech\u00f3 para marcar el definitivo 1-1 que dej\u00f3 un sin sabor para el Aleti. [&hellip;]<\/p>\n","protected":false},"author":1,"featured_media":50164,"comment_status":"open","ping_status":"closed","sticky":false,"template":"","format":"standard","meta":[],"categories":[16],"tags":[],"_links":{"self":[{"href":"http:\/\/hoycordobaweb.com\/index.php\/wp-json\/wp\/v2\/posts\/50163"}],"collection":[{"href":"http:\/\/hoycordobaweb.com\/index.php\/wp-json\/wp\/v2\/posts"}],"about":[{"href":"http:\/\/hoycordobaweb.com\/index.php\/wp-json\/wp\/v2\/types\/post"}],"author":[{"embeddable":true,"href":"http:\/\/hoycordobaweb.com\/index.php\/wp-json\/wp\/v2\/users\/1"}],"replies":[{"embeddable":true,"href":"http:\/\/hoycordobaweb.com\/index.php\/wp-json\/wp\/v2\/comments?post=50163"}],"version-history":[{"count":0,"href":"http:\/\/hoycordobaweb.com\/index.php\/wp-json\/wp\/v2\/posts\/50163\/revisions"}],"wp:featuredmedia":[{"embeddable":true,"href":"http:\/\/hoycordobaweb.com\/index.php\/wp-json\/wp\/v2\/media\/50164"}],"wp:attachment":[{"href":"http:\/\/hoycordobaweb.com\/index.php\/wp-json\/wp\/v2\/media?parent=50163"}],"wp:term":[{"taxonomy":"category","embeddable":true,"href":"http:\/\/hoycordobaweb.com\/index.php\/wp-json\/wp\/v2\/categories?post=50163"},{"taxonomy":"post_tag","embeddable":true,"href":"http:\/\/hoycordobaweb.com\/index.php\/wp-json\/wp\/v2\/tags?post=50163"}],"curies":[{"name":"wp","href":"https:\/\/api.w.org\/{rel}","templated":true}]}}