{"id":50105,"date":"2022-10-18T01:52:30","date_gmt":"2022-10-18T01:52:30","guid":{"rendered":"https:\/\/www.ole.com.ar\/river-plate\/river-gallardo-sucesion-pretemporada_0_TGCWZNMTUx.html"},"modified":"2022-10-18T01:52:30","modified_gmt":"2022-10-18T01:52:30","slug":"ezeiza-san-luis-miami-la-pretemporada-que-mg-le-diagramo-a-su-sucesor","status":"publish","type":"post","link":"http:\/\/hoycordobaweb.com\/index.php\/2022\/10\/18\/ezeiza-san-luis-miami-la-pretemporada-que-mg-le-diagramo-a-su-sucesor\/","title":{"rendered":"Ezeiza-San Luis-Miami: la pretemporada que MG le diagram\u00f3 a su sucesor"},"content":{"rendered":"<p><img src=\"http:\/\/hoycordobaweb.com\/wp-content\/uploads\/2022\/10\/ezeiza-san-luis-miami-la-pretemporada-que-mg-le-diagramo-a-su-sucesor.jpg\"><\/p>\n<p><strong>Empieza formalmente la transici\u00f3n en <a alt=\"river-plate\" class=\"slug\" href=\"https:\/\/www.ole.com.ar\/tema\/river-plate.html\" target=\"_blank\" title=\"river-plate\" rel=\"noopener noreferrer\">River<\/a>. De MG a MD<\/strong>, como todo indica, <mark>la reuni\u00f3n de este martes en el River Camp entre <strong><a alt=\"marcelo-gallardo\" class=\"slug\" href=\"https:\/\/www.ole.com.ar\/tema\/marcelo-gallardo.html\" target=\"_blank\" title=\"marcelo-gallardo\" rel=\"noopener noreferrer\">Marcelo Gallardo<\/a><\/strong>, Enzo Francescoli y Matias Patanian ser\u00e1 el puntapi\u00e9 inicial de un cambio de \u00e9poca.<\/mark><\/p>\n<div class=\"sp__SM\">\n<div class=\"content-new \">\n<span class=\"tit-mobile\">Mir\u00e1 tambi\u00e9n<\/span><\/p>\n<div class=\"mg\">\n<div class=\"wrap-figure\">\n<picture>\n<a href=\"https:\/\/www.ole.com.ar\/river-plate\/gareca-crespo-river-demichelis-dt_0_Gc8E6nyFfQ.html\" target=\"_self\" rel=\"noopener noreferrer\"><br \/>\n<img class=\"img-responsive\" alt=\"De Gareca a Crespo, qui\u00e9nes son los candidatos que corren atr\u00e1s de Demichelis\" src=\"http:\/\/hoycordobaweb.com\/wp-content\/uploads\/2022\/10\/ezeiza-san-luis-miami-la-pretemporada-que-mg-le-diagramo-a-su-sucesor-2.jpg\" loading=\"lazy\"><br \/>\n<\/a>\n<\/picture>\n<\/div>\n<\/div><\/div>\n<\/div>\n<p>El Mu\u00f1eco consensuar\u00e1 con los dirigentes qu\u00e9 estructura de trabajo le dejar\u00e1 a su muy posible sucesor, <strong><a alt=\"martin-demichelis\" class=\"slug\" href=\"https:\/\/www.ole.com.ar\/tema\/martin-demichelis.html\" target=\"_blank\" title=\"martin-demichelis\" rel=\"noopener noreferrer\">Mart\u00edn Demichelis<\/a><\/strong>. Y <strong>de ah\u00ed en m\u00e1s, arrancar\u00e1 con los \u00faltimos 25 d\u00edas de su inolvidable gesti\u00f3n<\/strong>. <strong>Poco m\u00e1s de tres semanas que ser\u00e1n m\u00e1s cortas de lo habitual y que incluir\u00e1n tres partidos: el \u00faltimo del torneo frente a Racing y dos amistosos con los que River se pondr\u00e1 al d\u00eda con una cadena televisiva.<\/strong><\/p>\n<div class=\"sp__SM\">\n<div class=\"content-new \">\n<span class=\"tit-mobile\">Mir\u00e1 tambi\u00e9n<\/span><\/p>\n<div class=\"mg\">\n<div class=\"wrap-figure\">\n<picture>\n<a href=\"https:\/\/www.ole.com.ar\/river-plate\/emocion-benjamin-gallardo-despedida_0_arxPOilrzv.html\" target=\"_self\" rel=\"noopener noreferrer\"><br \/>\n<img class=\"img-responsive\" alt=\"Viral: la emoci\u00f3n de Benja Gallardo durante la despedida del Mu\u00f1eco\" src=\"http:\/\/hoycordobaweb.com\/wp-content\/uploads\/2022\/10\/ezeiza-san-luis-miami-la-pretemporada-que-mg-le-diagramo-a-su-sucesor-3.jpg\" loading=\"lazy\"><br \/>\n<\/a>\n<\/picture>\n<\/div>\n<\/div><\/div>\n<\/div>\n<p><mark>En Mendoza, ante el Betis del Ingeniero Pellegrini, Germ\u00e1n Pezzella y Guido Rodr\u00edguez, entonces, se cerrar\u00e1 la leyenda del River de Gallardo<\/mark>. Y no fue para nada casual que se eligiera esa provincia: <strong>all\u00ed el River de autor le gan\u00f3 su primera final a Boca en 2018 y all\u00ed tendr\u00e1 su \u00faltimo cap\u00edtulo<\/strong>, que el 12 \u00f3 13 de noviembre incorporar\u00e1 una despedida en la l\u00ednea de la que se hizo el domingo en el Monumental pero a menor escala. Antes, Napole\u00f3n tendr\u00e1 su \u00faltimo viaje internacional, porque el 9 River se medir\u00e1 con Colo Colo en Santiago de Chile.<\/p>\n<div class=\"sp__SM\">\n<div class=\"content-new \">\n<span class=\"tit-mobile\">Mir\u00e1 tambi\u00e9n<\/span><\/p>\n<div class=\"mg\">\n<div class=\"wrap-figure\">\n<picture>\n<a href=\"https:\/\/www.ole.com.ar\/river-plate\/demichelis-river-pasion-amor_0_cKn72q82Xi.html\" target=\"_self\" rel=\"noopener noreferrer\"><br \/>\n<img class=\"img-responsive\" alt=\"El v\u00ednculo fuerte de Demichelis con River\" src=\"http:\/\/hoycordobaweb.com\/wp-content\/uploads\/2022\/10\/ezeiza-san-luis-miami-la-pretemporada-que-mg-le-diagramo-a-su-sucesor-4.jpg\" loading=\"lazy\"><br \/>\n<\/a>\n<\/picture>\n<\/div>\n<\/div><\/div>\n<\/div>\n<p>Culminados estos compromisos, <strong>el plantel se tomar\u00e1 vacaciones hasta el 8 diciembre. El viernes 9, fecha patria para el mundo River, todos los jugadores participar\u00e1n de <a data-cke-saved-href=\"https:\/\/www.ole.com.ar\/river-plate\/presenta-estatua-gallardo-river-hinchas_0_2yn5WsrJZP.html\" target=\"_blank\" href=\"https:\/\/www.ole.com.ar\/river-plate\/presenta-estatua-gallardo-river-hinchas_0_2yn5WsrJZP.html\" rel=\"noopener noreferrer\">la inauguraci\u00f3n de la estatua de Gallardo<\/a>, con la presencia del Mu\u00f1eco y los integrantes del cuerpo t\u00e9cnico que dicen adi\u00f3s<\/strong>.<\/p>\n<p><mark>El aniversario de Madrid, parad\u00f3jicamente, servir\u00e1 como punto de inflexi\u00f3n para darle paso a la nueva era<\/mark>. De no mediar imprevistos, <strong>el s\u00e1bado 10 ser\u00eda la asunci\u00f3n oficial de Micho, quien arrancar\u00eda as\u00ed con la pretemporada que le dej\u00f3 diagramada el t\u00e9cnico m\u00e1s ganador de la historia del club<\/strong>: <em>en el Camp de Ezeiza se realizar\u00e1 la parte m\u00e1s dura durante una semana y en Potrero de los Funes, San Luis, se cerrar\u00e1 la primera&nbsp;etapa con otra semana con m\u00e1s pelota que tendr\u00e1 un amistoso con Universidad Cat\u00f3lica u otro equipo chileno como el partido inaugural del nuevo due\u00f1o del buzo.<\/em><\/p>\n<div class=\"sp__SM\">\n<div class=\"content-new \">\n<span class=\"tit-mobile\">Mir\u00e1 tambi\u00e9n<\/span><\/p>\n<div class=\"mg\">\n<div class=\"wrap-figure\">\n<picture>\n<a href=\"https:\/\/www.ole.com.ar\/river-plate\/demichelis-tecnico-river-gallardo_0_69cjZCaWdl.html\" target=\"_self\" rel=\"noopener noreferrer\"><br \/>\n<img class=\"img-responsive\" alt=\"Demichelis: qu\u00e9 hab\u00eda dicho de dirigir a River y su charla con Gallardo\" src=\"http:\/\/hoycordobaweb.com\/wp-content\/uploads\/2022\/10\/ezeiza-san-luis-miami-la-pretemporada-que-mg-le-diagramo-a-su-sucesor-5.jpg\" loading=\"lazy\"><br \/>\n<\/a>\n<\/picture>\n<\/div>\n<\/div><\/div>\n<\/div>\n<h2><strong>A\u00f1o Nuevo, era nueva<\/strong><\/h2>\n<p>Pasados el parate por Navidad y A\u00f1o Nuevo, <strong>el 3 de enero se dar\u00e1 inicio a la segunda etapa con el viaje a Miami, la ciudad fetiche de Gallardo en etapa precompetitiva<\/strong>. Alojado en Fort Lauderdale, <strong>el plantel se quedar\u00e1 en los Estados Unidos hasta el 18, River se entrenar\u00e1 en el complejo del Inter Miami y disputar\u00e1 otros cuatro encuentros amistosos<\/strong>, dos con rivales confirmados (Flamengo y Am\u00e9rica de Cali) y otros dos con rivales a confirmar (uno ser\u00eda hondure\u00f1o por la enorme colonia que hay en Florida y el otro, local: el anfitri\u00f3n u Orlando City).<\/p>\n<p>As\u00ed va de MG a MD.<\/p>\n<div class=\"sp__SM\">\n<div class=\"content-new \">\n<span class=\"tit-mobile\">Mir\u00e1 tambi\u00e9n<\/span><\/p>\n<div class=\"mg\">\n<div class=\"wrap-figure\">\n<picture>\n<a href=\"https:\/\/www.ole.com.ar\/river-plate\/gallardo-banderazo-racing_0_DZk0M181g5.html\" target=\"_self\" rel=\"noopener noreferrer\"><br \/>\n<img class=\"img-responsive\" alt=\"Se viene un gran banderazo para despedir a Gallardo antes de Racing\" src=\"http:\/\/hoycordobaweb.com\/wp-content\/uploads\/2022\/10\/ezeiza-san-luis-miami-la-pretemporada-que-mg-le-diagramo-a-su-sucesor-6.jpg\" loading=\"lazy\"><br \/>\n<\/a>\n<\/picture>\n<\/div>\n<\/div><\/div>\n<\/div>\n<div class=\"entry-tags\">\n<h2>TEMAS QUE APARECEN EN ESTA NOTA<\/h2>\n<\/p><\/div>\n","protected":false},"excerpt":{"rendered":"<p>Empieza formalmente la transici\u00f3n en River. De MG a MD, como todo indica, la reuni\u00f3n de este martes en el River Camp entre Marcelo Gallardo, Enzo Francescoli y Matias Patanian ser\u00e1 el puntapi\u00e9 inicial de un cambio de \u00e9poca. Mir\u00e1 tambi\u00e9n El Mu\u00f1eco consensuar\u00e1 con los dirigentes qu\u00e9 estructura de trabajo le dejar\u00e1 a su [&hellip;]<\/p>\n","protected":false},"author":1,"featured_media":50106,"comment_status":"open","ping_status":"closed","sticky":false,"template":"","format":"standard","meta":[],"categories":[16],"tags":[],"_links":{"self":[{"href":"http:\/\/hoycordobaweb.com\/index.php\/wp-json\/wp\/v2\/posts\/50105"}],"collection":[{"href":"http:\/\/hoycordobaweb.com\/index.php\/wp-json\/wp\/v2\/posts"}],"about":[{"href":"http:\/\/hoycordobaweb.com\/index.php\/wp-json\/wp\/v2\/types\/post"}],"author":[{"embeddable":true,"href":"http:\/\/hoycordobaweb.com\/index.php\/wp-json\/wp\/v2\/users\/1"}],"replies":[{"embeddable":true,"href":"http:\/\/hoycordobaweb.com\/index.php\/wp-json\/wp\/v2\/comments?post=50105"}],"version-history":[{"count":0,"href":"http:\/\/hoycordobaweb.com\/index.php\/wp-json\/wp\/v2\/posts\/50105\/revisions"}],"wp:featuredmedia":[{"embeddable":true,"href":"http:\/\/hoycordobaweb.com\/index.php\/wp-json\/wp\/v2\/media\/50106"}],"wp:attachment":[{"href":"http:\/\/hoycordobaweb.com\/index.php\/wp-json\/wp\/v2\/media?parent=50105"}],"wp:term":[{"taxonomy":"category","embeddable":true,"href":"http:\/\/hoycordobaweb.com\/index.php\/wp-json\/wp\/v2\/categories?post=50105"},{"taxonomy":"post_tag","embeddable":true,"href":"http:\/\/hoycordobaweb.com\/index.php\/wp-json\/wp\/v2\/tags?post=50105"}],"curies":[{"name":"wp","href":"https:\/\/api.w.org\/{rel}","templated":true}]}}