{"id":50090,"date":"2022-10-18T02:11:12","date_gmt":"2022-10-18T02:11:12","guid":{"rendered":"http:\/\/hoycordobaweb.com\/index.php\/2022\/10\/18\/el-27-de-octubre-se-entregan-los-premios-alumni-quienes-son-los-ternados-doble-amarilla\/"},"modified":"2022-10-18T02:11:12","modified_gmt":"2022-10-18T02:11:12","slug":"el-27-de-octubre-se-entregan-los-premios-alumni-quienes-son-los-ternados-doble-amarilla","status":"publish","type":"post","link":"http:\/\/hoycordobaweb.com\/index.php\/2022\/10\/18\/el-27-de-octubre-se-entregan-los-premios-alumni-quienes-son-los-ternados-doble-amarilla\/","title":{"rendered":"El 27 de octubre se entregan los Premios Alumni: qui\u00e9nes son los ternados &#8211; Doble Amarilla"},"content":{"rendered":"<p>El pr\u00f3ximo 27 de octubre, a las 19 hs, se realizar\u00e1 la entrega de premios al <b>f\u00fatbol argentino<\/b>. En el predio Julio Humberto Grondona de Ezeiza,&nbsp;&#8230; <\/p>\n","protected":false},"excerpt":{"rendered":"<p>El pr\u00f3ximo 27 de octubre, a las 19 hs, se realizar\u00e1 la entrega de premios al f\u00fatbol argentino. En el predio Julio Humberto Grondona de Ezeiza,&nbsp;&#8230;<\/p>\n","protected":false},"author":1,"featured_media":0,"comment_status":"closed","ping_status":"closed","sticky":false,"template":"","format":"standard","meta":[],"categories":[22],"tags":[],"_links":{"self":[{"href":"http:\/\/hoycordobaweb.com\/index.php\/wp-json\/wp\/v2\/posts\/50090"}],"collection":[{"href":"http:\/\/hoycordobaweb.com\/index.php\/wp-json\/wp\/v2\/posts"}],"about":[{"href":"http:\/\/hoycordobaweb.com\/index.php\/wp-json\/wp\/v2\/types\/post"}],"author":[{"embeddable":true,"href":"http:\/\/hoycordobaweb.com\/index.php\/wp-json\/wp\/v2\/users\/1"}],"replies":[{"embeddable":true,"href":"http:\/\/hoycordobaweb.com\/index.php\/wp-json\/wp\/v2\/comments?post=50090"}],"version-history":[{"count":0,"href":"http:\/\/hoycordobaweb.com\/index.php\/wp-json\/wp\/v2\/posts\/50090\/revisions"}],"wp:attachment":[{"href":"http:\/\/hoycordobaweb.com\/index.php\/wp-json\/wp\/v2\/media?parent=50090"}],"wp:term":[{"taxonomy":"category","embeddable":true,"href":"http:\/\/hoycordobaweb.com\/index.php\/wp-json\/wp\/v2\/categories?post=50090"},{"taxonomy":"post_tag","embeddable":true,"href":"http:\/\/hoycordobaweb.com\/index.php\/wp-json\/wp\/v2\/tags?post=50090"}],"curies":[{"name":"wp","href":"https:\/\/api.w.org\/{rel}","templated":true}]}}