{"id":49990,"date":"2022-10-13T18:59:49","date_gmt":"2022-10-13T18:59:49","guid":{"rendered":"https:\/\/fono.fcm.unc.edu.ar\/?p=9808"},"modified":"2022-10-13T18:59:49","modified_gmt":"2022-10-13T18:59:49","slug":"13-de-octubre-dia-de-las-psicologas-y-los-psicologos","status":"publish","type":"post","link":"http:\/\/hoycordobaweb.com\/index.php\/2022\/10\/13\/13-de-octubre-dia-de-las-psicologas-y-los-psicologos\/","title":{"rendered":"13 de octubre: D\u00eda de las Psic\u00f3logas y los Psic\u00f3logos"},"content":{"rendered":"<h2 class=\"fusion-post-title\">13 de octubre: D\u00eda de las Psic\u00f3logas y los Psic\u00f3logos<\/h2>\n<div class=\"post-content\" readability=\"37\">\n<p><img loading=\"lazy\" class=\"alignright size-fusion-400 wp-image-9809\" src=\"https:\/\/fono.fcm.unc.edu.ar\/wp-content\/uploads\/sites\/14\/2022\/10\/WhatsApp-Image-2022-10-13-at-09.54.22-400x400.jpeg\" alt width=\"400\" height=\"400\" srcset=\"https:\/\/fono.fcm.unc.edu.ar\/wp-content\/uploads\/sites\/14\/2022\/10\/WhatsApp-Image-2022-10-13-at-09.54.22-66x66.jpeg 66w, https:\/\/fono.fcm.unc.edu.ar\/wp-content\/uploads\/sites\/14\/2022\/10\/WhatsApp-Image-2022-10-13-at-09.54.22-150x150.jpeg 150w, https:\/\/fono.fcm.unc.edu.ar\/wp-content\/uploads\/sites\/14\/2022\/10\/WhatsApp-Image-2022-10-13-at-09.54.22-200x200.jpeg 200w, https:\/\/fono.fcm.unc.edu.ar\/wp-content\/uploads\/sites\/14\/2022\/10\/WhatsApp-Image-2022-10-13-at-09.54.22-300x300.jpeg 300w, https:\/\/fono.fcm.unc.edu.ar\/wp-content\/uploads\/sites\/14\/2022\/10\/WhatsApp-Image-2022-10-13-at-09.54.22-400x400.jpeg 400w, https:\/\/fono.fcm.unc.edu.ar\/wp-content\/uploads\/sites\/14\/2022\/10\/WhatsApp-Image-2022-10-13-at-09.54.22-600x600.jpeg 600w, https:\/\/fono.fcm.unc.edu.ar\/wp-content\/uploads\/sites\/14\/2022\/10\/WhatsApp-Image-2022-10-13-at-09.54.22-768x768.jpeg 768w, https:\/\/fono.fcm.unc.edu.ar\/wp-content\/uploads\/sites\/14\/2022\/10\/WhatsApp-Image-2022-10-13-at-09.54.22.jpeg 800w\" sizes=\"(max-width: 400px) 100vw, 400px\">En conmemoraci\u00f3n del&nbsp;Primer Encuentro Nacional de Psic\u00f3logos y Estudiantes de Psicolog\u00eda, el 13 de octubre se celebra el&nbsp;D\u00eda de las Psic\u00f3logas y Psic\u00f3logos en Argentina.<br \/>Saludamos especialmente a quienes trabajan en nuestra Facultad y en nuestra Escuela de Fonoaudiolog\u00eda, la Lic. Luciana Toledo y la Dra. Laura Vanadia.<\/p>\n<\/p><\/div>\n","protected":false},"excerpt":{"rendered":"<p>13 de octubre: D\u00eda de las Psic\u00f3logas y los Psic\u00f3logos En conmemoraci\u00f3n del&nbsp;Primer Encuentro Nacional de Psic\u00f3logos y Estudiantes de Psicolog\u00eda, el 13 de octubre se celebra el&nbsp;D\u00eda de las Psic\u00f3logas y Psic\u00f3logos en Argentina.Saludamos especialmente a quienes trabajan en nuestra Facultad y en nuestra Escuela de Fonoaudiolog\u00eda, la Lic. Luciana Toledo y la Dra. [&hellip;]<\/p>\n","protected":false},"author":1,"featured_media":0,"comment_status":"closed","ping_status":"closed","sticky":false,"template":"","format":"standard","meta":[],"categories":[1],"tags":[],"_links":{"self":[{"href":"http:\/\/hoycordobaweb.com\/index.php\/wp-json\/wp\/v2\/posts\/49990"}],"collection":[{"href":"http:\/\/hoycordobaweb.com\/index.php\/wp-json\/wp\/v2\/posts"}],"about":[{"href":"http:\/\/hoycordobaweb.com\/index.php\/wp-json\/wp\/v2\/types\/post"}],"author":[{"embeddable":true,"href":"http:\/\/hoycordobaweb.com\/index.php\/wp-json\/wp\/v2\/users\/1"}],"replies":[{"embeddable":true,"href":"http:\/\/hoycordobaweb.com\/index.php\/wp-json\/wp\/v2\/comments?post=49990"}],"version-history":[{"count":0,"href":"http:\/\/hoycordobaweb.com\/index.php\/wp-json\/wp\/v2\/posts\/49990\/revisions"}],"wp:attachment":[{"href":"http:\/\/hoycordobaweb.com\/index.php\/wp-json\/wp\/v2\/media?parent=49990"}],"wp:term":[{"taxonomy":"category","embeddable":true,"href":"http:\/\/hoycordobaweb.com\/index.php\/wp-json\/wp\/v2\/categories?post=49990"},{"taxonomy":"post_tag","embeddable":true,"href":"http:\/\/hoycordobaweb.com\/index.php\/wp-json\/wp\/v2\/tags?post=49990"}],"curies":[{"name":"wp","href":"https:\/\/api.w.org\/{rel}","templated":true}]}}