{"id":49930,"date":"2022-10-13T20:35:25","date_gmt":"2022-10-13T20:35:25","guid":{"rendered":"https:\/\/www.trendencias.com\/moda-famosas\/ana-rosa-quintana-apuesta-look-basico-perfecto-camisa-blanca-jeans"},"modified":"2022-10-13T20:35:25","modified_gmt":"2022-10-13T20:35:25","slug":"ana-rosa-quintana-apuesta-por-un-look-basico-perfecto-camisa-blanca-jeans","status":"publish","type":"post","link":"http:\/\/hoycordobaweb.com\/index.php\/2022\/10\/13\/ana-rosa-quintana-apuesta-por-un-look-basico-perfecto-camisa-blanca-jeans\/","title":{"rendered":"Ana Rosa Quintana apuesta por un look b\u00e1sico perfecto: camisa blanca + jeans"},"content":{"rendered":"<p>Dos de los b\u00e1sicos de nuestro armario son las<a href=\"https:\/\/moda.trendencias.com\/tag\/camisa-blanca\"> camisas blancas <\/a>y los<em> jeans. <\/em>Dos prendas eternas que combinadas entre s\u00ed son un acierto seguro y que resultan muy f\u00e1ciles de lucir. Y Ana Rosa Quintana nos ense\u00f1a c\u00f3mo hacerlo con mucho estilo. La periodista ha apostado en su programa por un <em>look<\/em> f\u00e1cil y sencillo, pero simplemente perfecto.<\/p>\n<p><!-- BREAK 1 --><\/p>\n<p><a href=\"https:\/\/www.trendencias.com\/street-style\/nueve-formas-combinar-camisa-blanca-que-hemos-fichado-a-neoyorquinas-para-este-otono-2021\">Combinar una camisa blanca es f\u00e1cil, <\/a>una prenda tan cl\u00e1sica y atemporal que se le puede sacar el m\u00e1ximo partido. Muchas marcas apuestan por esta prenda en sus colecciones cada temporada, un cl\u00e1sico que nunca falla y que siempre se adapta a las tendencias del momento. <a href=\"https:\/\/www.trendencias.com\/propuestas-y-consejos\/siete-outfits-camisa-blanca-que-aprueban-estilistas-pedro-hierro\">Pedro del Hierro tienen tres modelos ideales para lucir siempre.<\/a><\/p>\n<p><!-- BREAK 2 --> <\/p>\n<div class=\"article-asset article-asset-normal article-asset-center\">\n<div class=\"desvio-container\">\n<div class=\"desvio\">\n<div class=\"desvio-figure js-desvio-figure\"> <a href=\"https:\/\/www.trendencias.com\/propuestas-y-consejos\/siete-vestidos-invitada-pedro-hierro-que-perfectos-para-lucir-bodas-otono\"> <img alt=\"Los siete vestidos de invitada de Pedro del Hierro que son perfectos para lucir en las bodas de oto\u00f1o\" src=\"http:\/\/hoycordobaweb.com\/wp-content\/uploads\/2022\/10\/ana-rosa-quintana-apuesta-por-un-look-basico-perfecto-camisa-blanca-jeans.jpg\"> <\/a> <\/div>\n<div class=\"desvio-summary\">\n<div class=\"desvio-taxonomy js-desvio-taxonomy\"> <a href=\"https:\/\/www.trendencias.com\/propuestas-y-consejos\/siete-vestidos-invitada-pedro-hierro-que-perfectos-para-lucir-bodas-otono\" class=\"desvio-taxonomy-anchor\">En Trendencias<\/a> <\/div>\n<p> <a href=\"https:\/\/www.trendencias.com\/propuestas-y-consejos\/siete-vestidos-invitada-pedro-hierro-que-perfectos-para-lucir-bodas-otono\" class=\"desvio-title js-desvio-title\">Los siete vestidos de invitada de Pedro del Hierro que son perfectos para lucir en las bodas de oto\u00f1o<\/a> <\/div><\/div><\/div>\n<\/div>\n<div class=\"article-asset-image article-asset-normal article-asset-center\">\n<div class=\"asset-content\">\n<div class=\"base-wrapper-image\"> <img class=\"sf-lazy centro_sinmarco\" data-sf-srcset=\"http:\/\/hoycordobaweb.com\/wp-content\/uploads\/2022\/10\/ana-rosa-quintana-apuesta-por-un-look-basico-perfecto-camisa-blanca-jeans-1.jpg 450w, http:\/\/hoycordobaweb.com\/wp-content\/uploads\/2022\/10\/ana-rosa-quintana-apuesta-por-un-look-basico-perfecto-camisa-blanca-jeans-10.jpg 681w,http:\/\/hoycordobaweb.com\/wp-content\/uploads\/2022\/10\/ana-rosa-quintana-apuesta-por-un-look-basico-perfecto-camisa-blanca-jeans-11.jpg 1024w, http:\/\/hoycordobaweb.com\/wp-content\/uploads\/2022\/10\/ana-rosa-quintana-apuesta-por-un-look-basico-perfecto-camisa-blanca-jeans-12.jpg 1366w,\" data-sf-src=\"http:\/\/hoycordobaweb.com\/wp-content\/uploads\/2022\/10\/ana-rosa-quintana-apuesta-por-un-look-basico-perfecto-camisa-blanca-jeans-1.jpg\" alt=\"Ana Rosa Quintana\"> <noscript><img alt=\"Ana Rosa Quintana\" class=\"centro_sinmarco\" src=\"http:\/\/hoycordobaweb.com\/wp-content\/uploads\/2022\/10\/ana-rosa-quintana-apuesta-por-un-look-basico-perfecto-camisa-blanca-jeans-1.jpg\"><\/noscript> <\/div><\/div>\n<\/div>\n<p><strong>La camisa blanca queda ideal con vaqueros<\/strong>, tal y como nos ense\u00f1a la periodista. Sin duda es una de sus mejores combinaciones. Un outfit para lucir con tacones si estamos ante una apuesta m\u00e1s sofisticada como con zapatillas si se trata de un <em>outfit<\/em> m\u00e1s informal. Combinar una camisa blanca con vaqueros es todo un acierto porque se encarga de dotar al estilismo de un aspecto m\u00e1s formal tanto en la oficina como en una cena con amigos. Todo depende de los complementos: salones + <em>clutch<\/em> para la noche y botines + maxi bolso por el d\u00eda.<\/p>\n<p><!-- BREAK 3 --><\/p>\n<div class=\"article-asset-image article-asset-normal article-asset-center\">\n<div class=\"asset-content\">\n<div class=\"base-wrapper-image\"> <img class=\"sf-lazy centro_sinmarco\" data-sf-srcset=\"http:\/\/hoycordobaweb.com\/wp-content\/uploads\/2022\/10\/ana-rosa-quintana-apuesta-por-un-look-basico-perfecto-camisa-blanca-jeans-2.jpg 450w, http:\/\/hoycordobaweb.com\/wp-content\/uploads\/2022\/10\/ana-rosa-quintana-apuesta-por-un-look-basico-perfecto-camisa-blanca-jeans-13.jpg 681w,http:\/\/hoycordobaweb.com\/wp-content\/uploads\/2022\/10\/ana-rosa-quintana-apuesta-por-un-look-basico-perfecto-camisa-blanca-jeans-14.jpg 1024w, http:\/\/hoycordobaweb.com\/wp-content\/uploads\/2022\/10\/ana-rosa-quintana-apuesta-por-un-look-basico-perfecto-camisa-blanca-jeans-15.jpg 1366w,\" data-sf-src=\"http:\/\/hoycordobaweb.com\/wp-content\/uploads\/2022\/10\/ana-rosa-quintana-apuesta-por-un-look-basico-perfecto-camisa-blanca-jeans-2.jpg\" alt=\"Ana Rosa Quintana\"> <noscript><img alt=\"Ana Rosa Quintana\" class=\"centro_sinmarco\" src=\"http:\/\/hoycordobaweb.com\/wp-content\/uploads\/2022\/10\/ana-rosa-quintana-apuesta-por-un-look-basico-perfecto-camisa-blanca-jeans-2.jpg\"><\/noscript> <\/div><\/div>\n<\/div>\n<h2>Tres camisas top de Pedro del Hierro<\/h2>\n<div class=\"article-asset-image article-asset-normal article-asset-center\">\n<div class=\"asset-content\">\n<div class=\"base-wrapper-image\"> <img class=\"sf-lazy centro_sinmarco\" data-sf-srcset=\"http:\/\/hoycordobaweb.com\/wp-content\/uploads\/2022\/10\/ana-rosa-quintana-apuesta-por-un-look-basico-perfecto-camisa-blanca-jeans-3.jpg 450w, http:\/\/hoycordobaweb.com\/wp-content\/uploads\/2022\/10\/ana-rosa-quintana-apuesta-por-un-look-basico-perfecto-camisa-blanca-jeans-16.jpg 681w,http:\/\/hoycordobaweb.com\/wp-content\/uploads\/2022\/10\/ana-rosa-quintana-apuesta-por-un-look-basico-perfecto-camisa-blanca-jeans-17.jpg 1024w, http:\/\/hoycordobaweb.com\/wp-content\/uploads\/2022\/10\/ana-rosa-quintana-apuesta-por-un-look-basico-perfecto-camisa-blanca-jeans-18.jpg 1366w,\" data-sf-src=\"http:\/\/hoycordobaweb.com\/wp-content\/uploads\/2022\/10\/ana-rosa-quintana-apuesta-por-un-look-basico-perfecto-camisa-blanca-jeans-3.jpg\" alt=\"pedro del hierro\"> <noscript><img alt=\"pedro del hierro\" class=\"centro_sinmarco\" src=\"http:\/\/hoycordobaweb.com\/wp-content\/uploads\/2022\/10\/ana-rosa-quintana-apuesta-por-un-look-basico-perfecto-camisa-blanca-jeans-3.jpg\"><\/noscript> <\/div><\/div>\n<\/div>\n<p>Camisa de cuello mao con mini volante rematando el cuello y en la botonadura.<\/p>\n<p><!-- PIVOT START --><\/p>\n<div class=\"pivot-ecommerce-container\">\n<div class=\"pivot-ecommerce\" readability=\"2.7\">\n<div class=\"pivot-ecommerce-figure\"> <a href=\"https:\/\/www.trendencias.com\/redirect?url=https%3A%2F%2Fpedrodelhierro.com%2Fes%2Fes%2Fmujer%2Fblusas%2Fblusa-camisera-con-volante%2F6634059.html&amp;category=moda-famosas&amp;pivot=1\"> <img alt=\"Blusa camisera con volante\" src=\"http:\/\/hoycordobaweb.com\/wp-content\/uploads\/2022\/10\/ana-rosa-quintana-apuesta-por-un-look-basico-perfecto-camisa-blanca-jeans-4.jpg\"> <\/a> <\/div>\n<div class=\"pivot-ecommerce-summary\" readability=\"3.15\">\n<p class=\"pivot-ecommerce-desc\">Blusa camisera con volante<\/p>\n<div class=\"pivot-actions js-pivot-actions\">\n<div class=\"pivot-actions-row\"> <a rel=\"nofollow noopener noreferrer\" target=\"_blank\" data-asin data-store=\"Pedro del Hierro\" href=\"https:\/\/www.trendencias.com\/redirect?url=https%3A%2F%2Fpedrodelhierro.com%2Fes%2Fes%2Fmujer%2Fblusas%2Fblusa-camisera-con-volante%2F6634059.html&amp;category=moda-famosas&amp;pivot=1\" title=\"Precio de venta al p\u00fablico a fecha de publicaci\u00f3n\" class=\"pivot-action-primary js-pivot-action\">PVP en Pedro del Hierro 119,00\u20ac<\/a>\n<\/div><\/div><\/div><\/div>\n<\/div>\n<p><!-- PIVOT END --><\/p>\n<div class=\"article-asset-image article-asset-normal article-asset-center\">\n<div class=\"asset-content\">\n<div class=\"base-wrapper-image\"> <img class=\"sf-lazy centro_sinmarco\" data-sf-srcset=\"http:\/\/hoycordobaweb.com\/wp-content\/uploads\/2022\/10\/ana-rosa-quintana-apuesta-por-un-look-basico-perfecto-camisa-blanca-jeans-5.jpg 450w, http:\/\/hoycordobaweb.com\/wp-content\/uploads\/2022\/10\/ana-rosa-quintana-apuesta-por-un-look-basico-perfecto-camisa-blanca-jeans-19.jpg 681w,http:\/\/hoycordobaweb.com\/wp-content\/uploads\/2022\/10\/ana-rosa-quintana-apuesta-por-un-look-basico-perfecto-camisa-blanca-jeans-20.jpg 1024w, http:\/\/hoycordobaweb.com\/wp-content\/uploads\/2022\/10\/ana-rosa-quintana-apuesta-por-un-look-basico-perfecto-camisa-blanca-jeans-21.jpg 1366w,\" data-sf-src=\"http:\/\/hoycordobaweb.com\/wp-content\/uploads\/2022\/10\/ana-rosa-quintana-apuesta-por-un-look-basico-perfecto-camisa-blanca-jeans-5.jpg\" alt=\"camisa blanca de Pedro del Hierro\"> <noscript><img alt=\"camisa blanca de Pedro del Hierro\" class=\"centro_sinmarco\" src=\"http:\/\/hoycordobaweb.com\/wp-content\/uploads\/2022\/10\/ana-rosa-quintana-apuesta-por-un-look-basico-perfecto-camisa-blanca-jeans-5.jpg\"><\/noscript> <\/div><\/div>\n<\/div>\n<p>Camisa blanca confeccionada en popelin de algod\u00f3n, de cuello mao con frunce para dar forma evas\u00e9 a la prenda y manga abullonada terminada en pu\u00f1o con botones.<\/p>\n<p><!-- BREAK 4 --><!-- PIVOT START --><\/p>\n<div class=\"pivot-ecommerce-container\">\n<div class=\"pivot-ecommerce\" readability=\"2.6440677966102\">\n<div class=\"pivot-ecommerce-figure\"> <a href=\"https:\/\/www.trendencias.com\/redirect?url=https%3A%2F%2Fpedrodelhierro.com%2Fes%2Fes%2Fmujer%2Fblusas%2Fbarquillo-blusa-popelin%2F0834371.html&amp;category=moda-famosas&amp;pivot=1\"> <img alt=\"Camisa blanca de popel\u00edn\" src=\"http:\/\/hoycordobaweb.com\/wp-content\/uploads\/2022\/10\/ana-rosa-quintana-apuesta-por-un-look-basico-perfecto-camisa-blanca-jeans-6.jpg\"> <\/a> <\/div>\n<div class=\"pivot-ecommerce-summary\" readability=\"3.0847457627119\">\n<p class=\"pivot-ecommerce-desc\">Camisa blanca de popel\u00edn<\/p>\n<div class=\"pivot-actions js-pivot-actions\">\n<div class=\"pivot-actions-row\"> <a rel=\"nofollow noopener noreferrer\" target=\"_blank\" data-asin data-store=\"Pedro del Hierro\" href=\"https:\/\/www.trendencias.com\/redirect?url=https%3A%2F%2Fpedrodelhierro.com%2Fes%2Fes%2Fmujer%2Fblusas%2Fbarquillo-blusa-popelin%2F0834371.html&amp;category=moda-famosas&amp;pivot=1\" title=\"Precio de venta al p\u00fablico a fecha de publicaci\u00f3n\" class=\"pivot-action-primary js-pivot-action\">PVP en Pedro del Hierro 129,00\u20ac<\/a>\n<\/div><\/div><\/div><\/div>\n<\/div>\n<p><!-- PIVOT END --><\/p>\n<div class=\"article-asset-image article-asset-normal article-asset-center\">\n<div class=\"asset-content\">\n<div class=\"base-wrapper-image\"> <img class=\"sf-lazy centro_sinmarco\" data-sf-srcset=\"http:\/\/hoycordobaweb.com\/wp-content\/uploads\/2022\/10\/ana-rosa-quintana-apuesta-por-un-look-basico-perfecto-camisa-blanca-jeans-7.jpg 450w, http:\/\/hoycordobaweb.com\/wp-content\/uploads\/2022\/10\/ana-rosa-quintana-apuesta-por-un-look-basico-perfecto-camisa-blanca-jeans-22.jpg 681w,http:\/\/hoycordobaweb.com\/wp-content\/uploads\/2022\/10\/ana-rosa-quintana-apuesta-por-un-look-basico-perfecto-camisa-blanca-jeans-23.jpg 1024w, http:\/\/hoycordobaweb.com\/wp-content\/uploads\/2022\/10\/ana-rosa-quintana-apuesta-por-un-look-basico-perfecto-camisa-blanca-jeans-24.jpg 1366w,\" data-sf-src=\"http:\/\/hoycordobaweb.com\/wp-content\/uploads\/2022\/10\/ana-rosa-quintana-apuesta-por-un-look-basico-perfecto-camisa-blanca-jeans-7.jpg\" alt=\"camisa blanca de Pedro del Hierro\"> <noscript><img alt=\"camisa blanca de Pedro del Hierro\" class=\"centro_sinmarco\" src=\"http:\/\/hoycordobaweb.com\/wp-content\/uploads\/2022\/10\/ana-rosa-quintana-apuesta-por-un-look-basico-perfecto-camisa-blanca-jeans-7.jpg\"><\/noscript> <\/div><\/div>\n<\/div>\n<p>Camisa blanca lisa de estilo masculino ideal para combinar con todo tipo de prendas, Un modelo muy vers\u00e1til.<\/p>\n<p><!-- BREAK 5 --><!-- PIVOT START --><\/p>\n<div class=\"pivot-ecommerce-container\">\n<div class=\"pivot-ecommerce\" readability=\"3.7411764705882\">\n<div class=\"pivot-ecommerce-figure\"> <a href=\"https:\/\/www.trendencias.com\/redirect?url=https%3A%2F%2Fpedrodelhierro.com%2Fes%2Fes%2Fmujer%2Fblusas%2Fblusa-camisera-easy-iron%2F6634062.html&amp;category=moda-famosas&amp;pivot=1\"> <img alt=\"Blusa camisera de popelin con tratamiento easy iron.\" src=\"http:\/\/hoycordobaweb.com\/wp-content\/uploads\/2022\/10\/ana-rosa-quintana-apuesta-por-un-look-basico-perfecto-camisa-blanca-jeans-8.jpg\"> <\/a> <\/div>\n<div class=\"pivot-ecommerce-summary\" readability=\"4.3647058823529\">\n<p class=\"pivot-ecommerce-desc\">Blusa camisera de popelin con tratamiento easy iron.<\/p>\n<div class=\"pivot-actions js-pivot-actions\">\n<div class=\"pivot-actions-row\"> <a rel=\"nofollow noopener noreferrer\" target=\"_blank\" data-asin data-store=\"Pedro del Hierro\" href=\"https:\/\/www.trendencias.com\/redirect?url=https%3A%2F%2Fpedrodelhierro.com%2Fes%2Fes%2Fmujer%2Fblusas%2Fblusa-camisera-easy-iron%2F6634062.html&amp;category=moda-famosas&amp;pivot=1\" title=\"Precio de venta al p\u00fablico a fecha de publicaci\u00f3n\" class=\"pivot-action-primary js-pivot-action\">PVP en Pedro del Hierro 62,00\u20ac<\/a>\n<\/div><\/div><\/div><\/div>\n<\/div>\n<p><!-- PIVOT END --><\/p>\n<p><em>Nota: algunos de los enlaces de este art\u00edculo son afiliados y pueden reportar un beneficio a Trendencias<\/em><\/p>\n<p><!-- BREAK 6 --><\/p>\n<p>Fotos | Pedro del Hierro<\/p>\n","protected":false},"excerpt":{"rendered":"<p>Dos de los b\u00e1sicos de nuestro armario son las camisas blancas y los jeans. Dos prendas eternas que combinadas entre s\u00ed son un acierto seguro y que resultan muy f\u00e1ciles de lucir. Y Ana Rosa Quintana nos ense\u00f1a c\u00f3mo hacerlo con mucho estilo. La periodista ha apostado en su programa por un look f\u00e1cil y [&hellip;]<\/p>\n","protected":false},"author":1,"featured_media":49931,"comment_status":"closed","ping_status":"closed","sticky":false,"template":"","format":"standard","meta":[],"categories":[1],"tags":[],"_links":{"self":[{"href":"http:\/\/hoycordobaweb.com\/index.php\/wp-json\/wp\/v2\/posts\/49930"}],"collection":[{"href":"http:\/\/hoycordobaweb.com\/index.php\/wp-json\/wp\/v2\/posts"}],"about":[{"href":"http:\/\/hoycordobaweb.com\/index.php\/wp-json\/wp\/v2\/types\/post"}],"author":[{"embeddable":true,"href":"http:\/\/hoycordobaweb.com\/index.php\/wp-json\/wp\/v2\/users\/1"}],"replies":[{"embeddable":true,"href":"http:\/\/hoycordobaweb.com\/index.php\/wp-json\/wp\/v2\/comments?post=49930"}],"version-history":[{"count":0,"href":"http:\/\/hoycordobaweb.com\/index.php\/wp-json\/wp\/v2\/posts\/49930\/revisions"}],"wp:featuredmedia":[{"embeddable":true,"href":"http:\/\/hoycordobaweb.com\/index.php\/wp-json\/wp\/v2\/media\/49931"}],"wp:attachment":[{"href":"http:\/\/hoycordobaweb.com\/index.php\/wp-json\/wp\/v2\/media?parent=49930"}],"wp:term":[{"taxonomy":"category","embeddable":true,"href":"http:\/\/hoycordobaweb.com\/index.php\/wp-json\/wp\/v2\/categories?post=49930"},{"taxonomy":"post_tag","embeddable":true,"href":"http:\/\/hoycordobaweb.com\/index.php\/wp-json\/wp\/v2\/tags?post=49930"}],"curies":[{"name":"wp","href":"https:\/\/api.w.org\/{rel}","templated":true}]}}