{"id":49924,"date":"2022-10-13T13:34:55","date_gmt":"2022-10-13T13:34:55","guid":{"rendered":"https:\/\/www.mujerhoy.com\/moda\/no-te-pierdas\/manuela-villena-mejor-vestida-besamanos-dia-hispanidad-look-invitada-perfecto-vestido-lila-made-in-spain-20221013111806-nt.html"},"modified":"2022-10-13T13:34:55","modified_gmt":"2022-10-13T13:34:55","slug":"ni-la-reina-letizia-ni-ayuso-la-mejor-vestida-del-besamanos-fue-manuela-villena-y-su-especial-vestido-de-invitada","status":"publish","type":"post","link":"http:\/\/hoycordobaweb.com\/index.php\/2022\/10\/13\/ni-la-reina-letizia-ni-ayuso-la-mejor-vestida-del-besamanos-fue-manuela-villena-y-su-especial-vestido-de-invitada\/","title":{"rendered":"Ni la reina Letizia ni Ayuso, la mejor vestida del besamanos fue Manuela Villena y su especial vestido de invitada"},"content":{"rendered":"<p><!-- AUTHOR --><!-- COMPONENTS --><\/p>\n<p class=\"voc-paragraph\">Aunque en <strong>el D\u00eda de la Hispanidad<\/strong>, <a data-voc-vtm-id=\"in-text-traffic\" href=\"https:\/\/www.mujerhoy.com\/celebrities\/realeza\/letizia-ortiz-reina-espana-looks-dia-hispanidad-detalles-fotos-20211011132311-ga.html\" target=\"_blank\" rel=\"noopener noreferrer\">los looks que lleva la reina Letizia<\/a> son los absolutos protagonistas y suelen ser nombrado como el mejor de ese acto, lo cierto es que este a\u00f1o no ha sido as\u00ed. La monarca escogi\u00f3<br \/>\n<a data-voc-vtm-id=\"in-text-traffic\" href=\"https:\/\/www.mujerhoy.com\/moda\/no-te-pierdas\/reina-letizia-vestido-midi-lunares-dia-hispanidad-desfile-12-octubre-look-elegante-rejuvenece-favorecedor-20221012111839-nt.html\" target=\"_blank\" rel=\"noopener noreferrer\"> un vestido de lunares<\/a> con el que estaba ideal y muy favorecida, pero no termin\u00f3 de calar y hubieron otras mujeres que dieron la talla y consiguieron superar a la monarca.\n<\/p>\n<p class=\"voc-paragraph\">Parece que la reina Letizia ha dicho el adi\u00f3 definitivo a Felipe Varela para esta cita y ha optado por lucir looks de firmas espa\u00f1olas m\u00e1s peque\u00f1as y prendas m\u00e1s sencillas y no tan elaboradas. Un hecho que ha provocado que sus estilismos no destaquen tanto como antes y que otras mujeres consigan llevarse el premio a la mejor vestida del D\u00eda de la Fiesta Nacional.\n<\/p>\n<p class=\"voc-paragraph\">Ayer, fueron varias las pol\u00edticas que sacaron sus mejores armas para deslumbrar en el acto, pero tambi\u00e9n el el besamanos. <strong>Isabel D\u00edaz Ayuso<\/strong> fue una de las m\u00e1s destacadas gracias a un precioso vestido azul el\u00e9ctrico de Victoria e <strong>Irene Montero<\/strong> sac\u00f3 su versi\u00f3n m\u00e1s elegante luciendo un elegante vestido de Bimani.\n<\/p>\n<div class=\"voc-detail__cmp\" readability=\"6.5\">\n<div class=\"voc-photo-combo-three fw-xs\" readability=\"8\">\n<p class=\"figure-caption\"><span class=\"voc-photo-caption\">La reina Letizia, Isabel D\u00edaz Ayuso e Irene Montero. \/ <\/span><span class=\"voc-photo-author\">GTRES<\/span><\/p>\n<\/div>\n<\/div>\n<p class=\"voc-paragraph\">Sin embargo, fueron otros dos rostros menos conocidos, los que de verdad cumplieron a la perfecci\u00f3n el protocolo, se mostraron muy favorecidas ye scogieron dise\u00f1os bonitos, sofisticados y con detalles especiales que les hicieron sobresalir por encima del resto:<br \/>\n<strong> Lidia Bedman y Manuela Villena<\/strong>.\n<\/p>\n<p class=\"voc-paragraph\">La mujer de Santiago Abascal se coloc\u00f3 entre las mejor vestidas gracias a este precioso dise\u00f1o de<br \/>\n<strong> Silvia Fern\u00e1ndez Atelier<\/strong>. Un vestido rosa palo de largo midi y fit ajustado que estab aprotagonizado por el aplique de unas flores 3D en uno de los hombros.\n<\/p>\n<p class=\"voc-paragraph\">Era un vestido de manga francesa, con mangas fruncidas en el hombro muy marcado y que, al parecer, fue hecho a medida para que Lidia lo llevara en exclusiva en esta ocasi\u00f3n. Lo combin\u00f3 con un &#8216;clutch&#8217; y salones en color nude y estaba espectacular.\n<\/p>\n<div class=\"voc-detail-photo-zoom\"><picture data-toggle=\"modal\" data-target=\"#photoZoomModal-522\" target=\"modal\">\n<div class=\"voc-img-icon-link\"><img loading=\"lazy\" data-original=\"\/\/static.mujerhoy.com\/www\/multimedia\/202210\/13\/media\/cortadas\/manuela-villena-look-besamanos-kMHE--460x637@MujerHoy.jpg\" class=\"lazy\" alt=\"Manuela Villena llev\u00f3 un vestido de Pertegaz. \/ GTRES\"><noscript><img src=\"http:\/\/hoycordobaweb.com\/wp-content\/uploads\/2022\/10\/ni-la-reina-letizia-ni-ayuso-la-mejor-vestida-del-besamanos-fue-manuela-villena-y-su-especial-vestido-de-invitada.jpg\" alt=\"Manuela Villena llev\u00f3 un vestido de Pertegaz. \/ GTRES\"><\/noscript><i class=\"voc-icons zoom voc-multimedia-box voc-ico-l\"><\/i><\/div><figcaption class=\"figure-caption\">Manuela Villena llev\u00f3 un vestido de Pertegaz. \/ GTRES<\/figcaption><\/picture><\/div>\n<div id=\"photoZoomModal-522\" class=\"voc-lightbox modal fade voc-lightbox--photo-zoom\" role=\"dialog\" data-voc-photozoom-lightbox>\n<div class=\"voc-lightbox__dialog\" role=\"document\">\n<div class=\"voc-lightbox__content\"><!-- Modal header --><!-- Modal content --><\/p>\n<div class=\"voc-lightbox__photo-container\"><picture class><img loading=\"lazy\" data-original=\"\/\/static.mujerhoy.com\/www\/multimedia\/202210\/13\/media\/cortadas\/manuela-villena-look-besamanos-kMHE--460x637@MujerHoy.jpg\" alt=\"Manuela Villena llev\u00f3 un vestido de Pertegaz. \/ GTRES\" class=\"lazy\"><noscript><img src=\"http:\/\/hoycordobaweb.com\/wp-content\/uploads\/2022\/10\/ni-la-reina-letizia-ni-ayuso-la-mejor-vestida-del-besamanos-fue-manuela-villena-y-su-especial-vestido-de-invitada.jpg\" alt=\"Manuela Villena llev\u00f3 un vestido de Pertegaz. \/ GTRES\"><\/noscript><\/picture><\/div>\n<\/div>\n<\/div>\n<\/div>\n<p class=\"voc-paragraph\">Pero nuestra favorita fue, sin ninguna duda, <strong>Manuela Villena<\/strong>. Y no solo por lo bonito que era el vestido escogido, sino por los detalles escondidos en \u00e9l. La mujer de Juanma Moreno, actual presidente de la Junta de Andaluc\u00eda, fue la mejor vestida gracias a un vestido lila de <strong>Pertegaz<\/strong>.\n<\/p>\n<div class=\"voc-detail__cmp\">\n<div class=\"voc-article-container\">\n<article class=\"voc-article voc-article--cmp-video\" readability=\"26\">\n<div class=\"voc-img-container \" readability=\"7\"><picture><\/picture>\n<p class=\"figure-caption \"><span class=\"voc-gallery-type\"><i class=\"voc-icons video\"><\/i> V\u00eddeo. <\/span> Looks de invitada que hemos visto en Instagram <span class=\"voc-photo-author\"><\/span><\/p>\n<\/div>\n<\/article>\n<\/div>\n<\/div>\n<p class=\"voc-paragraph\">Y se trataba de un vestido que pertenece a la <strong>colecci\u00f3n de la firma que est\u00e1 inspirada en la Alhambra<\/strong>. Y es que, Manuela es de Granada y, al parecer, ha querido hacer un homenaje a su tierra con este precioso vestido midi y de manga larga que estab aprotagonizado por un bordado floral.\n<\/p>\n<p class=\"voc-paragraph\">Pero no es un <strong>bordado <\/strong>cualquiera, y es que es un detalle que est\u00e1 realizado con la misma t\u00e9cnica con la que se hacen los mantones de Manila. Espectacular, \u00bfverdad? Manuela lo combin\u00f3 con unos salones en el mismo color del vestido y un bolso de mano r\u00edgido beige. \u00a1Espectacular!\n<\/p>\n<p><!-- TOPICS --><\/p>\n","protected":false},"excerpt":{"rendered":"<p>Aunque en el D\u00eda de la Hispanidad, los looks que lleva la reina Letizia son los absolutos protagonistas y suelen ser nombrado como el mejor de ese acto, lo cierto es que este a\u00f1o no ha sido as\u00ed. La monarca escogi\u00f3 un vestido de lunares con el que estaba ideal y muy favorecida, pero no [&hellip;]<\/p>\n","protected":false},"author":1,"featured_media":49925,"comment_status":"closed","ping_status":"closed","sticky":false,"template":"","format":"standard","meta":[],"categories":[1],"tags":[],"_links":{"self":[{"href":"http:\/\/hoycordobaweb.com\/index.php\/wp-json\/wp\/v2\/posts\/49924"}],"collection":[{"href":"http:\/\/hoycordobaweb.com\/index.php\/wp-json\/wp\/v2\/posts"}],"about":[{"href":"http:\/\/hoycordobaweb.com\/index.php\/wp-json\/wp\/v2\/types\/post"}],"author":[{"embeddable":true,"href":"http:\/\/hoycordobaweb.com\/index.php\/wp-json\/wp\/v2\/users\/1"}],"replies":[{"embeddable":true,"href":"http:\/\/hoycordobaweb.com\/index.php\/wp-json\/wp\/v2\/comments?post=49924"}],"version-history":[{"count":0,"href":"http:\/\/hoycordobaweb.com\/index.php\/wp-json\/wp\/v2\/posts\/49924\/revisions"}],"wp:featuredmedia":[{"embeddable":true,"href":"http:\/\/hoycordobaweb.com\/index.php\/wp-json\/wp\/v2\/media\/49925"}],"wp:attachment":[{"href":"http:\/\/hoycordobaweb.com\/index.php\/wp-json\/wp\/v2\/media?parent=49924"}],"wp:term":[{"taxonomy":"category","embeddable":true,"href":"http:\/\/hoycordobaweb.com\/index.php\/wp-json\/wp\/v2\/categories?post=49924"},{"taxonomy":"post_tag","embeddable":true,"href":"http:\/\/hoycordobaweb.com\/index.php\/wp-json\/wp\/v2\/tags?post=49924"}],"curies":[{"name":"wp","href":"https:\/\/api.w.org\/{rel}","templated":true}]}}