{"id":49922,"date":"2022-10-13T20:59:42","date_gmt":"2022-10-13T20:59:42","guid":{"rendered":"https:\/\/www.ole.com.ar\/futbol-internacional\/jugadores-argentinos-europa-league-conference-partidos-resultados-goles_0_PLRoONIx2v.html"},"modified":"2022-10-13T20:59:42","modified_gmt":"2022-10-13T20:59:42","slug":"el-uno-por-uno-de-los-argentinos-en-europa-league-y-conference-league","status":"publish","type":"post","link":"http:\/\/hoycordobaweb.com\/index.php\/2022\/10\/13\/el-uno-por-uno-de-los-argentinos-en-europa-league-y-conference-league\/","title":{"rendered":"El uno por uno de los argentinos en Europa League y Conference League"},"content":{"rendered":"<p><img src=\"http:\/\/hoycordobaweb.com\/wp-content\/uploads\/2022\/10\/el-uno-por-uno-de-los-argentinos-en-europa-league-y-conference-league.jpg\"><\/p>\n<p>A menos de 40 d\u00edas para que comience el <a data-cke-saved-href=\"https:\/\/www.ole.com.ar\/tema\/mundial-de-qatar-2022.html\" target=\"_blank\" href=\"https:\/\/www.ole.com.ar\/tema\/mundial-de-qatar-2022.html\" rel=\"noopener noreferrer\"><strong>Mundial de Qatar 2022<\/strong><\/a>, los equipos europeos est\u00e1n jugando partidos fundamentales para el desarrollo de la temporada. El calendario tuvo que apretarse por la Copa del Mundo, que se juega en una \u00e9poca del a\u00f1o at\u00edpica, y los clasificados a la siguiente instancia de la <a data-cke-saved-href=\"https:\/\/www.ole.com.ar\/futbol-internacional\/europa-league\/\" target=\"_blank\" href=\"https:\/\/www.ole.com.ar\/futbol-internacional\/europa-league\/\" rel=\"noopener noreferrer\"><strong>UEFA&nbsp;Europa League<\/strong><\/a> y <a data-cke-saved-href=\"https:\/\/www.ole.com.ar\/tema\/conference-league.html\" target=\"_blank\" href=\"https:\/\/www.ole.com.ar\/tema\/conference-league.html\" rel=\"noopener noreferrer\"><strong>Conference League<\/strong><\/a> se definir\u00e1n a principios de noviembre. Este jueves <strong>hubo mucha acci\u00f3n para los argentinos que juegan en Europa&#8230; \u00bfC\u00f3mo les fue?<\/strong><\/p>\n<div class=\"sp__SM\">\n<div class=\"content-new \">\n<span class=\"tit-mobile\">Mir\u00e1 tambi\u00e9n<\/span><\/p>\n<div class=\"mg\">\n<div class=\"wrap-figure\">\n<picture>\n<a href=\"https:\/\/www.ole.com.ar\/ecuador\/internacional\/europa-league-gol-insolito-arquero-pelotazo-defensor-companero_0_9K8jjcqnwE.html\" target=\"_self\" rel=\"noopener noreferrer\"><br \/>\n<img class=\"img-responsive\" alt=\"Video: el arquero le peg\u00f3 un pelotazo a su compa\u00f1ero y termin\u00f3 en gol\" src=\"http:\/\/hoycordobaweb.com\/wp-content\/uploads\/2022\/10\/el-uno-por-uno-de-los-argentinos-en-europa-league-y-conference-league-2.jpg\" loading=\"lazy\"><br \/>\n<\/a>\n<\/picture>\n<\/div>\n<\/div><\/div>\n<\/div>\n<div class=\"sp__SM\">\n<div class=\"content-new \">\n<span class=\"tit-mobile\">Mir\u00e1 tambi\u00e9n<\/span><\/p>\n<div class=\"mg\">\n<div class=\"wrap-figure\">\n<picture>\n<a href=\"https:\/\/www.ole.com.ar\/futbol-internacional\/europa-league\/betis-pezzella-europaleague-clasifico_0_xdxheuHozu.html\" target=\"_self\" rel=\"noopener noreferrer\"><br \/>\n<img class=\"img-responsive\" alt=\"Pezzella titular en la clasificaci\u00f3n del Betis\" src=\"http:\/\/hoycordobaweb.com\/wp-content\/uploads\/2022\/10\/el-uno-por-uno-de-los-argentinos-en-europa-league-y-conference-league-3.jpg\" loading=\"lazy\"><br \/>\n<\/a>\n<\/picture>\n<\/div>\n<\/div><\/div>\n<\/div>\n<h2><strong>EUROPA LEAGUE<\/strong><\/h2>\n<p><mark><strong>MANCHESTER UNITED VS. OMONIA NICOSIA<\/strong><\/mark><\/p>\n<p>Despu\u00e9s de imponerse por 3 a 2 en Israel, el Manchester United volvi\u00f3 a enfrentarse con Omonia Nicosia, pero esta vez el duelo fue en Old Trafford. <strong>El equipo de Erik ten Hag gan\u00f3 por 1 a 0 con un tanto de&nbsp;Scott McTominay (90+3&#8242;) y&nbsp;fue titular&nbsp;Lisandro Mart\u00ednez, mientras que&nbsp;Alejandro Garnacho vio el partido desde el banco de suplentes<\/strong>. Con este resultado, los Diablos Rojos se mantuvieron en la segunda posici\u00f3n del Grupo E con nueves puntos, quedando a tres de la Real Sociedad.<\/p>\n<div class=\"sp__Normal\">\n<div class=\"image-embeb image-trigger\" readability=\"6\">\n<picture><source media=\"(min-width: 720px)\" srcset=\"http:\/\/hoycordobaweb.com\/wp-content\/uploads\/2022\/10\/el-uno-por-uno-de-los-argentinos-en-europa-league-y-conference-league-4.jpg\"><img itemprop=\"image\" src=\"http:\/\/hoycordobaweb.com\/wp-content\/uploads\/2022\/10\/el-uno-por-uno-de-los-argentinos-en-europa-league-y-conference-league-4.jpg\" loading=\"lazy\" alt=\"En el equipo de Erik ten Hag fue titular Lisandro Mart\u00ednez (Foto: EFE).\">\n<\/picture><figcaption readability=\"2\">\n<p>En el equipo de Erik ten Hag fue titular Lisandro Mart\u00ednez (Foto: EFE).\n<\/p>\n<\/figcaption><\/div>\n<\/div>\n<div class=\"sp__Normal\">\n<div class=\"image-embeb image-trigger\" readability=\"6\">\n<picture><source media=\"(min-width: 720px)\" srcset=\"http:\/\/hoycordobaweb.com\/wp-content\/uploads\/2022\/10\/el-uno-por-uno-de-los-argentinos-en-europa-league-y-conference-league-5.jpg\"><img itemprop=\"image\" src=\"http:\/\/hoycordobaweb.com\/wp-content\/uploads\/2022\/10\/el-uno-por-uno-de-los-argentinos-en-europa-league-y-conference-league-5.jpg\" loading=\"lazy\" alt=\"En el equipo de Erik ten Hag fue titular Lisandro Mart\u00ednez (Foto: AFP).\">\n<\/picture><figcaption readability=\"2\">\n<p>En el equipo de Erik ten Hag fue titular Lisandro Mart\u00ednez (Foto: AFP).\n<\/p>\n<\/figcaption><\/div>\n<\/div>\n<p><mark><strong>REAL BETIS VS. ROMA<\/strong><\/mark><\/p>\n<p>Sin contar con Paulo Dybala, el equipo de&nbsp;Jos\u00e9 Mourinho no consigui\u00f3 ganar y se complica. En el&nbsp;Estadio Benito Villamar\u00edn, la Roma igual\u00f3 ante Real Betis por 1 a 1 con goles de&nbsp;Sergio Canales (34&#8242;) y&nbsp;Andrea Belotti (53&#8242;). En el conjunto dirigido por&nbsp;Manuel Pellegrini <strong>fue titular&nbsp;Germ\u00e1n Pezzella, mientras que&nbsp;Guido Rodr\u00edguez ingres\u00f3 en el segundo tiempo cuando faltaban 10 minutos para el final<\/strong>. Con este resultado, los espa\u00f1oles quedaron primeros con 10 puntos, mientras que los italianos est\u00e1n terceros del Grupo C con cuatro unidades.<\/p>\n<div class=\"sp__Normal\">\n<div class=\"image-embeb image-trigger\" readability=\"6\">\n<picture><source media=\"(min-width: 720px)\" srcset=\"http:\/\/hoycordobaweb.com\/wp-content\/uploads\/2022\/10\/el-uno-por-uno-de-los-argentinos-en-europa-league-y-conference-league-6.jpg\"><img itemprop=\"image\" src=\"http:\/\/hoycordobaweb.com\/wp-content\/uploads\/2022\/10\/el-uno-por-uno-de-los-argentinos-en-europa-league-y-conference-league-6.jpg\" loading=\"lazy\" alt=\"Germ\u00e1n Pezzella marcando a Tammy Abraham (Foto: EFE).\">\n<\/picture><figcaption readability=\"2\">\n<p>Germ\u00e1n Pezzella marcando a Tammy Abraham (Foto: EFE).\n<\/p>\n<\/figcaption><\/div>\n<\/div>\n<p><span><span><b>PSV VS. ZURICH<\/b><\/span><\/span><\/p>\n<p>En el&nbsp;Philips Stadion, PSV recibi\u00f3 a&nbsp;Zurich y se impusieron por 5 a 0 con goles del mexicano&nbsp;Erick Guti\u00e9rrez (9&#8242;), el neerland\u00e9s Joey Veerman (15&#8242; y 55&#8242;) el marfile\u00f1o Ibrahim Sangare (34&#8242;) y el neerland\u00e9s Anwar El Ghazi (84&#8242;). <strong>En el equipo dirigido por&nbsp;Ruud van Nistelrooy fue titular el arquero&nbsp;Walter Ben\u00edtez<\/strong>. Con este resultado quedaron segundo del Grupo A con siete unidades, a dos del Arsenal. Cabe recordar que deben un partido correspondiente a la segunda jornada ante el conjunto ingl\u00e9s, el cual se suspendi\u00f3 por la muerte de la Reina Isabel II.<\/p>\n<p><mark><strong>LUDOGORETS VS. HJK<\/strong><\/mark><\/p>\n<p>En el&nbsp;Huvepharma Arena,&nbsp;Ludogorets recibi\u00f3 a&nbsp;HJK y se impusieron por 2 a 0 con un tanto de&nbsp;Danny Gruper (38&#8242;) y otro de Rick (64&#8242;). <strong>En el equipo b\u00falgaro fue titular&nbsp;Mat\u00edas Tissera<\/strong>, ex Newell&#8217;s, Quilmes, Independiente Rivadavia y Platense. Con este resultado superaron a la Roma y quedaron segundos en el Grupo C con siete puntos, a tres del Real Betis.<\/p>\n<p><mark><strong>LAZIO VS. STURM GRAZ<\/strong><\/mark><\/p>\n<p>En el&nbsp;Estadio Ol\u00edmpico de Roma, Lazio se enfrent\u00f3 ante Sturm Graz e igualaron por 2 a 2 con goles de Ciro Immobile (45&#8242;), William Boving Vick (56&#8242; y 83&#8242;) y Pedro (71&#8242;).<strong> En el equipo dirigido por&nbsp;Maurizio Sarri fue suplente&nbsp;Luka Romero y no tuvo minutos<\/strong>. Con este resultado quedaron terceros del Grupo F con cinco unidades, empatados con el&nbsp;Feyenoord y el&nbsp;Midtjylland.<\/p>\n<div class=\"sp__SM\">\n<div class=\"content-new \">\n<span class=\"tit-mobile\">Mir\u00e1 tambi\u00e9n<\/span><\/p>\n<div class=\"mg\">\n<div class=\"wrap-figure\">\n<picture>\n<a href=\"https:\/\/www.ole.com.ar\/futbol-internacional\/harry-kane-qatar-advertencia_0_stMxSzJz2a.html\" target=\"_self\" rel=\"noopener noreferrer\"><br \/>\n<img class=\"img-responsive\" alt=\"Advertencia para Harry Kane: &quot;El Mundial no es lugar para declaraciones pol\u00edticas&quot;\" src=\"http:\/\/hoycordobaweb.com\/wp-content\/uploads\/2022\/10\/el-uno-por-uno-de-los-argentinos-en-europa-league-y-conference-league-7.jpg\" loading=\"lazy\"><br \/>\n<\/a>\n<\/picture>\n<\/div>\n<\/div><\/div>\n<\/div>\n<h2><strong>CONFERENCE LEAGUE<\/strong><\/h2>\n<p><mark><strong>AUSTRIA VIENA VS. VILLARREAL<\/strong><\/mark><\/p>\n<p>En el&nbsp;Generali-Arena, el Villarreal derrot\u00f3 a Austria Viena por 1 a 0 con un tanto del senegal\u00e9s&nbsp;Nicolas Jackson cuando faltaban tres minutos para el final. <strong>En el equipo dirigido por&nbsp;Unai Emery fue titular&nbsp;Giovani Lo Celso, que fue reemplazado a los 33 del segundo tiempo<\/strong>. Por otro lado,&nbsp;<strong>Ger\u00f3nimo Rulli fue suplente y en su lugar jug\u00f3 Pepe Reina<\/strong>. Con este triunfo, los espa\u00f1oles quedaron primeros con 12 puntos y ya se aseguraron el primer puesto del Grupo C.<\/p>\n<div class=\"sp__Normal\">\n<div class=\"image-embeb image-trigger\" readability=\"6\">\n<picture><source media=\"(min-width: 720px)\" srcset=\"http:\/\/hoycordobaweb.com\/wp-content\/uploads\/2022\/10\/el-uno-por-uno-de-los-argentinos-en-europa-league-y-conference-league-8.jpg\"><img itemprop=\"image\" src=\"http:\/\/hoycordobaweb.com\/wp-content\/uploads\/2022\/10\/el-uno-por-uno-de-los-argentinos-en-europa-league-y-conference-league-8.jpg\" loading=\"lazy\" alt=\"En el equipo dirigido por Unai Emery fue titular Giovani Lo Celso (Foto: EFE).\">\n<\/picture><figcaption readability=\"2\">\n<p>En el equipo dirigido por Unai Emery fue titular Giovani Lo Celso (Foto: EFE).\n<\/p>\n<\/figcaption><\/div>\n<\/div>\n<div class=\"sp__Normal\">\n<div class=\"image-embeb image-trigger\" readability=\"6\">\n<picture><source media=\"(min-width: 720px)\" srcset=\"http:\/\/hoycordobaweb.com\/wp-content\/uploads\/2022\/10\/el-uno-por-uno-de-los-argentinos-en-europa-league-y-conference-league-9.jpg\"><img itemprop=\"image\" src=\"http:\/\/hoycordobaweb.com\/wp-content\/uploads\/2022\/10\/el-uno-por-uno-de-los-argentinos-en-europa-league-y-conference-league-9.jpg\" loading=\"lazy\" alt=\"En el equipo dirigido por Unai Emery fue titular Giovani Lo Celso (Foto: AP).\">\n<\/picture><figcaption readability=\"2\">\n<p>En el equipo dirigido por Unai Emery fue titular Giovani Lo Celso (Foto: AP).\n<\/p>\n<\/figcaption><\/div>\n<\/div>\n<p><mark><strong>FIORENTINA VS. HEARTS<\/strong><\/mark><\/p>\n<p>En el&nbsp;Estadio Artemio Franchi, la Fiorentina gole\u00f3 a Hearts por 5 a 1 con goles del serbio&nbsp;Luka Jovic (5&#8242;), el italiano Cristiano Biraghi (22&#8242;), el argentino&nbsp;<strong>Nicol\u00e1s Gonz\u00e1lez (31&#8242; y 79&#8242;)<\/strong> y el checo&nbsp;Antonin Barak (38&#8242;). Con este resultado, la Viola qued\u00f3 segundo en el Grupo A con siete puntos, a tres del&nbsp;Basaksehir.<\/p>\n<div class=\"sp__Normal\">\n<div class=\"image-embeb image-trigger\" readability=\"6\">\n<picture><source media=\"(min-width: 720px)\" srcset=\"http:\/\/hoycordobaweb.com\/wp-content\/uploads\/2022\/10\/el-uno-por-uno-de-los-argentinos-en-europa-league-y-conference-league-10.jpg\"><img itemprop=\"image\" src=\"http:\/\/hoycordobaweb.com\/wp-content\/uploads\/2022\/10\/el-uno-por-uno-de-los-argentinos-en-europa-league-y-conference-league-10.jpg\" loading=\"lazy\" alt=\"Nicol\u00e1s Gonz\u00e1lez anot\u00f3 el segundo de penal (Foto: REUTERS).\">\n<\/picture><figcaption readability=\"2\">\n<p>Nicol\u00e1s Gonz\u00e1lez anot\u00f3 el segundo de penal (Foto: REUTERS).\n<\/p>\n<\/figcaption><\/div>\n<\/div>\n<p><mark><strong>WEST HAM VS. ANDERLECHT<\/strong><\/mark><\/p>\n<p>En el&nbsp;London Stadium, el&nbsp;West Ham derrot\u00f3 al&nbsp;Anderlecht por 2 a 1 con goles del argelino&nbsp;Said Benrahma (14&#8242;) y el ingl\u00e9s&nbsp;Jarrod Bowen (30&#8242;). <strong>En el equipo dirigido por&nbsp;David Moyes fue titular&nbsp;Manuel Lanzini<\/strong>. Con este resultado, el equipo ingl\u00e9s qued\u00f3 primero del Grupo B con 12 puntos y se asegur\u00f3 el primer puesto.<\/p>\n<p><mark><strong>BASAKSEHIR VS. RFS<\/strong><\/mark><\/p>\n<p>En el&nbsp;Estadio Basaksehir Fatih Terim, <strong>el&nbsp;Basaksehir del argentino&nbsp;Lucas Biglia se impuso sobre el RFS por 3 a 0<\/strong> con goles de&nbsp;Deniz T\u00fcr\u00fc\u00e7 (11&#8242;) y&nbsp;Stefano Okaka (45&#8242; y 72&#8242;). Con este resultado, el equipo turco qued\u00f3 primero del Grupo A con 10 puntos, tres m\u00e1s que la Fiorentina. Adem\u00e1s, ya se aseguraron la clasificaci\u00f3n a la siguiente instancia.<\/p>\n<p><mark><strong>ZALGIRIS VS. PYUNIK<\/strong><\/mark><\/p>\n<p>En el&nbsp;LFF Stadionas, el&nbsp;Zalgiris derrot\u00f3 a&nbsp;Pyunik por 2 a 1 con goles de&nbsp;Fabien Ourega (23&#8242;),&nbsp;Renan Oliveira (42&#8242;) y&nbsp;Aras \u00d6zbiliz (78&#8242;). <strong>En el equipo lituano fue titular el argentino&nbsp;Nicol\u00e1s Gorobsov<\/strong>, que en el pa\u00eds solamente jug\u00f3 en el&nbsp;Atl\u00e9tico Paran\u00e1. El resto de su carrera la hizo en Europa.<\/p>\n<p><mark><strong>APOLLON VS. AZ<\/strong><\/mark><\/p>\n<p>En el&nbsp;GSP Stadium, el&nbsp;Apollon recibi\u00f3 al&nbsp;AZ Alkmaar y dio la sorpresa al imponerse por 1 a 0 con un gol de&nbsp;Valentin Roberge a los 32 minutos del primer tiempo. <strong>En el equipo de Chipre ingres\u00f3 desde el banco de suplentes el argentino&nbsp;Israel Coll<\/strong>, ex Sarmiento, Ferro y Central C\u00f3rdoba.<\/p>\n<div class=\"sp__SM\">\n<div class=\"content-new \">\n<span class=\"tit-mobile\">Mir\u00e1 tambi\u00e9n<\/span><\/p>\n<div class=\"mg\">\n<div class=\"wrap-figure\">\n<picture>\n<a href=\"https:\/\/www.ole.com.ar\/futbol-internacional\/europa-league\/james-rodriguez-marcelo-olympiacos-europa_0_JXbmphRWvx.html\" target=\"_self\" rel=\"noopener noreferrer\"><br \/>\n<img class=\"img-responsive\" alt=\"Duro rev\u00e9s para James Rodr\u00edguez y Marcelo en Grecia\" src=\"http:\/\/hoycordobaweb.com\/wp-content\/uploads\/2022\/10\/el-uno-por-uno-de-los-argentinos-en-europa-league-y-conference-league-11.jpg\" loading=\"lazy\"><br \/>\n<\/a>\n<\/picture>\n<\/div>\n<\/div><\/div>\n<\/div>\n<div class=\"sp__SM\">\n<div class=\"content-new \">\n<span class=\"tit-mobile\">Mir\u00e1 tambi\u00e9n<\/span><\/p>\n<div class=\"mg\">\n<div class=\"wrap-figure\">\n<picture>\n<a href=\"https:\/\/www.ole.com.ar\/futbol-internacional\/yerry-mina-everton-premier-inter-milan_0_boOoLiw79r.html\" target=\"_self\" rel=\"noopener noreferrer\"><br \/>\n<img class=\"img-responsive\" alt=\"\u00bfChau Premier? Yerry Mina suena en un grande de Europa\" src=\"http:\/\/hoycordobaweb.com\/wp-content\/uploads\/2022\/10\/el-uno-por-uno-de-los-argentinos-en-europa-league-y-conference-league-12.jpg\" loading=\"lazy\"><br \/>\n<\/a>\n<\/picture>\n<\/div>\n<\/div><\/div>\n<\/div>\n<div class=\"sp__SM\">\n<div class=\"content-new no-img\">\n<span class=\"tit-mobile\">Mir\u00e1 tambi\u00e9n<\/span> <\/div>\n<\/div>\n<div class=\"entry-tags\">\n<h2>TEMAS QUE APARECEN EN ESTA NOTA<\/h2>\n<\/p><\/div>\n","protected":false},"excerpt":{"rendered":"<p>A menos de 40 d\u00edas para que comience el Mundial de Qatar 2022, los equipos europeos est\u00e1n jugando partidos fundamentales para el desarrollo de la temporada. El calendario tuvo que apretarse por la Copa del Mundo, que se juega en una \u00e9poca del a\u00f1o at\u00edpica, y los clasificados a la siguiente instancia de la UEFA&nbsp;Europa [&hellip;]<\/p>\n","protected":false},"author":1,"featured_media":49923,"comment_status":"open","ping_status":"closed","sticky":false,"template":"","format":"standard","meta":[],"categories":[16],"tags":[],"_links":{"self":[{"href":"http:\/\/hoycordobaweb.com\/index.php\/wp-json\/wp\/v2\/posts\/49922"}],"collection":[{"href":"http:\/\/hoycordobaweb.com\/index.php\/wp-json\/wp\/v2\/posts"}],"about":[{"href":"http:\/\/hoycordobaweb.com\/index.php\/wp-json\/wp\/v2\/types\/post"}],"author":[{"embeddable":true,"href":"http:\/\/hoycordobaweb.com\/index.php\/wp-json\/wp\/v2\/users\/1"}],"replies":[{"embeddable":true,"href":"http:\/\/hoycordobaweb.com\/index.php\/wp-json\/wp\/v2\/comments?post=49922"}],"version-history":[{"count":0,"href":"http:\/\/hoycordobaweb.com\/index.php\/wp-json\/wp\/v2\/posts\/49922\/revisions"}],"wp:featuredmedia":[{"embeddable":true,"href":"http:\/\/hoycordobaweb.com\/index.php\/wp-json\/wp\/v2\/media\/49923"}],"wp:attachment":[{"href":"http:\/\/hoycordobaweb.com\/index.php\/wp-json\/wp\/v2\/media?parent=49922"}],"wp:term":[{"taxonomy":"category","embeddable":true,"href":"http:\/\/hoycordobaweb.com\/index.php\/wp-json\/wp\/v2\/categories?post=49922"},{"taxonomy":"post_tag","embeddable":true,"href":"http:\/\/hoycordobaweb.com\/index.php\/wp-json\/wp\/v2\/tags?post=49922"}],"curies":[{"name":"wp","href":"https:\/\/api.w.org\/{rel}","templated":true}]}}