{"id":4982,"date":"2020-11-11T01:30:00","date_gmt":"2020-11-11T01:30:00","guid":{"rendered":"https:\/\/www.perfil.com\/noticias\/actualidad\/la-cgt-manifesto-preocupacion-tras-conocer-la-nueva-formula-de-movilidad-jubilatoria.phtml"},"modified":"2020-11-11T01:30:00","modified_gmt":"2020-11-11T01:30:00","slug":"la-cgt-manifesto-preocupacion-por-la-nueva-formula-de-movilidad-jubilatoria","status":"publish","type":"post","link":"http:\/\/hoycordobaweb.com\/index.php\/2020\/11\/11\/la-cgt-manifesto-preocupacion-por-la-nueva-formula-de-movilidad-jubilatoria\/","title":{"rendered":"La CGT manifest\u00f3 \u00abpreocupaci\u00f3n\u00bb por la nueva f\u00f3rmula de movilidad jubilatoria"},"content":{"rendered":"<p><img src=\"http:\/\/hoycordobaweb.com\/wp-content\/uploads\/2020\/11\/la-cgt-manifesto-preocupacion-por-la-nueva-formula-de-movilidad-jubilatoria.jpg\"><\/p>\n<aside class=\"relatedPost\">\n<h3>Noticias Relacionadas<\/h3>\n<\/aside>\n<p>El <strong><a target=\"_blank\" href=\"http:\/\/www.perfil.com\/tags\/cgt\" rel=\"noopener noreferrer\">Consejo Directivo de la CGT<\/a> <\/strong>expres\u00f3, mediante un <strong>comunicado interino<\/strong>, preocupaci\u00f3n por las \u00abmedidas gubernamentales que exteriorizar\u00edan restricciones presupuestarias\u00bb.&nbsp;<\/p>\n<p>El documento llev\u00f3 el nombre de <strong>\u201cLa Pandemia no termin\u00f3\u201d<\/strong>. En el mismo,&nbsp;la central obrera reconoci\u00f3 el&nbsp;\u201c<strong>esfuerzo compartido<\/strong> entre el Estado, los trabajadores, jubilados, beneficiarios de planes sociales y empresas, para<a target=\"_blank\" href=\"https:\/\/www.perfil.com\/noticias\/actualidad\/joseph-stiglitz-la-segunda-ola-sera-peor-y-hara-mas-dificil-la-recuperacion-economica.phtml\" rel=\"noopener noreferrer\"> transitar la pandemia<\/a>\u201d. En otro de los apartados de la pieza comunicativa, volvi\u00f3 a hacer \u00e9nfasis en el enorme sacrificio que dichos actores han hecho&nbsp;para sostener el empleo en pos de evitar&nbsp;<a target=\"_blank\" href=\"https:\/\/www.perfil.com\/noticias\/opinion\/pobreza-hay-que-ir-mas-alla-de-aliviar-los-efectos-de-la-pandemia.phtml\" rel=\"noopener noreferrer\">\u201cprofundizar a\u00fan m\u00e1s la desigualdad social<\/a>\u201d.<\/p>\n<p>Seg\u00fan informaci\u00f3n recabada por&nbsp;la agencia de noticias <em>NA<\/em>, en el mismo comunicado <a target=\"_blank\" href=\"https:\/\/www.perfil.com\/noticias\/politica\/hugo-moyano-convoco-caravana-obelisco.phtml\" rel=\"noopener noreferrer\">el sindicato&nbsp;liderado por Hugo Moyano<\/a>&nbsp;plasm\u00f3&nbsp;la necesidad de&nbsp;de <strong>mantenerse unidos<\/strong> durante<a target=\"_blank\" href=\"https:\/\/www.perfil.com\/noticias\/economia\/un-742-de-los-trabajadores-piensa-que-la-situacion-economica-del-pais-sera-peor.phtml\" rel=\"noopener noreferrer\"> la situaci\u00f3n de crisis econ\u00f3mica que atraviesa la Argentina<\/a>. \u00abEntre todos hemos construido una red de contenci\u00f3n que evit\u00f3 el colapso social en los momentos m\u00e1s cr\u00edticos\u00bb, afirm\u00f3 la CGT<\/p>\n<div>\n<figure class=\"image\"><img alt=\"CGT Comunicado sobre Movilidad Jubilatoria\" src=\"http:\/\/hoycordobaweb.com\/wp-content\/uploads\/2020\/11\/la-cgt-manifesto-preocupacion-por-la-nueva-formula-de-movilidad-jubilatoria-2.jpg\"><figcaption>El comunicado redactado por la CGT en referencia a la nueva f\u00f3rmula de movilidad jubilatoria<\/figcaption><\/figure>\n<\/div>\n<p>Adem\u00e1s, y respecto del intento por parte del <strong>Gobierno Nacional<\/strong> de reactivar la econom\u00eda, opin\u00f3 que \u00abHoy, con la pandemia en curso, con la econom\u00eda empezando a moverse, con muchos sectores de actividad todav\u00eda impedidos de funcionar y con las secuelas econ\u00f3micas y sociales a costa, no es posible desarmar el andamiaje social y econ\u00f3mico construido con tanto esfuerzo y garantizar que <strong>el cambio de f\u00f3rmula de actualizaci\u00f3n jubilatoria <\/strong>no perjudique a los beneficiarios del<a target=\"_blank\" href=\"https:\/\/www.perfil.com\/noticias\/economia\/jubilaciones-la-redistribucion-camino-para-garantizar-los-minimos-sociales.phtml\" rel=\"noopener noreferrer\"> sistema previsional<\/a>\u00ab.<\/p>\n<p>La propuesta en cuesti\u00f3n tiene como antecedente directo lo establecido en la <strong>ley 26.417<\/strong>, vigente desde el a\u00f1o <strong>2008<\/strong> hasta su posterior derogaci\u00f3n en <strong>2017<\/strong>. Sus elementos constitutivos b\u00e1sicos eran los salarios y la recaudaci\u00f3n en un porcentaje del<strong> 50%<\/strong> respectivamente.&nbsp;<\/p>\n<p class=\"destacadoNota\">\u00abNo es posible desarmar el andamiaje social y econ\u00f3mico construido y garantizar el cambio de f\u00f3rmula de actualizaci\u00f3n jubilatoria sin perjudicar a los beneficiarios del sistema provisional\u00bb<\/p>\n<p>El comunicado&nbsp;finaliza evidenciando la intenci\u00f3n del sindicato de querer acordar con los empresarios \u201cmedidas extraordinarias para sostener el ingreso de los trabajadores\u201d al igual que la renovaci\u00f3n de&nbsp; \u201cConvenios Colectivos de Trabajo en las condiciones m\u00e1s cr\u00edticas\u201d&nbsp; y garantizar \u00abla paz social en <strong>los momentos m\u00e1s dif\u00edciles<\/strong>\u00ab. En \u00faltima instancia, el organismo obrero demostr\u00f3 estar abierto al di\u00e1logo con el objetivo ayudar en&nbsp;la transici\u00f3n hacia la nueva normalidad.<\/p>\n<p>NA \/ JFG \/ DS<\/p>\n","protected":false},"excerpt":{"rendered":"<p>Noticias Relacionadas El Consejo Directivo de la CGT expres\u00f3, mediante un comunicado interino, preocupaci\u00f3n por las \u00abmedidas gubernamentales que exteriorizar\u00edan restricciones presupuestarias\u00bb.&nbsp; El documento llev\u00f3 el nombre de \u201cLa Pandemia no termin\u00f3\u201d. En el mismo,&nbsp;la central obrera reconoci\u00f3 el&nbsp;\u201cesfuerzo compartido entre el Estado, los trabajadores, jubilados, beneficiarios de planes sociales y empresas, para transitar la [&hellip;]<\/p>\n","protected":false},"author":1,"featured_media":4983,"comment_status":"closed","ping_status":"closed","sticky":false,"template":"","format":"standard","meta":[],"categories":[1],"tags":[],"_links":{"self":[{"href":"http:\/\/hoycordobaweb.com\/index.php\/wp-json\/wp\/v2\/posts\/4982"}],"collection":[{"href":"http:\/\/hoycordobaweb.com\/index.php\/wp-json\/wp\/v2\/posts"}],"about":[{"href":"http:\/\/hoycordobaweb.com\/index.php\/wp-json\/wp\/v2\/types\/post"}],"author":[{"embeddable":true,"href":"http:\/\/hoycordobaweb.com\/index.php\/wp-json\/wp\/v2\/users\/1"}],"replies":[{"embeddable":true,"href":"http:\/\/hoycordobaweb.com\/index.php\/wp-json\/wp\/v2\/comments?post=4982"}],"version-history":[{"count":0,"href":"http:\/\/hoycordobaweb.com\/index.php\/wp-json\/wp\/v2\/posts\/4982\/revisions"}],"wp:featuredmedia":[{"embeddable":true,"href":"http:\/\/hoycordobaweb.com\/index.php\/wp-json\/wp\/v2\/media\/4983"}],"wp:attachment":[{"href":"http:\/\/hoycordobaweb.com\/index.php\/wp-json\/wp\/v2\/media?parent=4982"}],"wp:term":[{"taxonomy":"category","embeddable":true,"href":"http:\/\/hoycordobaweb.com\/index.php\/wp-json\/wp\/v2\/categories?post=4982"},{"taxonomy":"post_tag","embeddable":true,"href":"http:\/\/hoycordobaweb.com\/index.php\/wp-json\/wp\/v2\/tags?post=4982"}],"curies":[{"name":"wp","href":"https:\/\/api.w.org\/{rel}","templated":true}]}}