{"id":49705,"date":"2022-10-08T12:27:30","date_gmt":"2022-10-08T12:27:30","guid":{"rendered":"https:\/\/ladecimaweb.com\/?p=14707"},"modified":"2022-10-08T12:27:30","modified_gmt":"2022-10-08T12:27:30","slug":"el-hermano-del-hincha-de-gimnasia-muerto-culpo-a-la-policia-lo-mato-la-represion","status":"publish","type":"post","link":"http:\/\/hoycordobaweb.com\/index.php\/2022\/10\/08\/el-hermano-del-hincha-de-gimnasia-muerto-culpo-a-la-policia-lo-mato-la-represion\/","title":{"rendered":"El hermano del hincha de Gimnasia muerto culp\u00f3 a la Polic\u00eda: \u201cLo mat\u00f3 la represi\u00f3n\u201d"},"content":{"rendered":"<div class=\"boldgrid-section\">\n<div class=\"container\">\n<div class=\"row\">\n<div class=\"col-md-12 col-xs-12 col-sm-12\">\n<p class=\"\"><em>(NA)<\/em> <strong>Juan Domingo, hermano de C\u00e9sar Gustavo Regueiro,<a href=\"https:\/\/noticiasargentinas.com\/deportes\/noche-negra-en-la-plata-murio-un-hincha-por-los-incidentes-con-la-policia\" target=\"_blank\" rel=\"noopener noreferrer\">el hincha de Gimnasia que muri\u00f3<\/a><\/strong><span>&nbsp;<\/span>durante los incidentes con la Polic\u00eda bonaerense en las inmediaciones del estadio durante el&nbsp;partido frente a Boca<strong>, culp\u00f3 a los efectivos<\/strong><span>&nbsp;<\/span>por lo acontecido al&nbsp;asegurar que &#8220;lo mat\u00f3 la represi\u00f3n policial&#8221;.<\/p>\n<p class=\"\"><strong>&#8220;Fue una pesadilla que nunca me la voy a sacar de la cabeza.<\/strong><span>&nbsp;<\/span>Yo&nbsp;estaba con mi hermano en la cancha, fuimos a alentar a Gimnasia&nbsp;porque somos fan\u00e1ticos, lo seguimos a todos lados,&nbsp;damos la vida por Gimnasia&#8221;, relat\u00f3 en medio de las lagrimas Juan&nbsp;Domingo en di\u00e1logo con TN.<\/p>\n<p><strong>&#8220;Mi hermano era una persona de bien, que jam\u00e1s hizo da\u00f1o,<\/strong><span>&nbsp;<\/span>mi&nbsp;hermano era deportista, jug\u00f3 en Gimnasia, campe\u00f3n en Gimnasia, en&nbsp;Villa San Carlos, Tolosano\u2026 Mi hermano ense\u00f1aba f\u00fatbol a los&nbsp;chicos,<span>&nbsp;<\/span><strong>era un pan de Dios, me lo arrebat\u00f3 la polic\u00eda&#8221;<\/strong>, expres\u00f3.<\/p>\n<p class=\"\">Adem\u00e1s,<span>&nbsp;<\/span><strong>el hombre relat\u00f3 que su hermano falleci\u00f3 en los brazos&nbsp;de su hija<\/strong>: &#8220;Cuando nosotros salimos de la cancha est\u00e1bamos con mi&nbsp;hija, con sus dos nietitos y con su hija. \u00c9l se muere en brazos de&nbsp;la hija.<strong><span>&nbsp;<\/span>A mi hermano le pegaron un garrotazo, algo le hicieron&nbsp;porque tiene la cabeza lastimada&#8221;<\/strong>, destac\u00f3.<\/p>\n<p>&#8220;Los nietos vieron morir a mi hermano. Decime, \u00bfQu\u00e9 psic\u00f3logo,&nbsp;qu\u00e9 doctor va a curar el dolor a ese nieto que no va a ver m\u00e1s a&nbsp;su abuelo? \u00bfQui\u00e9n nos va a solucionar esto? Nadie. Se tienen que&nbsp;hacer cargo las autoridades, pagar, porque nosotros pagamos la&nbsp;entrada, nosotros fuimos a ver un partido de f\u00fatbol, no a que me&nbsp;maten a mi hermano&#8221;, agreg\u00f3.<\/p>\n<p>El hombre revel\u00f3 que su hermano recib\u00eda asistencia m\u00e9dica&nbsp;cuando la polic\u00eda comenz\u00f3 a reprimir a los simpatizantes de&nbsp;Gimnasia: &#8220;Que quede claro que a mi hermano, cuando lo tiran al&nbsp;piso,<span>&nbsp;<\/span><strong>empiezan a reprimir al doctor, se asusta y sale corriendo<\/strong>. Y&nbsp;apenas sale corriendo el doctor,<strong><span>&nbsp;<\/span>le tiran dos gases a mi hermano&nbsp;al lado y mi hermano se termina de morir. Est\u00e1 todo filmado eso&#8221;.<\/strong><\/p>\n<p class=\"\">&#8220;No lo dejan ayudarlo porque cuando mi sobrina le est\u00e1 tratando&nbsp;de hacer RCP, se acerca el m\u00e9dico y le empiezan a tirar balas de&nbsp;goma. Cuando el m\u00e9dico se asusta, sale corriendo y le tiran un gas&nbsp;al lado de mi hermano, y ah\u00ed mi hermano se termin\u00f3 de morir&#8221;,&nbsp;revel\u00f3 conmocionado.<\/p>\n<p><strong>&#8220;Lo mata la Polic\u00eda a mi hermano, que conste que a mi hermano&nbsp;lo mat\u00f3 la Polic\u00eda.<\/strong><span>&nbsp;<\/span>La hinchada de Gimnasia en ning\u00fan momento ech\u00f3&nbsp;a los m\u00e9dicos, al contrario, todos trataban de huir porque era una&nbsp;locura&#8221;, sentenci\u00f3.<\/p>\n<p class=\"\">\n<div class=\"ubm_banner\"><a href=\"https:\/\/www.cba.gov.ar\" target=\"_blank\" rel=\"dofollow noopener noreferrer\"><img src=\"http:\/\/hoycordobaweb.com\/wp-content\/uploads\/2022\/10\/el-hermano-del-hincha-de-gimnasia-muerto-culpo-a-la-policia-lo-mato-la-represion.gif\" alt=\"\"><\/a><\/div>\n<\/div>\n<\/div>\n<\/div>\n<\/div>\n<p>La entrada <a rel=\"nofollow\" href=\"https:\/\/ladecimaweb.com\/el-hermano-del-hincha-de-gimnasia-muerto-culpo-a-la-policia-lo-mato-la-represion\/\">El hermano del hincha de Gimnasia muerto culp\u00f3 a la Polic\u00eda: &#8220;Lo mat\u00f3 la represi\u00f3n&#8221;<\/a> se public\u00f3 primero en <a rel=\"nofollow\" href=\"https:\/\/ladecimaweb.com\">LaDecima<\/a>.<\/p>\n","protected":false},"excerpt":{"rendered":"<p>(NA) Juan Domingo, hermano de C\u00e9sar Gustavo Regueiro,el hincha de Gimnasia que muri\u00f3&nbsp;durante los incidentes con la Polic\u00eda bonaerense en las inmediaciones del estadio durante el&nbsp;partido frente a Boca, culp\u00f3 a los efectivos&nbsp;por lo acontecido al&nbsp;asegurar que &#8220;lo mat\u00f3 la represi\u00f3n policial&#8221;. &#8220;Fue una pesadilla que nunca me la voy a sacar de la cabeza.&nbsp;Yo&nbsp;estaba [&hellip;]<\/p>\n","protected":false},"author":1,"featured_media":49706,"comment_status":"closed","ping_status":"closed","sticky":false,"template":"","format":"standard","meta":[],"categories":[16,19],"tags":[],"_links":{"self":[{"href":"http:\/\/hoycordobaweb.com\/index.php\/wp-json\/wp\/v2\/posts\/49705"}],"collection":[{"href":"http:\/\/hoycordobaweb.com\/index.php\/wp-json\/wp\/v2\/posts"}],"about":[{"href":"http:\/\/hoycordobaweb.com\/index.php\/wp-json\/wp\/v2\/types\/post"}],"author":[{"embeddable":true,"href":"http:\/\/hoycordobaweb.com\/index.php\/wp-json\/wp\/v2\/users\/1"}],"replies":[{"embeddable":true,"href":"http:\/\/hoycordobaweb.com\/index.php\/wp-json\/wp\/v2\/comments?post=49705"}],"version-history":[{"count":0,"href":"http:\/\/hoycordobaweb.com\/index.php\/wp-json\/wp\/v2\/posts\/49705\/revisions"}],"wp:featuredmedia":[{"embeddable":true,"href":"http:\/\/hoycordobaweb.com\/index.php\/wp-json\/wp\/v2\/media\/49706"}],"wp:attachment":[{"href":"http:\/\/hoycordobaweb.com\/index.php\/wp-json\/wp\/v2\/media?parent=49705"}],"wp:term":[{"taxonomy":"category","embeddable":true,"href":"http:\/\/hoycordobaweb.com\/index.php\/wp-json\/wp\/v2\/categories?post=49705"},{"taxonomy":"post_tag","embeddable":true,"href":"http:\/\/hoycordobaweb.com\/index.php\/wp-json\/wp\/v2\/tags?post=49705"}],"curies":[{"name":"wp","href":"https:\/\/api.w.org\/{rel}","templated":true}]}}