{"id":49662,"date":"2022-10-09T00:08:23","date_gmt":"2022-10-09T00:08:23","guid":{"rendered":"https:\/\/www.ole.com.ar\/opinion\/ortigoza-san-lorenzo-velez_0_FEP041FQmx.html"},"modified":"2022-10-09T00:08:23","modified_gmt":"2022-10-09T00:08:23","slug":"mi-unico-heroe","status":"publish","type":"post","link":"http:\/\/hoycordobaweb.com\/index.php\/2022\/10\/09\/mi-unico-heroe\/","title":{"rendered":"Mi \u00fanico h\u00e9roe"},"content":{"rendered":"<p><img src=\"http:\/\/hoycordobaweb.com\/wp-content\/uploads\/2022\/10\/mi-unico-heroe.jpg\"><\/p>\n<p><strong>Gordo, te merec\u00e9s todo.<\/strong> Ser bello remate de ese ol\u00e9ol\u00e9ol\u00e9 que son\u00f3 de nuevo en el Bidegain. Y ser tambi\u00e9n grito de gol de ese bello remate, de nuevo, como siempre. Como en aquella tarde gris de 2012 o en la noche inolvidable del eterno 13 de agosto de 2014.<\/p>\n<p><strong>Vos le pusiste el alma, la vida y la gracia de tu pie derecho a San Lorenzo.<\/strong> En la mala, en la excelente, en la brava. Y as\u00ed te transformaste en hijo adoptivo de este nido.<\/p>\n<p><strong>Gordo, sos romance. Sos potrero<\/strong>. H\u00e9roe de f\u00fatbol sin capa ni slim fit: alcanza esa 20 en la camiseta para que nos sintamos arropados. Como ayer, hoy y quiz\u00e1s ma\u00f1ana. El futuro, en cualquier caso, depender\u00e1 de lo que decidas vos: s\u00f3lo espero que si te vas, sepan comprender que tu despedida -como la de Torri, otro de los pr\u00f3ceres modernos- merece estar a la altura de tu gran historia. Con respeto. Con honores. <strong>Para retribuir, de alg\u00fan modo, todo lo que nos has dado con un \u00faltimo aplauso que te llegue a los t\u00edmpanos y al coraz\u00f3n.<\/strong><\/p>\n<p>Gracias, Gordo. Nos hiciste sonre\u00edr, con ganas de salir a estampar cualquier remera con la 20 en la espalda y salir a caminar por la calle orgullosos no s\u00f3lo por ser de San Lorenzo, <strong>sino porque adem\u00e1s&nbsp;tenemos a Ortigoza.<\/strong><\/p>\n<p>Gracias por el gol de la Promo.<\/p>\n<p>Gracias por aquel festejo de Libertadores.<\/p>\n<p>Gracias por jugarte la piel.<\/p>\n<p>Gracias por ese festejo. Y el de mis hijos, que con vos gritaron por primera vez un gol de San Lorenzo.<\/p>\n<p>Gracias por lo que nos vayas a dar.<\/p>\n<p><strong>Porque San Lorenzo necesita de tipos as\u00ed.<\/strong> Que dejen la piel de cuervo. Comprometidos. Que entiendan como vos el f\u00fatbol. Que sepan c\u00f3mo poner el pie pero tambi\u00e9n cu\u00e1ndo poner el cuerpo.<\/p>\n<p>En estas \u00e9pocas, las victorias suman s\u00f3lo para el cr\u00e9dito an\u00edmico. Para lo que vendr\u00e1. Para ese proyecto \u00edntimo que tenemos de volver a ver a <strong>San Lorenzo<\/strong> ganando algo m\u00e1s que un par de partidos.<\/p>\n<p>Queremos a un San Lorenzo ganador, gane quien gane en las urnas. Y s\u00f3lo lo haremos con tipos como vos, Gordo, que nos hiciste merecer tanto&#8230;<\/p>\n<div class=\"sp__SM\">\n<div class=\"content-new \">\n<span class=\"tit-mobile\">Mir\u00e1 tambi\u00e9n<\/span><\/p>\n<div class=\"mg\">\n<div class=\"wrap-figure\">\n<picture>\n<a href=\"https:\/\/www.ole.com.ar\/futbol-primera\/cacique-medina-velez_0_p2lJSoYCRJ.html\" target=\"_self\" rel=\"noopener noreferrer\"><br \/>\n<img class=\"img-responsive\" alt=\"Cacique Medina: &quot;San Lorenzo no merec\u00eda el triunfo&quot; y palito a Merlos\" src=\"http:\/\/hoycordobaweb.com\/wp-content\/uploads\/2022\/10\/mi-unico-heroe-2.jpg\" loading=\"lazy\"><br \/>\n<\/a>\n<\/picture>\n<\/div>\n<\/div><\/div>\n<\/div>\n<div class=\"sp__SM\">\n<div class=\"content-new \">\n<span class=\"tit-mobile\">Mir\u00e1 tambi\u00e9n<\/span><\/p>\n<div class=\"mg\">\n<div class=\"wrap-figure\">\n<picture>\n<a href=\"https:\/\/www.ole.com.ar\/san-lorenzo\/penal-ortigoza-ruben-insua-san-lorenzo_0_spJYLP1vJe.html\" target=\"_self\" rel=\"noopener noreferrer\"><br \/>\n<img class=\"img-responsive\" alt=\"La confesi\u00f3n de Insua sobre el penal ag\u00f3nico de Ortigoza\" src=\"http:\/\/hoycordobaweb.com\/wp-content\/uploads\/2022\/10\/mi-unico-heroe-3.jpg\" loading=\"lazy\"><br \/>\n<\/a>\n<\/picture>\n<\/div>\n<\/div><\/div>\n<\/div>\n<div class=\"sp__SM\">\n<div class=\"content-new \">\n<span class=\"tit-mobile\">Mir\u00e1 tambi\u00e9n<\/span><\/p>\n<div class=\"mg\">\n<div class=\"wrap-figure\">\n<picture>\n<a href=\"https:\/\/www.ole.com.ar\/independiente\/reunion-dirigencia-independiente-futbol_0_RZq8VOxVhb.html\" target=\"_self\" rel=\"noopener noreferrer\"><br \/>\n<img class=\"img-responsive\" alt=\"Independiente: reuni\u00f3n clave de la dirigencia y definiciones\" src=\"http:\/\/hoycordobaweb.com\/wp-content\/uploads\/2022\/10\/mi-unico-heroe-4.jpg\" loading=\"lazy\"><br \/>\n<\/a>\n<\/picture>\n<\/div>\n<\/div><\/div>\n<\/div>\n<div class=\"entry-tags\">\n<h2>TEMAS QUE APARECEN EN ESTA NOTA<\/h2>\n<\/p><\/div>\n","protected":false},"excerpt":{"rendered":"<p>Gordo, te merec\u00e9s todo. Ser bello remate de ese ol\u00e9ol\u00e9ol\u00e9 que son\u00f3 de nuevo en el Bidegain. Y ser tambi\u00e9n grito de gol de ese bello remate, de nuevo, como siempre. Como en aquella tarde gris de 2012 o en la noche inolvidable del eterno 13 de agosto de 2014. Vos le pusiste el alma, [&hellip;]<\/p>\n","protected":false},"author":1,"featured_media":49663,"comment_status":"open","ping_status":"closed","sticky":false,"template":"","format":"standard","meta":[],"categories":[16],"tags":[],"_links":{"self":[{"href":"http:\/\/hoycordobaweb.com\/index.php\/wp-json\/wp\/v2\/posts\/49662"}],"collection":[{"href":"http:\/\/hoycordobaweb.com\/index.php\/wp-json\/wp\/v2\/posts"}],"about":[{"href":"http:\/\/hoycordobaweb.com\/index.php\/wp-json\/wp\/v2\/types\/post"}],"author":[{"embeddable":true,"href":"http:\/\/hoycordobaweb.com\/index.php\/wp-json\/wp\/v2\/users\/1"}],"replies":[{"embeddable":true,"href":"http:\/\/hoycordobaweb.com\/index.php\/wp-json\/wp\/v2\/comments?post=49662"}],"version-history":[{"count":0,"href":"http:\/\/hoycordobaweb.com\/index.php\/wp-json\/wp\/v2\/posts\/49662\/revisions"}],"wp:featuredmedia":[{"embeddable":true,"href":"http:\/\/hoycordobaweb.com\/index.php\/wp-json\/wp\/v2\/media\/49663"}],"wp:attachment":[{"href":"http:\/\/hoycordobaweb.com\/index.php\/wp-json\/wp\/v2\/media?parent=49662"}],"wp:term":[{"taxonomy":"category","embeddable":true,"href":"http:\/\/hoycordobaweb.com\/index.php\/wp-json\/wp\/v2\/categories?post=49662"},{"taxonomy":"post_tag","embeddable":true,"href":"http:\/\/hoycordobaweb.com\/index.php\/wp-json\/wp\/v2\/tags?post=49662"}],"curies":[{"name":"wp","href":"https:\/\/api.w.org\/{rel}","templated":true}]}}