{"id":49658,"date":"2022-10-09T00:45:40","date_gmt":"2022-10-09T00:45:40","guid":{"rendered":"https:\/\/www.ole.com.ar\/banfield\/banfield-regreso_0_AIVBGQn4Bq.html"},"modified":"2022-10-09T00:45:40","modified_gmt":"2022-10-09T00:45:40","slug":"oficial-sanguinetti-regresa-a-banfield","status":"publish","type":"post","link":"http:\/\/hoycordobaweb.com\/index.php\/2022\/10\/09\/oficial-sanguinetti-regresa-a-banfield\/","title":{"rendered":"Oficial: Sanguinetti regresa a Banfield"},"content":{"rendered":"<p><img src=\"http:\/\/hoycordobaweb.com\/wp-content\/uploads\/2022\/10\/oficial-sanguinetti-regresa-a-banfield.jpg\"><\/p>\n<p>\u00ab\u00a1De nuevo en Casa!\u00bb. As\u00ed, Banfield le dio la bienvenida a un viejo conocido. Se trata de<mark><strong> Javier Sanguinetti, que este s\u00e1bado fue confirmado como nuevo DT de la instituci\u00f3n.<\/strong><\/mark> Ser\u00e1 su segundo ciclo, con un contrato por dos a\u00f1os.&nbsp;<\/p>\n<div class=\"sp__SM\">\n<div class=\"content-new \">\n<span class=\"tit-mobile\">Mir\u00e1 tambi\u00e9n<\/span><\/p>\n<div class=\"mg\">\n<div class=\"wrap-figure\">\n<picture>\n<a href=\"https:\/\/www.ole.com.ar\/futbol-primera\/union-arsenal-gol-offside-luna-diale_0_cJPMowjPAX.html\" target=\"_self\" rel=\"noopener noreferrer\"><br \/>\n<img class=\"img-responsive\" alt=\"El gol de Uni\u00f3n fue en offside\" src=\"http:\/\/hoycordobaweb.com\/wp-content\/uploads\/2022\/10\/oficial-sanguinetti-regresa-a-banfield-2.jpg\" loading=\"lazy\"><br \/>\n<\/a>\n<\/picture>\n<\/div>\n<\/div><\/div>\n<\/div>\n<div class=\"sp__Normal\">\n<div class=\"image-embeb image-trigger\" readability=\"6\">\n<picture><source media=\"(min-width: 720px)\" srcset=\"http:\/\/hoycordobaweb.com\/wp-content\/uploads\/2022\/10\/oficial-sanguinetti-regresa-a-banfield-3.jpg\"><img itemprop=\"image\" src=\"http:\/\/hoycordobaweb.com\/wp-content\/uploads\/2022\/10\/oficial-sanguinetti-regresa-a-banfield-3.jpg\" loading=\"lazy\" alt=\"Sanguinetti regresa a Banfield.\">\n<\/picture><figcaption readability=\"2\">\n<p>Sanguinetti regresa a Banfield.\n<\/p>\n<\/figcaption><\/div>\n<\/div>\n<p>Luego de la salida de Claudio Vivas (28 partidos en los que acumul\u00f3 ocho triunfos, 11 empates y nueve derrotas), la dirigencia del Taladro recurri\u00f3 a un hombre muy querido, vinculado sentimentalmente con el club (campe\u00f3n como jugador). Su primera incursi\u00f3n hab\u00eda sido&nbsp;de mayor a menor, desde la reanudaci\u00f3n del f\u00fatbol en la pandemia hasta octubre del a\u00f1o pasado: <strong>finalista de la Copa Diego Maradona, acceso a la Copa Sudamericana 2022 y salida en la fecha 17 de la anterior Liga Profesional<\/strong>. <mark>Un total de 46 partidos, con 17 victorias, 17 empates y 12 derrotas.<\/mark><\/p>\n<div class=\"sp__SM\">\n<div class=\"content-new \">\n<span class=\"tit-mobile\">Mir\u00e1 tambi\u00e9n<\/span><\/p>\n<div class=\"mg\">\n<div class=\"wrap-figure\">\n<picture>\n<a href=\"https:\/\/www.ole.com.ar\/opinion\/ortigoza-san-lorenzo-velez_0_FEP041FQmx.html\" target=\"_self\" rel=\"noopener noreferrer\"><br \/>\n<img class=\"img-responsive\" alt=\"Mi \u00fanico h\u00e9roe\" src=\"http:\/\/hoycordobaweb.com\/wp-content\/uploads\/2022\/10\/oficial-sanguinetti-regresa-a-banfield-4.jpg\" loading=\"lazy\"><br \/>\n<\/a>\n<\/picture>\n<\/div>\n<\/div><\/div>\n<\/div>\n<p><strong>Banfield, actualmente con 26 puntos en la tabla, jugar\u00e1 este domingo ante Gimnasia de local (15.30<\/strong>). Y el mi\u00e9rcoles visitar\u00e1 a Aldosivi en Mar del Plata, tambi\u00e9n por la Liga Profesional. Posiblemente, \u00e9se sea el debut de Javier. <\/p>\n<div class=\"sp__SM\">\n<div class=\"content-new \">\n<span class=\"tit-mobile\">Mir\u00e1 tambi\u00e9n<\/span><\/p>\n<div class=\"mg\">\n<div class=\"wrap-figure\">\n<picture>\n<a href=\"https:\/\/www.ole.com.ar\/gimnasia-y-esgrima\/gimnasia-banfield_0_iFhXCHiWBP.html\" target=\"_self\" rel=\"noopener noreferrer\"><br \/>\n<img class=\"img-responsive\" alt=\"Gimnasia ante Banfield y espera por su gente\" src=\"http:\/\/hoycordobaweb.com\/wp-content\/uploads\/2022\/10\/oficial-sanguinetti-regresa-a-banfield-5.jpg\" loading=\"lazy\"><br \/>\n<\/a>\n<\/picture>\n<\/div>\n<\/div><\/div>\n<\/div>\n<p>Hay que recordar que el equipo <mark><strong>del Sur del GBA est\u00e1 en semifinales de la Copa Argentina, donde deber\u00e1 jugar contra Talleres.&nbsp;<\/strong><\/mark><\/p>\n<div class=\"sp__SM\">\n<div class=\"content-new \">\n<span class=\"tit-mobile\">Mir\u00e1 tambi\u00e9n<\/span><\/p>\n<div class=\"mg\">\n<div class=\"wrap-figure\">\n<picture>\n<a href=\"https:\/\/www.ole.com.ar\/independiente\/independiente-cambios-partido-falcioni_0_ym1qM9HYsH.html\" target=\"_self\" rel=\"noopener noreferrer\"><br \/>\n<img class=\"img-responsive\" alt=\"Los cambios en el Rojo para visitar a Tigre\" src=\"http:\/\/hoycordobaweb.com\/wp-content\/uploads\/2022\/10\/oficial-sanguinetti-regresa-a-banfield-6.jpg\" loading=\"lazy\"> <\/a>\n<\/picture>\n<\/div>\n<\/div><\/div>\n<\/div>\n<h2><mark><strong>EL PASO DE SANGUINETTI POR NEWELL&#8217;S<\/strong><\/mark><\/h2>\n<div class=\"sp__Normal\">\n<div class=\"image-embeb image-trigger\" readability=\"6\">\n<picture><source media=\"(min-width: 720px)\" srcset=\"http:\/\/hoycordobaweb.com\/wp-content\/uploads\/2022\/10\/oficial-sanguinetti-regresa-a-banfield-7.jpg\"><img itemprop=\"image\" src=\"http:\/\/hoycordobaweb.com\/wp-content\/uploads\/2022\/10\/oficial-sanguinetti-regresa-a-banfield-7.jpg\" loading=\"lazy\" alt=\"Sanguinetti se fue hace unas semanas de la Lepra.\">\n<\/picture><figcaption readability=\"2\">\n<p>Sanguinetti se fue hace unas semanas de la Lepra.\n<\/p>\n<\/figcaption><\/div>\n<\/div>\n<p>Sanguinetti hab\u00eda dejado de ser DT de Newell\u00b4s hace unas semanas. En total <strong>dirigi\u00f3 32 partidos, con 14 triunfos, 7 empates y 11 derrotas. Una efectividad del 53%.<\/strong><\/p>\n<p><opta-widget widget=\"standings\" competition=\"724\" season=\"2022\" template=\"normal\" live=\"true\" default_nav=\"1\" side=\"combined\" data_detail=\"default\" show_key=\"true\" show_crests=\"true\" points_in_first_column=\"true\" lose_before_draw=\"false\" competition_naming=\"full\" team_naming=\"full\" date_format=\"dddd D MMMM YYYY\" sorting=\"false\" show_live=\"false\" show_relegation_average=\"true\" show_logo=\"true\" show_title=\"true\" breakpoints=\"382\" sport=\"football\"><\/opta-widget> <\/p>\n<div class=\"entry-tags\">\n<h2>TEMAS QUE APARECEN EN ESTA NOTA<\/h2>\n<\/p><\/div>\n","protected":false},"excerpt":{"rendered":"<p>\u00ab\u00a1De nuevo en Casa!\u00bb. As\u00ed, Banfield le dio la bienvenida a un viejo conocido. Se trata de Javier Sanguinetti, que este s\u00e1bado fue confirmado como nuevo DT de la instituci\u00f3n. Ser\u00e1 su segundo ciclo, con un contrato por dos a\u00f1os.&nbsp; Mir\u00e1 tambi\u00e9n Sanguinetti regresa a Banfield. Luego de la salida de Claudio Vivas (28 partidos [&hellip;]<\/p>\n","protected":false},"author":1,"featured_media":49659,"comment_status":"open","ping_status":"closed","sticky":false,"template":"","format":"standard","meta":[],"categories":[16],"tags":[],"_links":{"self":[{"href":"http:\/\/hoycordobaweb.com\/index.php\/wp-json\/wp\/v2\/posts\/49658"}],"collection":[{"href":"http:\/\/hoycordobaweb.com\/index.php\/wp-json\/wp\/v2\/posts"}],"about":[{"href":"http:\/\/hoycordobaweb.com\/index.php\/wp-json\/wp\/v2\/types\/post"}],"author":[{"embeddable":true,"href":"http:\/\/hoycordobaweb.com\/index.php\/wp-json\/wp\/v2\/users\/1"}],"replies":[{"embeddable":true,"href":"http:\/\/hoycordobaweb.com\/index.php\/wp-json\/wp\/v2\/comments?post=49658"}],"version-history":[{"count":0,"href":"http:\/\/hoycordobaweb.com\/index.php\/wp-json\/wp\/v2\/posts\/49658\/revisions"}],"wp:featuredmedia":[{"embeddable":true,"href":"http:\/\/hoycordobaweb.com\/index.php\/wp-json\/wp\/v2\/media\/49659"}],"wp:attachment":[{"href":"http:\/\/hoycordobaweb.com\/index.php\/wp-json\/wp\/v2\/media?parent=49658"}],"wp:term":[{"taxonomy":"category","embeddable":true,"href":"http:\/\/hoycordobaweb.com\/index.php\/wp-json\/wp\/v2\/categories?post=49658"},{"taxonomy":"post_tag","embeddable":true,"href":"http:\/\/hoycordobaweb.com\/index.php\/wp-json\/wp\/v2\/tags?post=49658"}],"curies":[{"name":"wp","href":"https:\/\/api.w.org\/{rel}","templated":true}]}}