{"id":49597,"date":"2022-10-07T11:58:49","date_gmt":"2022-10-07T11:58:49","guid":{"rendered":"https:\/\/ladecimaweb.com\/?p=14697"},"modified":"2022-10-07T11:58:49","modified_gmt":"2022-10-07T11:58:49","slug":"el-relevamiento-del-banco-central-estimo-por-primera-vez-una-inflacion-de-tres-digitos-1003","status":"publish","type":"post","link":"http:\/\/hoycordobaweb.com\/index.php\/2022\/10\/07\/el-relevamiento-del-banco-central-estimo-por-primera-vez-una-inflacion-de-tres-digitos-1003\/","title":{"rendered":"El relevamiento del Banco Central estim\u00f3 por primera vez una inflaci\u00f3n de tres d\u00edgitos: 100,3%"},"content":{"rendered":"<div class=\"boldgrid-section\">\n<div class=\"container\">\n<div class=\"row\">\n<div class=\"col-md-12 col-xs-12 col-sm-12\">\n<p><em>(NA)<\/em> La<span>&nbsp;<\/span><strong>inflaci\u00f3n de septiembre ser\u00eda&nbsp;de entre el 6,7 y el 6,9%<\/strong><span>&nbsp;<\/span>y la estimaci\u00f3n para todo el a\u00f1o se&nbsp;ubicar\u00eda, por primera vez, en los<a href=\"https:\/\/noticiasargentinas.com\/index.php?option=com_k2&amp;view=item&amp;id=154605:economista-alerta-que-la-inflacion-se-encamina-a-cerrar-el-ano-en-los-tres-digitos&amp;Itemid=247\" target=\"_blank\" rel=\"noopener noreferrer\"><strong>tres d\u00edgitos al llegar al 100,3%<\/strong><\/a>,&nbsp;seg\u00fan las proyecciones de los analistas que aportan al&nbsp;<strong>Relevamiento de Expectativas de Mercado (REM),<\/strong><span>&nbsp;<\/span>que realiza el Banco&nbsp;Central (BCRA).<\/p>\n<p>&nbsp;Seg\u00fan el informe de septiembre, los analistas del mercado proyectaron que<strong><span>&nbsp;<\/span>la inflaci\u00f3n minorista para el corriente a\u00f1o se ubicar\u00e1 en 100,3% interanual<\/strong><span>&nbsp;<\/span>(5,3 puntos porcentuales&nbsp; superior al pron\u00f3stico de la encuesta previa).<\/p>\n<p>Quienes mejor pronosticaron esa variable para el corto plazo, entre las diez principales consultoras, esperan en promedio<strong><span>&nbsp;<\/span>una inflaci\u00f3n de 101,5%interanual 2,1 puntos&nbsp; a la encuesta anterior.<\/strong><\/p>\n<p class=\"\">Los participantes del REM revisaron las previsiones de inflaci\u00f3n para el a\u00f1o pr\u00f3ximo y la subieron 6,5 puntos y la estimaron en un 90,5% interanual y para 2024 en 66,8%.<\/p>\n<p>Las proyecciones del aumento de precios minoristas para&nbsp;septiembre la ubican en el 6,7% en promedio, mientras las diez principales consultoras se\u00f1alaron que llegar\u00eda al 6,9%.<\/p>\n<p>El relevamiento proyecta un<span>&nbsp;<\/span><strong>crecimiento de la econom\u00eda para este&nbsp;a\u00f1o de entre un 4,1% y 4,3%<\/strong><span>&nbsp;<\/span>(0,5 puntos m\u00e1s que en el REM previo),&nbsp;mientras que<span>&nbsp;<\/span><strong>para el tercer trimestre del a\u00f1o estimaron una ca\u00edda&nbsp;del Producto Interno Bruto de entre el 0,5% y el 0,9%.<\/strong><\/p>\n<h3>El relevamiento del Banco Central estim\u00f3 por primera vez una inflaci\u00f3n de tres d\u00edgitos<\/h3>\n<p>Las consultoras estimaron que,<strong><span>&nbsp;<\/span>en el cuarto trimestre, la econom\u00eda&nbsp;caer\u00e1 1,1% y en los primeros tres meses del a\u00f1o pr\u00f3ximo subir\u00eda un&nbsp;0,3%.<\/strong><\/p>\n<p>En la proyecci\u00f3n de la tasa BADLAR de bancos privados, para&nbsp;octubre, la estimaron en un 70,0%, que es 3,5 puntos porcentuales superior a la tasa promedio registrada durante septiembre del&nbsp;66,5%.<\/p>\n<p>Al mencionar las estimaciones del<span>&nbsp;<\/span><strong>tipo de cambio nominal<\/strong>, los&nbsp;analistas se\u00f1alaron que prev\u00e9n que<span>&nbsp;<\/span><strong>estar\u00e1 entre $ 171,37 y $173,13 por d\u00f3lar en diciembre pr\u00f3ximo.<\/strong><\/p>\n<p>En cuanto al valor de las exportaciones, quienes integran el REM&nbsp;calcularon un monto para 2022 de US$ 89.344 millones, increment\u00e1ndose en US$ 819 millones con relaci\u00f3n al \u00faltimo informe.<\/p>\n<p>El valor de las importaciones se ubicar\u00eda en US$ 83.775&nbsp;millones, esto es<strong><span>&nbsp;<\/span>US$ 2.285 millones por encima del pron\u00f3stico del relevamiento previo.<\/strong><\/p>\n<p>Para el nivel de desempleo, el an\u00e1lisis de las consultoras estiman&nbsp;un aumento al 7,3% para el tercer trimestre y 7,5 para el cuarto, por encima del 6,9% que di\u00f3 a conocer el INDEC para el segundo&nbsp;trimestre del a\u00f1o.<\/p>\n<p class=\"\">La proyecci\u00f3n del<span>&nbsp;<\/span><strong>d\u00e9ficit fiscal primario nominal del Sector&nbsp;P\u00fablico Nacional no Financiero<\/strong><span>&nbsp;<\/span>que realizaron los participantes del REM, para todo este a\u00f1o, se mantuvo casi sin cambios respecto del&nbsp;relevamiento anterior y la estimaron en $ 2.252 miles de millones.<\/p>\n<div class=\"ubm_banner\"><a href=\"https:\/\/www.cba.gov.ar\" target=\"_blank\" rel=\"dofollow noopener noreferrer\"><img src=\"http:\/\/hoycordobaweb.com\/wp-content\/uploads\/2022\/10\/el-relevamiento-del-banco-central-estimo-por-primera-vez-una-inflacion-de-tres-digitos-1003.gif\" alt=\"\"><\/a><\/div>\n<\/div>\n<\/div>\n<\/div>\n<\/div>\n<p>La entrada <a rel=\"nofollow\" href=\"https:\/\/ladecimaweb.com\/el-relevamiento-del-banco-central-estimo-por-primera-vez-una-inflacion-de-tres-digitos-1003\/\">El relevamiento del Banco Central estim\u00f3 por primera vez una inflaci\u00f3n de tres d\u00edgitos: 100,3%<\/a> se public\u00f3 primero en <a rel=\"nofollow\" href=\"https:\/\/ladecimaweb.com\">LaDecima<\/a>.<\/p>\n","protected":false},"excerpt":{"rendered":"<p>(NA) La&nbsp;inflaci\u00f3n de septiembre ser\u00eda&nbsp;de entre el 6,7 y el 6,9%&nbsp;y la estimaci\u00f3n para todo el a\u00f1o se&nbsp;ubicar\u00eda, por primera vez, en lostres d\u00edgitos al llegar al 100,3%,&nbsp;seg\u00fan las proyecciones de los analistas que aportan al&nbsp;Relevamiento de Expectativas de Mercado (REM),&nbsp;que realiza el Banco&nbsp;Central (BCRA). &nbsp;Seg\u00fan el informe de septiembre, los analistas del mercado proyectaron [&hellip;]<\/p>\n","protected":false},"author":1,"featured_media":49598,"comment_status":"closed","ping_status":"closed","sticky":false,"template":"","format":"standard","meta":[],"categories":[19],"tags":[],"_links":{"self":[{"href":"http:\/\/hoycordobaweb.com\/index.php\/wp-json\/wp\/v2\/posts\/49597"}],"collection":[{"href":"http:\/\/hoycordobaweb.com\/index.php\/wp-json\/wp\/v2\/posts"}],"about":[{"href":"http:\/\/hoycordobaweb.com\/index.php\/wp-json\/wp\/v2\/types\/post"}],"author":[{"embeddable":true,"href":"http:\/\/hoycordobaweb.com\/index.php\/wp-json\/wp\/v2\/users\/1"}],"replies":[{"embeddable":true,"href":"http:\/\/hoycordobaweb.com\/index.php\/wp-json\/wp\/v2\/comments?post=49597"}],"version-history":[{"count":0,"href":"http:\/\/hoycordobaweb.com\/index.php\/wp-json\/wp\/v2\/posts\/49597\/revisions"}],"wp:featuredmedia":[{"embeddable":true,"href":"http:\/\/hoycordobaweb.com\/index.php\/wp-json\/wp\/v2\/media\/49598"}],"wp:attachment":[{"href":"http:\/\/hoycordobaweb.com\/index.php\/wp-json\/wp\/v2\/media?parent=49597"}],"wp:term":[{"taxonomy":"category","embeddable":true,"href":"http:\/\/hoycordobaweb.com\/index.php\/wp-json\/wp\/v2\/categories?post=49597"},{"taxonomy":"post_tag","embeddable":true,"href":"http:\/\/hoycordobaweb.com\/index.php\/wp-json\/wp\/v2\/tags?post=49597"}],"curies":[{"name":"wp","href":"https:\/\/api.w.org\/{rel}","templated":true}]}}