{"id":49572,"date":"2022-10-07T01:57:00","date_gmt":"2022-10-07T01:57:00","guid":{"rendered":"http:\/\/hoycordobaweb.com\/index.php\/2022\/10\/07\/volco-un-colectivo-con-40-turistas-en-punta-cana-y-fallecio-una-argentina\/"},"modified":"2022-10-07T01:57:00","modified_gmt":"2022-10-07T01:57:00","slug":"volco-un-colectivo-con-40-turistas-en-punta-cana-y-fallecio-una-argentina","status":"publish","type":"post","link":"http:\/\/hoycordobaweb.com\/index.php\/2022\/10\/07\/volco-un-colectivo-con-40-turistas-en-punta-cana-y-fallecio-una-argentina\/","title":{"rendered":"Volc\u00f3 un colectivo con 40 turistas en Punta Cana y falleci\u00f3 una argentina"},"content":{"rendered":"<p><img src=\"http:\/\/hoycordobaweb.com\/wp-content\/uploads\/2022\/10\/volco-un-colectivo-con-40-turistas-en-punta-cana-y-fallecio-una-argentina.jpg\"><\/p>\n<figure class=\"mb-3\"><img loading=\"lazy\" src=\"http:\/\/hoycordobaweb.com\/wp-content\/uploads\/2022\/10\/volco-un-colectivo-con-40-turistas-en-punta-cana-y-fallecio-una-argentina-2.jpg\" width=\"100%\" height=\"100%\" alt=\"El autobs turstico se diriga desde Punta Cana hacia la Isla Saona Foto Street View\"><figcaption> El autob\u00fas tur\u00edstico se dirig\u00eda desde Punta Cana hacia la Isla Saona (Foto Street View). <\/figcaption><\/figure>\n<p>Una argentina muri\u00f3 y otras doce personas de la misma nacionalidad resultaron hospitalizados en Punta Cana a consecuencia de un vuelco ocurrido este jueves de <strong>un colectivo de excursiones en el que viajaban 40 turistas argentinos, chilenos y brasile\u00f1os,<\/strong> y la Canciller\u00eda inform\u00f3 que asiste a los ciudadanos involucrados en el accidente.<\/p>\n<p>Fuentes dominicanas de la investigaci\u00f3n en curso dijeron a T\u00e9lam que<strong> de los 12 argentinos hospitalizados a una mujer le fue amputado su brazo, otra tiene fractura de cr\u00e1neo, una tercera se encuentra en grave estado y el resto su estado es estable<\/strong>.<\/p>\n<p>Las fuentes destacaron que el c\u00f3nsul argentino en Rep\u00fablica Dominicana, Javier Outumuro, como la embajadora Nora Capello <strong>\u00abest\u00e1n en permanente contacto con los familiares y van de un hospital a otro\u00bb<\/strong> para saber el estado de los heridos.<\/p>\n<p>Los voceros precisaron que intentaban establecer la identidad de la mujer fallecida. Los 12 argentinos hospitalizados permanecen distribuidos en tres hospitales.<\/p>\n<p>El autob\u00fas accidentado se dirig\u00eda a la localidad de Bayah\u00edbe, para que los turistas se trasladaran en ferry a la isla Saona.<\/p>\n<p>Seg\u00fan la agencia RT, el accidente se produjo en el cruce Domingo Ma\u00edz-Miches, en el Boulevard Tur\u00edstico del Este de la carretera Punta Cana-Miches, una zona ampliamente concurrida por turistas, reportaron medios locales. El micro pertenece a la empresa de transportes, Suero Servi-Bus.<\/p>\n<p>De acuerdo a lo informado, de la ciudadana argentina fallecida a\u00fan no trascendi\u00f3 su identidad confirmada debido a que el cuerpo no fue a\u00fan identificado por su esposo, que se encuentra internado a consecuencia del accidente.<\/p>\n<p>Voceros de la Canciller\u00eda informaron que<strong> \u00abla Embajada se encuentra en contacto con familiares de la ciudadana fallecida y de los connacionales hospitalizados\/as, as\u00ed como con los tres centros m\u00e9dicos involucrados y autoridades locales\u00bb<\/strong>.<\/p>\n<p>Y agregaron que \u00abno todos los ciudadanos han podido ser identificados por no contar con documentaci\u00f3n personal al momento de abordar el autob\u00fas\u00bb.<\/p>\n<p>El Gobierno dominicano dispuso la actuaci\u00f3n de un Gabinete de Defensa Civil que est\u00e1 a cargo de la viceministra de Turismo, Patricia Mej\u00eda.<\/p>\n<p>David Collado, el ministro de Turismo de Rep\u00fablica Dominicana, expres\u00f3 a trav\u00e9s de su cuenta de Twitter, que su pa\u00eds se siente <strong>\u00abtriste y consternado por el lamentable accidente del autob\u00fas ocupado por extranjeros, ocurrido esta ma\u00f1ana. Visitamos los diferentes hospitales donde fueron trasladados para ofrecer nuestro total apoyo y solidaridad en este dif\u00edcil momento\u00bb.<\/strong><\/p>\n<p>En otro tuit afirm\u00f3 que \u00abno se escatimar\u00e1 ning\u00fan esfuerzo en salvar vidas y se est\u00e1n tomando todas las medidas necesarias\u00bb.<\/p>\n<blockquote class=\"twitter-tweet\" readability=\"7.5505617977528\">\n<p lang=\"es\" dir=\"ltr\">En breve las autoridades pertinentes ofrecer\u00e1n el debido informe, mientras tanto pedimos a los medios y la poblaci\u00f3n ser prudentes con la informaci\u00f3n que se comparte por respeto a las familias y a los involucrados.<\/p>\n<p>\u2014 David Collado (@DavidColladoM) <a href=\"https:\/\/twitter.com\/DavidColladoM\/status\/1578103229128507393?ref_src=twsrc%5Etfw\">October 6, 2022<\/a><\/p><\/blockquote>\n<p>Por \u00faltimo, advirti\u00f3 que \u00aben breve, las autoridades pertinentes ofrecer\u00e1n el debido informe, mientras tanto pedimos a los medios y la poblaci\u00f3n ser prudentes con la informaci\u00f3n que se comparte por respeto a las familias y a los involucrados\u00bb. <\/p>\n","protected":false},"excerpt":{"rendered":"<p>El autob\u00fas tur\u00edstico se dirig\u00eda desde Punta Cana hacia la Isla Saona (Foto Street View). Una argentina muri\u00f3 y otras doce personas de la misma nacionalidad resultaron hospitalizados en Punta Cana a consecuencia de un vuelco ocurrido este jueves de un colectivo de excursiones en el que viajaban 40 turistas argentinos, chilenos y brasile\u00f1os, y [&hellip;]<\/p>\n","protected":false},"author":1,"featured_media":49573,"comment_status":"open","ping_status":"closed","sticky":false,"template":"","format":"standard","meta":[],"categories":[19],"tags":[],"_links":{"self":[{"href":"http:\/\/hoycordobaweb.com\/index.php\/wp-json\/wp\/v2\/posts\/49572"}],"collection":[{"href":"http:\/\/hoycordobaweb.com\/index.php\/wp-json\/wp\/v2\/posts"}],"about":[{"href":"http:\/\/hoycordobaweb.com\/index.php\/wp-json\/wp\/v2\/types\/post"}],"author":[{"embeddable":true,"href":"http:\/\/hoycordobaweb.com\/index.php\/wp-json\/wp\/v2\/users\/1"}],"replies":[{"embeddable":true,"href":"http:\/\/hoycordobaweb.com\/index.php\/wp-json\/wp\/v2\/comments?post=49572"}],"version-history":[{"count":0,"href":"http:\/\/hoycordobaweb.com\/index.php\/wp-json\/wp\/v2\/posts\/49572\/revisions"}],"wp:featuredmedia":[{"embeddable":true,"href":"http:\/\/hoycordobaweb.com\/index.php\/wp-json\/wp\/v2\/media\/49573"}],"wp:attachment":[{"href":"http:\/\/hoycordobaweb.com\/index.php\/wp-json\/wp\/v2\/media?parent=49572"}],"wp:term":[{"taxonomy":"category","embeddable":true,"href":"http:\/\/hoycordobaweb.com\/index.php\/wp-json\/wp\/v2\/categories?post=49572"},{"taxonomy":"post_tag","embeddable":true,"href":"http:\/\/hoycordobaweb.com\/index.php\/wp-json\/wp\/v2\/tags?post=49572"}],"curies":[{"name":"wp","href":"https:\/\/api.w.org\/{rel}","templated":true}]}}