{"id":4954,"date":"2020-11-10T21:17:00","date_gmt":"2020-11-10T21:17:00","guid":{"rendered":"http:\/\/hoycordobaweb.com\/index.php\/2020\/11\/10\/espana-espera-inocular-a-10-millones-de-personas-con-la-vacuna-de-pfizer\/"},"modified":"2020-11-10T21:17:00","modified_gmt":"2020-11-10T21:17:00","slug":"espana-espera-inocular-a-10-millones-de-personas-con-la-vacuna-de-pfizer","status":"publish","type":"post","link":"http:\/\/hoycordobaweb.com\/index.php\/2020\/11\/10\/espana-espera-inocular-a-10-millones-de-personas-con-la-vacuna-de-pfizer\/","title":{"rendered":"Espa\u00f1a espera inocular a 10 millones de personas con la vacuna de Pfizer"},"content":{"rendered":"<p><img src=\"http:\/\/hoycordobaweb.com\/wp-content\/uploads\/2020\/11\/espana-espera-inocular-a-10-millones-de-personas-con-la-vacuna-de-pfizer.jpg\"><\/p>\n<div class=\"image\" id=\"image\" readability=\"7\"> <img src=\"http:\/\/hoycordobaweb.com\/wp-content\/uploads\/2020\/11\/espana-espera-inocular-a-10-millones-de-personas-con-la-vacuna-de-pfizer-2.jpg\" alt=\"La vacuna mostr\u00f3 un 90% de efectividad \" title=\"La vacuna mostr\u00f3 un 90% de efectividad \"><\/p>\n<p>La vacuna mostr\u00f3 un 90% de efectividad <\/p>\n<\/div>\n<p>El ministro de Salud de Espa\u00f1a, Salvador Illa, dijo que el Gobierno quiere inocular con la vacuna anti-covid-19 desarrollada por la farmac\u00e9utica estadounidense Pzifer a unos 10 millones de los 47 millones de habitantes del pa\u00eds, que alcanz\u00f3 otro r\u00e9cord de muertes aunque observa una estabilizaci\u00f3n de la pandemia.<\/p>\n<p>Pfizer y su socio alem\u00e1n BioNTech informaron ayer que su vacuna mostr\u00f3 un 90% de efectividad en los estudios cl\u00ednicos realizados, que si bien est\u00e1n incompletos, generaron optimismo y esperanzas en todo el mundo.<\/p>\n<p>Illa dijo hoy que la vacunaci\u00f3n ser\u00e1 gratuita y que espera que, para mayo de 2021 y con la ayuda de otras vacunas, haya un porcentaje suficiente de vacunados.<\/p>\n<p>\u201cA principios de enero, quiz\u00e1s con otras vacunas, podremos comenzar una fase de vacunaci\u00f3n\u00bb, afirm\u00f3 en declaraciones a la televisi\u00f3n p\u00fablica TVE.<\/p>\n<p>\u00abCalculamos que alrededor de mayo podremos tener ya un porcentaje suficientemente relevante de poblaci\u00f3n espa\u00f1ola y europea vacunada, porque las vacunas se van a distribuir equitativamente en todos los pa\u00edses de la Uni\u00f3n Europea\u00bb, agreg\u00f3.<\/p>\n<p>Adem\u00e1s, se comprometi\u00f3 a contrarrestar con argumentos cient\u00edficos a las personas que desconf\u00edan de la vacunaci\u00f3n, un segmento de la poblaci\u00f3n espa\u00f1ola que, seg\u00fan el instituto de encuestas CIS, llega al 43%.<\/p>\n<p>\u201cEl Gobierno va a hacer lo que hemos venido haciendo, explicar la verdad a la ciudadan\u00eda, y la verdad es que las vacunas salvan vidas\u201d, resalt\u00f3 el funcionario.<\/p>\n<p>El ministro advirti\u00f3 que el Ejecutivo va a ser \u201cmuy claro y contundente\u201d contra \u201cla gente que dice mentiras y juega a la anticiencia\u201d, en referencia a los antivacunas y negacionistas del pat\u00f3geno.<\/p>\n<p>Entretanto, el pa\u00eds peninsular notific\u00f3 hoy m\u00e1s de 400 nuevos fallecidos, la cifra m\u00e1s alta de la segunda ola, aunque la epidemia entr\u00f3 en una fase de clara estabilizaci\u00f3n, seg\u00fan afirm\u00f3 el coordinador sanitario del gobierno, Fernando Sim\u00f3n, citado por la agencia de noticias AFP.<\/p>\n<p>El bolet\u00edn del Ministerio de Sanidad elev\u00f3 a 39.756 los decesos durante la pandemia, 411 m\u00e1s que el lunes, un dato in\u00e9dito en este otro rebrote.<\/p>\n<p>\u00abEs posible que las muertes sigan subiendo en los pr\u00f3ximos d\u00edas\u00bb por el periodo de evoluci\u00f3n de la enfermedad, pese a \u00abque vemos que hay una clara estabilizaci\u00f3n en los \u00faltimos d\u00edas\u00bb de los contagios, indic\u00f3 en rueda de prensa Sim\u00f3n, director del centro de emergencias sanitarias de la cartera.<\/p>\n<p>El epidemi\u00f3logo precis\u00f3 que ya se observa el \u00abefecto\u00bb de las restricciones tomadas en Espa\u00f1a, donde el Gobierno declar\u00f3 el 25 de octubre un estado de alarma que implant\u00f3 un toque de queda nocturno en casi todo el pa\u00eds y dio cobertura legal a las regiones, competentes en materia de salud p\u00fablica para implementar medidas anticovid.<\/p>\n<p>Con casi 1,4 millones de casos notificados, Espa\u00f1a es uno de los pa\u00edses europeos con m\u00e1s infectados. <\/p>\n","protected":false},"excerpt":{"rendered":"<p>La vacuna mostr\u00f3 un 90% de efectividad El ministro de Salud de Espa\u00f1a, Salvador Illa, dijo que el Gobierno quiere inocular con la vacuna anti-covid-19 desarrollada por la farmac\u00e9utica estadounidense Pzifer a unos 10 millones de los 47 millones de habitantes del pa\u00eds, que alcanz\u00f3 otro r\u00e9cord de muertes aunque observa una estabilizaci\u00f3n de la [&hellip;]<\/p>\n","protected":false},"author":1,"featured_media":4955,"comment_status":"open","ping_status":"closed","sticky":false,"template":"","format":"standard","meta":[],"categories":[24],"tags":[],"_links":{"self":[{"href":"http:\/\/hoycordobaweb.com\/index.php\/wp-json\/wp\/v2\/posts\/4954"}],"collection":[{"href":"http:\/\/hoycordobaweb.com\/index.php\/wp-json\/wp\/v2\/posts"}],"about":[{"href":"http:\/\/hoycordobaweb.com\/index.php\/wp-json\/wp\/v2\/types\/post"}],"author":[{"embeddable":true,"href":"http:\/\/hoycordobaweb.com\/index.php\/wp-json\/wp\/v2\/users\/1"}],"replies":[{"embeddable":true,"href":"http:\/\/hoycordobaweb.com\/index.php\/wp-json\/wp\/v2\/comments?post=4954"}],"version-history":[{"count":0,"href":"http:\/\/hoycordobaweb.com\/index.php\/wp-json\/wp\/v2\/posts\/4954\/revisions"}],"wp:featuredmedia":[{"embeddable":true,"href":"http:\/\/hoycordobaweb.com\/index.php\/wp-json\/wp\/v2\/media\/4955"}],"wp:attachment":[{"href":"http:\/\/hoycordobaweb.com\/index.php\/wp-json\/wp\/v2\/media?parent=4954"}],"wp:term":[{"taxonomy":"category","embeddable":true,"href":"http:\/\/hoycordobaweb.com\/index.php\/wp-json\/wp\/v2\/categories?post=4954"},{"taxonomy":"post_tag","embeddable":true,"href":"http:\/\/hoycordobaweb.com\/index.php\/wp-json\/wp\/v2\/tags?post=4954"}],"curies":[{"name":"wp","href":"https:\/\/api.w.org\/{rel}","templated":true}]}}