{"id":49530,"date":"2022-10-06T10:01:00","date_gmt":"2022-10-06T10:01:00","guid":{"rendered":"https:\/\/fm-comunicar.com.ar\/contenido\/19664\/daran-una-nueva-capacitacion-a-personas-mayores-que-quieran-sacar-el-carnet-de-c"},"modified":"2022-10-06T10:01:00","modified_gmt":"2022-10-06T10:01:00","slug":"daran-una-nueva-capacitacion-a-personas-mayores-que-deseen-sacar-el-carnet-de-conducir","status":"publish","type":"post","link":"http:\/\/hoycordobaweb.com\/index.php\/2022\/10\/06\/daran-una-nueva-capacitacion-a-personas-mayores-que-deseen-sacar-el-carnet-de-conducir\/","title":{"rendered":"Dar\u00e1n una nueva capacitaci\u00f3n a personas mayores que deseen sacar el carnet de conducir"},"content":{"rendered":"<p>Es para mayores de 65 a\u00f1os que quieran renovar la licencia o tramitarla por primera vez. El viernes 14 de octubre ser\u00e1 el curso y examen te\u00f3rico y el lunes 17 la prueba m\u00e9dica y pr\u00e1ctica.<img src=\"http:\/\/hoycordobaweb.com\/wp-content\/uploads\/2022\/10\/daran-una-nueva-capacitacion-a-personas-mayores-que-deseen-sacar-el-carnet-de-conducir.jpg\"><\/p>\n","protected":false},"excerpt":{"rendered":"<p>Es para mayores de 65 a\u00f1os que quieran renovar la licencia o tramitarla por primera vez. El viernes 14 de octubre ser\u00e1 el curso y examen te\u00f3rico y el lunes 17 la prueba m\u00e9dica y pr\u00e1ctica.<\/p>\n","protected":false},"author":1,"featured_media":49531,"comment_status":"closed","ping_status":"closed","sticky":false,"template":"","format":"standard","meta":[],"categories":[18],"tags":[],"_links":{"self":[{"href":"http:\/\/hoycordobaweb.com\/index.php\/wp-json\/wp\/v2\/posts\/49530"}],"collection":[{"href":"http:\/\/hoycordobaweb.com\/index.php\/wp-json\/wp\/v2\/posts"}],"about":[{"href":"http:\/\/hoycordobaweb.com\/index.php\/wp-json\/wp\/v2\/types\/post"}],"author":[{"embeddable":true,"href":"http:\/\/hoycordobaweb.com\/index.php\/wp-json\/wp\/v2\/users\/1"}],"replies":[{"embeddable":true,"href":"http:\/\/hoycordobaweb.com\/index.php\/wp-json\/wp\/v2\/comments?post=49530"}],"version-history":[{"count":0,"href":"http:\/\/hoycordobaweb.com\/index.php\/wp-json\/wp\/v2\/posts\/49530\/revisions"}],"wp:featuredmedia":[{"embeddable":true,"href":"http:\/\/hoycordobaweb.com\/index.php\/wp-json\/wp\/v2\/media\/49531"}],"wp:attachment":[{"href":"http:\/\/hoycordobaweb.com\/index.php\/wp-json\/wp\/v2\/media?parent=49530"}],"wp:term":[{"taxonomy":"category","embeddable":true,"href":"http:\/\/hoycordobaweb.com\/index.php\/wp-json\/wp\/v2\/categories?post=49530"},{"taxonomy":"post_tag","embeddable":true,"href":"http:\/\/hoycordobaweb.com\/index.php\/wp-json\/wp\/v2\/tags?post=49530"}],"curies":[{"name":"wp","href":"https:\/\/api.w.org\/{rel}","templated":true}]}}