{"id":49507,"date":"2022-10-05T21:30:29","date_gmt":"2022-10-05T21:30:29","guid":{"rendered":"https:\/\/www.ole.com.ar\/futbol-internacional\/sevilla-sampaoli-dortmund-champions_0_Os20Y4x7gx.html"},"modified":"2022-10-05T21:30:29","modified_gmt":"2022-10-05T21:30:29","slug":"sevilla-goleado-y-casi-out-a-la-espera-de-sampaoli","status":"publish","type":"post","link":"http:\/\/hoycordobaweb.com\/index.php\/2022\/10\/05\/sevilla-goleado-y-casi-out-a-la-espera-de-sampaoli\/","title":{"rendered":"Sevilla, goleado y casi out a la espera de Sampaoli"},"content":{"rendered":"<p><img src=\"http:\/\/hoycordobaweb.com\/wp-content\/uploads\/2022\/10\/sevilla-goleado-y-casi-out-a-la-espera-de-sampaoli.jpg\"><\/p>\n<p>La escena final no se correspondi\u00f3 con el resultado. Rodeado por sus jugadores y con aplausos que bajaban de las tribunas, Julen Lopetegui cerr\u00f3 su exitos\u00edsimo ciclo en <a alt=\"sevilla\" class=\"slug\" href=\"https:\/\/www.ole.com.ar\/tema\/sevilla.html\" target=\"_blank\" title=\"sevilla\" rel=\"noopener noreferrer\">Sevilla<\/a>&nbsp;(en 2020 consigui\u00f3 la Europa League)<strong> con el sabor amargo de la goleada sufrida ante el Borussia Dormund, que le gan\u00f3 4-1 y lo complic\u00f3 en la Champions League.<\/strong> Una tarea que ahora deber\u00e1 afrontar<a alt=\"jorge-sampaoli\" class=\"slug\" href=\"https:\/\/www.ole.com.ar\/tema\/jorge-sampaoli.html\" target=\"_blank\" title=\"jorge-sampaoli\" rel=\"noopener noreferrer\"> Jorge Sampaoli<\/a>, entrenador argentino que asumir\u00e1 en el cargo en las pr\u00f3ximas horas.<\/p>\n<div class=\"sp__Normal\">\n<div class=\"image-embeb image-trigger\" readability=\"6\">\n<picture><source media=\"(min-width: 720px)\" srcset=\"http:\/\/hoycordobaweb.com\/wp-content\/uploads\/2022\/10\/sevilla-goleado-y-casi-out-a-la-espera-de-sampaoli-2.jpg\"><img itemprop=\"image\" src=\"http:\/\/hoycordobaweb.com\/wp-content\/uploads\/2022\/10\/sevilla-goleado-y-casi-out-a-la-espera-de-sampaoli-2.jpg\" loading=\"lazy\" alt=\"Los hinchas ovacionaron a Lopetegui (Photo by CRISTINA QUICLER \/ AFP)\">\n<\/picture><figcaption readability=\"2\">\n<p>Los hinchas ovacionaron a Lopetegui (Photo by CRISTINA QUICLER \/ AFP)\n<\/p>\n<\/figcaption><\/div>\n<\/div>\n<p>Golpazo, otro m\u00e1s para el elenco espa\u00f1ol que tuvo al <strong>Papu G\u00f3mez, Gonzalo Montiel y Erik Lamela ingresando desde el banco frente a los alemanes<\/strong>. Porque si bien el tr\u00e1mite del encuentro no se condice con lo que se vio en cancha &#8211;<a alt=\"sevilla\" class=\"slug\" href=\"https:\/\/www.ole.com.ar\/tema\/sevilla.html\" target=\"_blank\" title=\"sevilla\" rel=\"noopener noreferrer\">Sevilla<\/a> tuvo posesi\u00f3n y gener\u00f3 sus chances para marcar- la realidad es que el Dortmund fue mucho m\u00e1s efectivo y no lo perdon\u00f3: <mark>Guerreiro, Bellingham, Adeyemi y Brandt marcaron los cuatro tantos que fueron demasiado para el elenco local, pese al descuento de En-Nesyri.<\/mark><\/p>\n<div class=\"sp__Normal\">\n<div class=\"image-embeb image-trigger\" readability=\"6.5\">\n<picture><source media=\"(min-width: 720px)\" srcset=\"http:\/\/hoycordobaweb.com\/wp-content\/uploads\/2022\/10\/sevilla-goleado-y-casi-out-a-la-espera-de-sampaoli-3.jpg\"><img itemprop=\"image\" src=\"http:\/\/hoycordobaweb.com\/wp-content\/uploads\/2022\/10\/sevilla-goleado-y-casi-out-a-la-espera-de-sampaoli-3.jpg\" loading=\"lazy\" alt=\"El Papu, en acci\u00f3n. EFE\/Jos\u00e9 Manuel Vidal\">\n<\/picture><figcaption readability=\"3\">\n<p>El Papu, en acci\u00f3n. EFE\/Jos\u00e9 Manuel Vidal\n<\/p>\n<\/figcaption><\/div>\n<\/div>\n<p>As\u00ed las cosas, el conjunto sevillano no s\u00f3lo sufre en LaLiga (marcha 16\u00b0, muy cerca del descenso) sino tambi\u00e9n se complica en su b\u00fasqueda por pasar a las fases finales de la Champions.<strong> Es que apenas sum\u00f3 1 punto de 9, sufri\u00f3 dos duras goleadas (antes, 0-4 vs. Manchester City tambi\u00e9n como local) y tendr\u00e1 que hacer milagros para so\u00f1ar con clasificarse en el Grupo G, <a href=\"https:\/\/www.ole.com.ar\/futbol-internacional\/champions\/vivo-toda-fecha-champions-league_0_84aXKdKZaj.html\" target=\"_blank\" rel=\"noopener noreferrer\">donde manda el City de Guardiola y un intratable Haaland<\/a> con 9 puntos.<\/strong><\/p>\n<p><mark>\u00abEl Sevilla FC ha destituido a Julen Lopetegui como t\u00e9cnico del primer equipo una vez finalizado el choque que ha enfrentado este mi\u00e9rcoles al equipo de Nervi\u00f3n con el Borussia de Dortmund\u00bb<\/mark>, anunci\u00f3 el club no bien finaliz\u00f3 el partido ante los alemanes, sumando un video agradeci\u00e9ndole por el trabajo realizado al ahora ex DT.\u200b<\/p>\n<p>Dura tarea a <a alt=\"jorge-sampaoli\" class=\"slug\" href=\"https:\/\/www.ole.com.ar\/tema\/jorge-sampaoli.html\" target=\"_blank\" title=\"jorge-sampaoli\" rel=\"noopener noreferrer\">Sampaoli<\/a>, <mark>que llega de dirigir al Olympique de Marsella y que ya estuvo en el Sevilla durante la temporada 2016\/17<\/mark>, donde el conjunto andaluz finaliz\u00f3 cuarto en La Liga con 72 puntos.<\/p>\n<div class=\"sp__Normal\">\n<div class=\"image-embeb image-trigger\" readability=\"6.5\">\n<picture><source media=\"(min-width: 720px)\" srcset=\"http:\/\/hoycordobaweb.com\/wp-content\/uploads\/2022\/10\/sevilla-goleado-y-casi-out-a-la-espera-de-sampaoli-4.jpg\"><img itemprop=\"image\" src=\"http:\/\/hoycordobaweb.com\/wp-content\/uploads\/2022\/10\/sevilla-goleado-y-casi-out-a-la-espera-de-sampaoli-4.jpg\" loading=\"lazy\" alt=\"Sampaoli, el principal candidato a suceder a Lopetegui.\">\n<\/picture><figcaption readability=\"3\">\n<p>Sampaoli, el principal candidato a suceder a Lopetegui.\n<\/p>\n<\/figcaption><\/div>\n<\/div>\n<p>Seg\u00fan detall\u00f3 el medio ABC, f<strong>uentes del club aseguran que el DT de Casilda ser\u00eda presentado este mismo jueves, cuando llegue a la capital andaluza.<\/strong> Adem\u00e1s, el diario espa\u00f1ol revel\u00f3 que si bien <a alt=\"jorge-sampaoli\" class=\"slug\" href=\"https:\/\/www.ole.com.ar\/tema\/jorge-sampaoli.html\" target=\"_blank\" title=\"jorge-sampaoli\" rel=\"noopener noreferrer\">Sampa<\/a> dio el s\u00ed horas antes del partido de este mi\u00e9rcoles, el ex entrenador de la Selecci\u00f3n habr\u00eda solicitado asumir al d\u00eda siguiente.<\/p>\n<div class=\"sp__Normal\">\n<div class=\"image-embeb image-trigger\" readability=\"6\">\n<picture><source media=\"(min-width: 720px)\" srcset=\"http:\/\/hoycordobaweb.com\/wp-content\/uploads\/2022\/10\/sevilla-goleado-y-casi-out-a-la-espera-de-sampaoli-5.jpg\"><img itemprop=\"image\" src=\"http:\/\/hoycordobaweb.com\/wp-content\/uploads\/2022\/10\/sevilla-goleado-y-casi-out-a-la-espera-de-sampaoli-5.jpg\" loading=\"lazy\" alt=\"Dortmund festej\u00f3 en casa ajena. REUTERS\/Marcelo Del Pozo\">\n<\/picture><figcaption readability=\"2\">\n<p>Dortmund festej\u00f3 en casa ajena. REUTERS\/Marcelo Del Pozo\n<\/p>\n<\/figcaption><\/div>\n<\/div>\n<h2><strong>Sampaoli prepara su segundo ciclo<\/strong><\/h2>\n<p>Otra de las condiciones que habr\u00eda solicitado&nbsp;el argentino antes de cerrar el acuerdo <strong>es un contrato de dos a\u00f1os y no s\u00f3lo por lo que restaba de la temporada<\/strong>. As\u00ed, Sampaoli -quien adem\u00e1s pidi\u00f3 la llegada de refuerzos en el mercado de invierno-&nbsp;firmar\u00e1 por la actual y 2023\/2024.<\/p>\n<div class=\"sp__Normal\">\n<div class=\"image-embeb image-trigger\" readability=\"6\">\n<picture><source media=\"(min-width: 720px)\" srcset=\"http:\/\/hoycordobaweb.com\/wp-content\/uploads\/2022\/10\/sevilla-goleado-y-casi-out-a-la-espera-de-sampaoli-6.jpg\"><img itemprop=\"image\" src=\"http:\/\/hoycordobaweb.com\/wp-content\/uploads\/2022\/10\/sevilla-goleado-y-casi-out-a-la-espera-de-sampaoli-6.jpg\" loading=\"lazy\" alt=\"Sampa en su primer ciclo en Sevilla. AFP\">\n<\/picture><figcaption readability=\"2\">\n<p>Sampa en su primer ciclo en Sevilla. AFP\n<\/p>\n<\/figcaption><\/div>\n<\/div>\n<div class=\"sp__SM\">\n<div class=\"content-new \">\n<span class=\"tit-mobile\">Mir\u00e1 tambi\u00e9n<\/span><\/p>\n<div class=\"mg\">\n<div class=\"wrap-figure\">\n<picture>\n<a href=\"https:\/\/www.ole.com.ar\/futbol-internacional\/champions\/vivo-toda-fecha-champions-league_0_84aXKdKZaj.html\" target=\"_self\" rel=\"noopener noreferrer\"><br \/>\n<img class=\"img-responsive\" alt=\"Con doblete de Haaland y uno de Juli\u00e1n, el City gole\u00f3 a Copenhague y lidera con puntaje perfecto\" src=\"http:\/\/hoycordobaweb.com\/wp-content\/uploads\/2022\/10\/sevilla-goleado-y-casi-out-a-la-espera-de-sampaoli-7.jpg\" loading=\"lazy\"><br \/>\n<\/a>\n<\/picture>\n<\/div>\n<\/div><\/div>\n<\/div>\n<div class=\"entry-tags\">\n<h2>TEMAS QUE APARECEN EN ESTA NOTA<\/h2>\n<\/p><\/div>\n","protected":false},"excerpt":{"rendered":"<p>La escena final no se correspondi\u00f3 con el resultado. Rodeado por sus jugadores y con aplausos que bajaban de las tribunas, Julen Lopetegui cerr\u00f3 su exitos\u00edsimo ciclo en Sevilla&nbsp;(en 2020 consigui\u00f3 la Europa League) con el sabor amargo de la goleada sufrida ante el Borussia Dormund, que le gan\u00f3 4-1 y lo complic\u00f3 en la [&hellip;]<\/p>\n","protected":false},"author":1,"featured_media":49508,"comment_status":"open","ping_status":"closed","sticky":false,"template":"","format":"standard","meta":[],"categories":[16],"tags":[],"_links":{"self":[{"href":"http:\/\/hoycordobaweb.com\/index.php\/wp-json\/wp\/v2\/posts\/49507"}],"collection":[{"href":"http:\/\/hoycordobaweb.com\/index.php\/wp-json\/wp\/v2\/posts"}],"about":[{"href":"http:\/\/hoycordobaweb.com\/index.php\/wp-json\/wp\/v2\/types\/post"}],"author":[{"embeddable":true,"href":"http:\/\/hoycordobaweb.com\/index.php\/wp-json\/wp\/v2\/users\/1"}],"replies":[{"embeddable":true,"href":"http:\/\/hoycordobaweb.com\/index.php\/wp-json\/wp\/v2\/comments?post=49507"}],"version-history":[{"count":0,"href":"http:\/\/hoycordobaweb.com\/index.php\/wp-json\/wp\/v2\/posts\/49507\/revisions"}],"wp:featuredmedia":[{"embeddable":true,"href":"http:\/\/hoycordobaweb.com\/index.php\/wp-json\/wp\/v2\/media\/49508"}],"wp:attachment":[{"href":"http:\/\/hoycordobaweb.com\/index.php\/wp-json\/wp\/v2\/media?parent=49507"}],"wp:term":[{"taxonomy":"category","embeddable":true,"href":"http:\/\/hoycordobaweb.com\/index.php\/wp-json\/wp\/v2\/categories?post=49507"},{"taxonomy":"post_tag","embeddable":true,"href":"http:\/\/hoycordobaweb.com\/index.php\/wp-json\/wp\/v2\/tags?post=49507"}],"curies":[{"name":"wp","href":"https:\/\/api.w.org\/{rel}","templated":true}]}}