{"id":49503,"date":"2022-10-05T22:31:48","date_gmt":"2022-10-05T22:31:48","guid":{"rendered":"https:\/\/www.ole.com.ar\/futbol-internacional\/icardi-galatasaray-entrenamientos_0_1PoceEfquG.html"},"modified":"2022-10-05T22:31:48","modified_gmt":"2022-10-05T22:31:48","slug":"icardi-volvio-a-entrenarse-con-galatasaray","status":"publish","type":"post","link":"http:\/\/hoycordobaweb.com\/index.php\/2022\/10\/05\/icardi-volvio-a-entrenarse-con-galatasaray\/","title":{"rendered":"Icardi volvi\u00f3 a entrenarse con Galatasaray"},"content":{"rendered":"<p><img src=\"http:\/\/hoycordobaweb.com\/wp-content\/uploads\/2022\/10\/icardi-volvio-a-entrenarse-con-galatasaray.jpg\"><\/p>\n<p>En medio de su medi\u00e1tica relaci\u00f3n con&nbsp;<a alt=\"wanda-nara\" class=\"slug\" href=\"https:\/\/www.ole.com.ar\/tema\/wanda-nara.html\" target=\"_blank\" title=\"wanda-nara\" rel=\"noopener noreferrer\">Wanda Nara<\/a>, Mauro volvi\u00f3 a hacer lo que siempre supo hacer:<strong> jugar a la pelota.<\/strong> Este mi\u00e9rcoles, el club public\u00f3 una serie de fotos en las que <mark><strong>se ve al argentino entrenado nuevamente en el Galatasaray. <\/strong><\/mark>Hace unos d\u00edas, pintaba para tener su estreno como titular, pero finalmente no se dio porque el delantero hab\u00eda viajado&nbsp;<a target=\"_blank\" href=\"https:\/\/www.ole.com.ar\/futbol-internacional\/icardi-turquia-wanda-reconciliacion_0_KE26FcGXJ1.html\" rel=\"noopener noreferrer\"><strong>a Buenos Aires para una supuesta reconciliaci\u00f3n con Wanda.<\/strong><\/a>&nbsp;Ahora, volvi\u00f3 a poner la cabeza en el f\u00fatbol.<\/p>\n<h2><strong>Regresa al ruedo<\/strong><\/h2>\n<p><strong>\u200b<\/strong>Luego de arreglar un pr\u00e9stamo al <a alt=\"galatasaray\" class=\"slug\" href=\"https:\/\/www.ole.com.ar\/tema\/galatasaray.html\" target=\"_blank\" title=\"galatasaray\" rel=\"noopener noreferrer\">Galatasaray <\/a>hasta junio de 2023, el delantero <strong>tuvo unas semanitas muy movidas por su relaci\u00f3n con Wanda Nara. <\/strong>El jugador cedido por el PSG puso la firma a principios de septiembre y<mark><strong> apenas sum\u00f3 media hora con su nuevo club.<\/strong><\/mark><\/p>\n<div class=\"sp__Normal\">\n<div class=\"image-embeb image-trigger\" readability=\"6.5\">\n<picture><source media=\"(min-width: 720px)\" srcset=\"http:\/\/hoycordobaweb.com\/wp-content\/uploads\/2022\/10\/icardi-volvio-a-entrenarse-con-galatasaray-2.jpg\"><img itemprop=\"image\" src=\"http:\/\/hoycordobaweb.com\/wp-content\/uploads\/2022\/10\/icardi-volvio-a-entrenarse-con-galatasaray-2.jpg\" loading=\"lazy\" alt=\"Okan Buruk, el DT que tiene la \u00faltima palabra. (Twitter @GalatasaraySK)\">\n<\/picture><figcaption readability=\"3\">\n<p>Okan Buruk, el DT que tiene la \u00faltima palabra. (Twitter @GalatasaraySK)\n<\/p>\n<\/figcaption><\/div>\n<\/div>\n<div class=\"sp__SM\">\n<div class=\"content-new \">\n<span class=\"tit-mobile\">Mir\u00e1 tambi\u00e9n<\/span><\/p>\n<div class=\"mg\">\n<div class=\"wrap-figure\">\n<picture>\n<a href=\"https:\/\/www.ole.com.ar\/fuera-de-juego\/mauro-icardi-wanda-nara-reconciliacion_0_FSroXH6Epx.html\" target=\"_self\" rel=\"noopener noreferrer\"><br \/>\n<img class=\"img-responsive\" alt=\"Icardi volvi\u00f3 a Turqu\u00eda: \u00bfse reconcili\u00f3 con Wanda?\" src=\"http:\/\/hoycordobaweb.com\/wp-content\/uploads\/2022\/10\/icardi-volvio-a-entrenarse-con-galatasaray-3.jpg\" loading=\"lazy\"><br \/>\n<\/a>\n<\/picture>\n<\/div>\n<\/div><\/div>\n<\/div>\n<p>Ahora<b>&nbsp;<\/b>aspira a sumar minutos luego de unos d\u00edas complicados. Durante las semanas anteriores se entrenaba para poder jugar y, cuando parec\u00eda que se ganaba un puesto en el 11, <strong>se termin\u00f3 yendo de Turqu\u00eda y no concentr\u00f3. <\/strong>Esto llam\u00f3 mucho la atenci\u00f3n y destap\u00f3 varias versiones, pero parece ser que<strong> viaj\u00f3 a Buenos Aires para lograr una reconciliaci\u00f3n con Wanda Nara.<\/strong><\/p>\n<div class=\"sp__SM\">\n<div class=\"content-new \">\n<span class=\"tit-mobile\">Mir\u00e1 tambi\u00e9n<\/span><\/p>\n<div class=\"mg\">\n<div class=\"wrap-figure\">\n<picture>\n<a href=\"https:\/\/www.ole.com.ar\/futbol-internacional\/icardi-turquia-wanda-reconciliacion_0_KE26FcGXJ1.html\" target=\"_self\" rel=\"noopener noreferrer\"><br \/>\n<img class=\"img-responsive\" alt=\"Icardi, ni al banco en Turqu\u00eda: \u00bfviaj\u00f3 para reconciliarse con Wanda Nara?\" src=\"http:\/\/hoycordobaweb.com\/wp-content\/uploads\/2022\/10\/icardi-volvio-a-entrenarse-con-galatasaray-4.jpg\" loading=\"lazy\"><br \/>\n<\/a>\n<\/picture>\n<\/div>\n<\/div><\/div>\n<\/div>\n<div class=\"sp__Normal\">\n<div class=\"image-embeb image-trigger\" readability=\"7\">\n<picture><source media=\"(min-width: 720px)\" srcset=\"http:\/\/hoycordobaweb.com\/wp-content\/uploads\/2022\/10\/icardi-volvio-a-entrenarse-con-galatasaray-5.jpg\"><img itemprop=\"image\" src=\"http:\/\/hoycordobaweb.com\/wp-content\/uploads\/2022\/10\/icardi-volvio-a-entrenarse-con-galatasaray-5.jpg\" loading=\"lazy\" alt=\"El espa\u00f1ol Juan Mata, compa\u00f1ero de Mauro, tambi\u00e9n se pone a punto. (Twitter @GalatasaraySK)\">\n<\/picture><figcaption readability=\"4\">\n<p>El espa\u00f1ol Juan Mata, compa\u00f1ero de Mauro, tambi\u00e9n se pone a punto. (Twitter @GalatasaraySK)\n<\/p>\n<\/figcaption><\/div>\n<\/div>\n<p>Actualmente, Icardi<mark><strong> se puso el chip de futbolista y ya piensa en el Galatasaray.<\/strong><\/mark> Ya lleva un mes en el club y un gol, de penal, pero en un amistoso. Contando partidos oficiales, solamente sum\u00f3 28 minutos y aspira a entrenarse de buena manera para ser considerado en el pr\u00f3ximo partido, que ser\u00e1 el <strong>15 de octubre ante el&nbsp;Kastamonu Spor Kul\u00fcb\u00fc<\/strong> por la tercera ronda de la Copa de Turqu\u00eda. <strong>\u00bfTendr\u00e1 su estreno como titular?<\/strong><\/p>\n<div class=\"sp__SM\">\n<div class=\"content-new \">\n<span class=\"tit-mobile\">Mir\u00e1 tambi\u00e9n<\/span><\/p>\n<div class=\"mg\">\n<div class=\"wrap-figure\">\n<picture>\n<a href=\"https:\/\/www.ole.com.ar\/fuera-de-juego\/wanda-icardi-posteo-reconciliacion_0_gar3qalpxb.html\" target=\"_self\" rel=\"noopener noreferrer\"><br \/>\n<img class=\"img-responsive\" alt=\"El nuevo posteo de Icardi: \u00bfr\u00e1pida reconciliaci\u00f3n con Wanda?\" src=\"http:\/\/hoycordobaweb.com\/wp-content\/uploads\/2022\/10\/icardi-volvio-a-entrenarse-con-galatasaray-6.jpg\" loading=\"lazy\"><br \/>\n<\/a>\n<\/picture>\n<\/div>\n<\/div><\/div>\n<\/div>\n<div class=\"entry-tags\">\n<h2>TEMAS QUE APARECEN EN ESTA NOTA<\/h2>\n<\/p><\/div>\n","protected":false},"excerpt":{"rendered":"<p>En medio de su medi\u00e1tica relaci\u00f3n con&nbsp;Wanda Nara, Mauro volvi\u00f3 a hacer lo que siempre supo hacer: jugar a la pelota. Este mi\u00e9rcoles, el club public\u00f3 una serie de fotos en las que se ve al argentino entrenado nuevamente en el Galatasaray. Hace unos d\u00edas, pintaba para tener su estreno como titular, pero finalmente no [&hellip;]<\/p>\n","protected":false},"author":1,"featured_media":49504,"comment_status":"open","ping_status":"closed","sticky":false,"template":"","format":"standard","meta":[],"categories":[16],"tags":[],"_links":{"self":[{"href":"http:\/\/hoycordobaweb.com\/index.php\/wp-json\/wp\/v2\/posts\/49503"}],"collection":[{"href":"http:\/\/hoycordobaweb.com\/index.php\/wp-json\/wp\/v2\/posts"}],"about":[{"href":"http:\/\/hoycordobaweb.com\/index.php\/wp-json\/wp\/v2\/types\/post"}],"author":[{"embeddable":true,"href":"http:\/\/hoycordobaweb.com\/index.php\/wp-json\/wp\/v2\/users\/1"}],"replies":[{"embeddable":true,"href":"http:\/\/hoycordobaweb.com\/index.php\/wp-json\/wp\/v2\/comments?post=49503"}],"version-history":[{"count":0,"href":"http:\/\/hoycordobaweb.com\/index.php\/wp-json\/wp\/v2\/posts\/49503\/revisions"}],"wp:featuredmedia":[{"embeddable":true,"href":"http:\/\/hoycordobaweb.com\/index.php\/wp-json\/wp\/v2\/media\/49504"}],"wp:attachment":[{"href":"http:\/\/hoycordobaweb.com\/index.php\/wp-json\/wp\/v2\/media?parent=49503"}],"wp:term":[{"taxonomy":"category","embeddable":true,"href":"http:\/\/hoycordobaweb.com\/index.php\/wp-json\/wp\/v2\/categories?post=49503"},{"taxonomy":"post_tag","embeddable":true,"href":"http:\/\/hoycordobaweb.com\/index.php\/wp-json\/wp\/v2\/tags?post=49503"}],"curies":[{"name":"wp","href":"https:\/\/api.w.org\/{rel}","templated":true}]}}