{"id":49460,"date":"2022-10-04T14:20:57","date_gmt":"2022-10-04T14:20:57","guid":{"rendered":"https:\/\/www.mujerhoy.com\/moda\/no-te-pierdas\/reina-letizia-vestido-rojo-mango-favorece-look-barato-elegante-20221004142234-nt.html"},"modified":"2022-10-04T14:20:57","modified_gmt":"2022-10-04T14:20:57","slug":"la-reina-letizia-rescata-su-vestido-rojo-mas-favorecedor-y-lo-puedes-comprar-en-mango-baratisimo","status":"publish","type":"post","link":"http:\/\/hoycordobaweb.com\/index.php\/2022\/10\/04\/la-reina-letizia-rescata-su-vestido-rojo-mas-favorecedor-y-lo-puedes-comprar-en-mango-baratisimo\/","title":{"rendered":"La reina Letizia rescata su vestido rojo m\u00e1s favorecedor y lo puedes comprar en Mango barat\u00edsimo"},"content":{"rendered":"<p><!-- AUTHOR --><!-- COMPONENTS --><\/p>\n<p class=\"voc-paragraph\">Del estilo de <strong>la reina Letizia<\/strong> nos gusta todo. Desde <strong>sus looks <\/strong>m\u00e1s casual y b\u00e1sicos como <a data-voc-vtm-id=\"in-text-traffic\" href=\"https:\/\/www.mujerhoy.com\/moda\/no-te-pierdas\/reina-letizia-pantalones-negros-culotte-zara-favorecen-sientan-bien-look-barato-oficina-20220928123150-nt.html\" target=\"_blank\" rel=\"noopener noreferrer\">este \u00faltimo con pantalones culotte de Zara<\/a> a los que lelva en las citas m\u00e1s importantes cuando se viste de gala. La monarca siempre acierta y en su \u00faltima aparici\u00f3n p\u00fablica lo ha vuelto a demostrar.\n<\/p>\n<p class=\"voc-paragraph\">Do\u00f1a Letizia ha estado en la ma\u00f1ana de hoy en <strong>Aranjuez<\/strong>. Ha acudido a la localidad madrile\u00f1a <strong>junto al rey Felipe VI<\/strong> para presidir en el Palacio Real de Aranjuez la reuni\u00f3n anual del <strong>Patronato del Instituto Cervantes <\/strong>y el almuerzo con los Patronos del Instituto Cervantes y los embajadores iberoamericanos acreditados en Espa\u00f1a.\n<\/p>\n<p class=\"voc-paragraph\">El rey ostenta la Presidencia de Honor de este organismo y es por ello que los representantes de la naci\u00f3n han acudido a este acto donde tambi\u00e9n se ha entregado el \u00abPremio \u00d1 2022\u00bb a Gabriele Moreli, fil\u00f3logo hispanista italiano, catedr\u00e1tico de la Universidad de B\u00e9rgamo.\n<\/p>\n<p class=\"voc-paragraph\">Para la cita, do\u00f1a Letizia ha lucido el que es su look favorito: un vestido rojo. La monarca ha recurrido a su f\u00f3rmula prefereida y con la que est\u00e1s m\u00e1s favorecida rescatando de su armario un vestido rojo ideal, muy ponible y que le sienta de maravilla.\n<\/p>\n<div class=\"voc-detail__cmp\">\n<div class=\"voc-article-container\">\n<article class=\"voc-article voc-article--cmp-photo-text\" readability=\"26\">\n<div class=\"voc-img-container\" readability=\"7\"><picture>\n<div class=\"voc-horizontal voc-img-icon-link\"><img class=\"lazy\" loading=\"lazy\" data-original=\"\/\/static3.mujerhoy.com\/www\/multimedia\/202210\/04\/media\/cortadas\/letizia-vestido-rojo-k7uF--624x624@MujerHoy.jpg\" alt=\"El rey y la reina en un acto en el Instituto Cervantes.\"><\/div>\n<\/picture>\n<p class=\"figure-caption \"> El rey y la reina en un acto en el Instituto Cervantes. \/ <span class=\"voc-photo-author\"> casa real <\/span><\/p>\n<\/div>\n<\/article>\n<\/div>\n<\/div>\n<p class=\"voc-paragraph\">La monarca sac\u00f3 de su armario un <strong>vestido de Cherubina<\/strong>, la firma made in Spain que arrasa con vestidos de invitada y que ha vestido en varias ocasiones. Se trata de un dise\u00f1o midi, con mangas abullonadas y corte cruzado qeu se adapta a la perfecci\u00f3n a la cintura.\n<\/p>\n<p class=\"voc-paragraph\">Sin emabrgo, lo mejor de la prenda es el potente color rojo que, como te hemos explicado varias veces, es un tono que favorece a cualquier tipo de piel. Y es por ello que es el favorito de la reina. Recurre a \u00e9l en todo tipo de ocasiones y una vez m\u00e1s ha demostrado lo bien que sienta.\n<\/p>\n<p class=\"voc-paragraph\">Lo combin\u00f3 con unos salones destalonados <strong>en color beige <\/strong>y su <strong>anillo favorito de Karen Hallam<\/strong>. Estaba ideal y como se trata de un vestido de temporadas pasadas, hemos buscado una copia low cost con la que pruebes este dise\u00f1o tan favorecedor.\n<\/p>\n<div class=\"voc-detail-photo-zoom\"><picture data-toggle=\"modal\" data-target=\"#photoZoomModal-705\" target=\"modal\">\n<div class=\"voc-img-icon-link\"><img loading=\"lazy\" data-original=\"\/\/static2.mujerhoy.com\/www\/multimedia\/202210\/04\/media\/cortadas\/vestido-rojo-mango-kyzD--460x637@MujerHoy.png\" class=\"lazy\" alt=\"El vestido de Mango.\"><noscript><img src=\"http:\/\/hoycordobaweb.com\/wp-content\/uploads\/2022\/10\/la-reina-letizia-rescata-su-vestido-rojo-mas-favorecedor-y-lo-puedes-comprar-en-mango-baratisimo.png\" alt=\"El vestido de Mango.\"><\/noscript><i class=\"voc-icons zoom voc-multimedia-box voc-ico-l\"><\/i><\/div><figcaption class=\"figure-caption\">El vestido de Mango.<\/figcaption><\/picture><\/div>\n<div id=\"photoZoomModal-705\" class=\"voc-lightbox modal fade voc-lightbox--photo-zoom\" role=\"dialog\" data-voc-photozoom-lightbox>\n<div class=\"voc-lightbox__dialog\" role=\"document\">\n<div class=\"voc-lightbox__content\"><!-- Modal header --><!-- Modal content --><\/p>\n<div class=\"voc-lightbox__photo-container\"><picture class><img loading=\"lazy\" data-original=\"\/\/static2.mujerhoy.com\/www\/multimedia\/202210\/04\/media\/cortadas\/vestido-rojo-mango-kyzD--460x637@MujerHoy.png\" alt=\"El vestido de Mango.\" class=\"lazy\"><noscript><img src=\"http:\/\/hoycordobaweb.com\/wp-content\/uploads\/2022\/10\/la-reina-letizia-rescata-su-vestido-rojo-mas-favorecedor-y-lo-puedes-comprar-en-mango-baratisimo.png\" alt=\"El vestido de Mango.\"><\/noscript><\/picture><\/div>\n<\/div>\n<\/div>\n<\/div>\n<p class=\"voc-paragraph\">Se trata de un vestido de <strong>Mango<\/strong> que tiene un dise\u00f1o muy similar al de la monarca. Est\u00e1 confeccionado en un tejido con textura y es un modelo de manga larga con largo midi y escote en pico. Tambi\u00e9n tiene un corte cruzado que se ajusta a la cintura y se diferencia en que es de manga larga.\n<\/p>\n<div class=\"voc-detail__cmp\">\n<div class=\"voc-article-container\">\n<article class=\"voc-article voc-article--cmp-video\" readability=\"26\">\n<div class=\"voc-img-container \" readability=\"7\"><picture><\/picture>\n<p class=\"figure-caption \"><span class=\"voc-gallery-type\"><i class=\"voc-icons video\"><\/i> V\u00eddeo. <\/span> Los looks de gala m\u00e1s espectaculares de la reina Letizia <span class=\"voc-photo-author\"><\/span><\/p>\n<\/div>\n<\/article>\n<\/div>\n<\/div>\n<p class=\"voc-paragraph\">Pero lo mejor de todo es que <strong>cuesta 35,99 euros<\/strong>, un precio muy asequible en el que merece la pena invertir. Adem\u00e1s, es un vestido s\u00faper ponible que puedes usar en el d\u00eda a d\u00eda con zapatos planos o incluso zapatillas, pero que tambi\u00e9n vale para un evento si te pones taconazos. \u00a1Lo queremos!\n<\/p>\n<p><!-- TOPICS --><\/p>\n","protected":false},"excerpt":{"rendered":"<p>Del estilo de la reina Letizia nos gusta todo. Desde sus looks m\u00e1s casual y b\u00e1sicos como este \u00faltimo con pantalones culotte de Zara a los que lelva en las citas m\u00e1s importantes cuando se viste de gala. La monarca siempre acierta y en su \u00faltima aparici\u00f3n p\u00fablica lo ha vuelto a demostrar. Do\u00f1a Letizia [&hellip;]<\/p>\n","protected":false},"author":1,"featured_media":49461,"comment_status":"closed","ping_status":"closed","sticky":false,"template":"","format":"standard","meta":[],"categories":[1],"tags":[],"_links":{"self":[{"href":"http:\/\/hoycordobaweb.com\/index.php\/wp-json\/wp\/v2\/posts\/49460"}],"collection":[{"href":"http:\/\/hoycordobaweb.com\/index.php\/wp-json\/wp\/v2\/posts"}],"about":[{"href":"http:\/\/hoycordobaweb.com\/index.php\/wp-json\/wp\/v2\/types\/post"}],"author":[{"embeddable":true,"href":"http:\/\/hoycordobaweb.com\/index.php\/wp-json\/wp\/v2\/users\/1"}],"replies":[{"embeddable":true,"href":"http:\/\/hoycordobaweb.com\/index.php\/wp-json\/wp\/v2\/comments?post=49460"}],"version-history":[{"count":0,"href":"http:\/\/hoycordobaweb.com\/index.php\/wp-json\/wp\/v2\/posts\/49460\/revisions"}],"wp:featuredmedia":[{"embeddable":true,"href":"http:\/\/hoycordobaweb.com\/index.php\/wp-json\/wp\/v2\/media\/49461"}],"wp:attachment":[{"href":"http:\/\/hoycordobaweb.com\/index.php\/wp-json\/wp\/v2\/media?parent=49460"}],"wp:term":[{"taxonomy":"category","embeddable":true,"href":"http:\/\/hoycordobaweb.com\/index.php\/wp-json\/wp\/v2\/categories?post=49460"},{"taxonomy":"post_tag","embeddable":true,"href":"http:\/\/hoycordobaweb.com\/index.php\/wp-json\/wp\/v2\/tags?post=49460"}],"curies":[{"name":"wp","href":"https:\/\/api.w.org\/{rel}","templated":true}]}}