{"id":49405,"date":"2022-10-03T14:51:37","date_gmt":"2022-10-03T14:51:37","guid":{"rendered":"https:\/\/www.mujerhoy.com\/moda\/no-te-pierdas\/harper-beckham-vestido-lencero-zapatillas-look-favorito-zara-victoria-desfile-paris-20221003121339-nt.html"},"modified":"2022-10-03T14:51:37","modified_gmt":"2022-10-03T14:51:37","slug":"vestido-lencero-y-zapatillas-el-look-favorito-de-harper-beckham-con-el-que-ha-robado-protagonismo-a-victoria-beckham","status":"publish","type":"post","link":"http:\/\/hoycordobaweb.com\/index.php\/2022\/10\/03\/vestido-lencero-y-zapatillas-el-look-favorito-de-harper-beckham-con-el-que-ha-robado-protagonismo-a-victoria-beckham\/","title":{"rendered":"Vestido lencero y zapatillas, el look favorito de Harper Beckham con el que ha robado protagonismo a Victoria Beckham"},"content":{"rendered":"<p><!-- AUTHOR --><!-- COMPONENTS --><\/p>\n<p class=\"voc-paragraph\">A <strong>Victoria Beckham <\/strong>le ha salido un duro competidor en cuanto a estilo se refiere: <a data-voc-vtm-id=\"in-text-traffic\" href=\"https:\/\/www.mujerhoy.com\/celebrities\/202006\/24\/harper-seven-heredera-imperio-futbol-padre-david-beckham-20200624113222.html\">su hija Harper<\/a>. A sus 11 a\u00f1os, la peque\u00f1a de los Beckham luce estilismos que no pasan desapercibidos y que consiguen robar el protagonismo a la dise\u00f1adora. Algo que ha quedado m\u00e1s que confirmado durante el <strong>desfile <\/strong>de Victoria Beckham en la <strong>Fashion Week de Par\u00eds<\/strong>.\n<\/p>\n<p class=\"voc-paragraph\">La capital francesa se ha vestido de lujo para celebrar durante estos d\u00edas la que se es la semana m\u00e1s importante del mundo, junto con la de Mil\u00e1n. La ciudad ha acogido los desfiles de firmas de la talla de Dior a los que han acudido rostros conocidos.\n<\/p>\n<div class=\"voc-detail__cmp\">\n<div class=\"voc-article-container\">\n<article class=\"voc-article voc-article--cmp-video\" readability=\"26\">\n<div class=\"voc-img-container \" readability=\"7\"><picture><\/picture>\n<p class=\"figure-caption \"><span class=\"voc-gallery-type\"><i class=\"voc-icons video\"><\/i> V\u00eddeo. <\/span> David Beckham presume de hijos en una foto muy familiar <span class=\"voc-photo-author\"><\/span><\/p>\n<\/div>\n<\/article>\n<\/div>\n<\/div>\n<p class=\"voc-paragraph\">En el front row de las pasarelas hemos visto a un sinf\u00edn de &#8216;celebs&#8217;. Eva Longoria, las Kardashian, Zendaya o Chiara Ferragni han sido algunas de las que o han querido perderse estos shows y, entre los m\u00e1s virales y concurridos ha sido el de Victoria Beckham.\n<\/p>\n<p class=\"voc-paragraph\">La ex Spice Girl ha triunfado presentando su nueva colecci\u00f3n para la primavera verano y, como no pod\u00eda ser de otra forma, el resto de la familia Beckham ha estado ah\u00ed para apoyarle. Tanto sus hijos como su marido han <strong>protagonizado la primera fila del desfile<\/strong> y la peque\u00f1a Harper ha sido la que ha acaparado todas las miradas.\n<\/p>\n<div class=\"voc-detail-photo-zoom\"><picture data-toggle=\"modal\" data-target=\"#photoZoomModal-906\" target=\"modal\">\n<div class=\"voc-img-icon-link\"><img loading=\"lazy\" data-original=\"\/\/static2.mujerhoy.com\/www\/multimedia\/202210\/03\/media\/cortadas\/david-beckham-hija-kQkH--460x637@MujerHoy.jpg\" class=\"lazy\" alt=\"David Beckham y Harper en su llegada al desfile, \/ GTRES\"><noscript><img src=\"http:\/\/hoycordobaweb.com\/wp-content\/uploads\/2022\/10\/vestido-lencero-y-zapatillas-el-look-favorito-de-harper-beckham-con-el-que-ha-robado-protagonismo-a-victoria-beckham.jpg\" alt=\"David Beckham y Harper en su llegada al desfile, \/ GTRES\"><\/noscript><i class=\"voc-icons zoom voc-multimedia-box voc-ico-l\"><\/i><\/div><figcaption class=\"figure-caption\">David Beckham y Harper en su llegada al desfile, \/ GTRES<\/figcaption><\/picture><\/div>\n<div id=\"photoZoomModal-906\" class=\"voc-lightbox modal fade voc-lightbox--photo-zoom\" role=\"dialog\" data-voc-photozoom-lightbox>\n<div class=\"voc-lightbox__dialog\" role=\"document\">\n<div class=\"voc-lightbox__content\"><!-- Modal header --><!-- Modal content --><\/p>\n<div class=\"voc-lightbox__photo-container\"><picture class><img loading=\"lazy\" data-original=\"\/\/static2.mujerhoy.com\/www\/multimedia\/202210\/03\/media\/cortadas\/david-beckham-hija-kQkH--460x637@MujerHoy.jpg\" alt=\"David Beckham y Harper en su llegada al desfile, \/ GTRES\" class=\"lazy\"><noscript><img src=\"http:\/\/hoycordobaweb.com\/wp-content\/uploads\/2022\/10\/vestido-lencero-y-zapatillas-el-look-favorito-de-harper-beckham-con-el-que-ha-robado-protagonismo-a-victoria-beckham.jpg\" alt=\"David Beckham y Harper en su llegada al desfile, \/ GTRES\"><\/noscript><\/picture><\/div>\n<\/div>\n<\/div>\n<\/div>\n<p class=\"voc-paragraph\">Y el motivo ha sido principalmente su look. En sus \u00faltimas apariciones p\u00fablicas, la hija de los Beckham ha dejado claro cu\u00e1l es su estilo a la hora de vestir. A pesar de que tiene tan solo 11 a\u00f1os, la joven ya marca la diferencia <strong>combinando prendas informales con otras m\u00e1s elegantes<\/strong>.\n<\/p>\n<p class=\"voc-paragraph\">El resultado son estilismos sofisticados, con un claro toque moderno y actual, pero que mantienen la imagen ani\u00f1ada acorde con su edad. Incluso llevando piezas de mujer que forman parte de la colecci\u00f3n que su madre ha dise\u00f1ado. \u00a1Es total!\n<\/p>\n<div class=\"voc-detail-photo-zoom\"><picture data-toggle=\"modal\" data-target=\"#photoZoomModal-133\" target=\"modal\">\n<div class=\"voc-img-icon-link\"><img loading=\"lazy\" data-original=\"\/\/static2.mujerhoy.com\/www\/multimedia\/202210\/03\/media\/cortadas\/harper-beckham-look-kQkH--460x637@MujerHoy.jpg\" class=\"lazy\" alt=\"Harper y David Beckham junto a Anna Wintour. \/ @victoriabeckham\"><noscript><img src=\"http:\/\/hoycordobaweb.com\/wp-content\/uploads\/2022\/10\/vestido-lencero-y-zapatillas-el-look-favorito-de-harper-beckham-con-el-que-ha-robado-protagonismo-a-victoria-beckham-1.jpg\" alt=\"Harper y David Beckham junto a Anna Wintour. \/ @victoriabeckham\"><\/noscript><i class=\"voc-icons zoom voc-multimedia-box voc-ico-l\"><\/i><\/div><figcaption class=\"figure-caption\">Harper y David Beckham junto a Anna Wintour. \/ @victoriabeckham<\/figcaption><\/picture><\/div>\n<div id=\"photoZoomModal-133\" class=\"voc-lightbox modal fade voc-lightbox--photo-zoom\" role=\"dialog\" data-voc-photozoom-lightbox>\n<div class=\"voc-lightbox__dialog\" role=\"document\">\n<div class=\"voc-lightbox__content\"><!-- Modal header --><!-- Modal content --><\/p>\n<div class=\"voc-lightbox__photo-container\"><picture class><img loading=\"lazy\" data-original=\"\/\/static2.mujerhoy.com\/www\/multimedia\/202210\/03\/media\/cortadas\/harper-beckham-look-kQkH--460x637@MujerHoy.jpg\" alt=\"Harper y David Beckham junto a Anna Wintour. \/ @victoriabeckham\" class=\"lazy\"><noscript><img src=\"http:\/\/hoycordobaweb.com\/wp-content\/uploads\/2022\/10\/vestido-lencero-y-zapatillas-el-look-favorito-de-harper-beckham-con-el-que-ha-robado-protagonismo-a-victoria-beckham-1.jpg\" alt=\"Harper y David Beckham junto a Anna Wintour. \/ @victoriabeckham\"><\/noscript><\/picture><\/div>\n<\/div>\n<\/div>\n<\/div>\n<p class=\"voc-paragraph\">Para la cita, Harper escogi\u00f3 un <strong>vestido lencero en color negro<\/strong>. Un dise\u00f1o largo, de tirante fino y escote en forma de pico con detalles de encaje que le quedaba de lujo. Se trata de una prenda comod\u00edn que incluir en el armario y que nunca pasa de moda y a la que Harper le dio un toque informal.\n<\/p>\n<p class=\"voc-paragraph\">\u00bfC\u00f3mo? A\u00f1adiendo las que son sus zapatillas favoritas: <strong>las Jordan de Nike<\/strong>. No es la primera vez que vemos a Harper lucir este modelo de calzado, de hecho, las tiene en colores diferentes. Y aunque son un modelo casual, lo cierto es que ella las usa con absolutamente todo, incluso en los looks de gala.\n<\/p>\n<p class=\"voc-paragraph\">Y esta combinaci\u00f3n le gusta tanto, que en estos d\u00edas la ha llevado en dos ocasiones. Durante el desfile escogi\u00f3 la opci\u00f3n negro, la cual combin\u00f3 con zapatillas a juego. Despu\u00e9s,<br \/>\n<strong> volvi\u00f3 a apostar por exactamente la misma f\u00f3rmula<\/strong>, aunque esta vez prefiri\u00f3 el amarillo.\n<\/p>\n<p class=\"voc-paragraph\">Harper fue fotografiada junto a su madre con el mismo vestido lencero, pero en un tono <strong>amarillo pastel<\/strong> con los mismos detalles de encaje en color negro a contraste. Un dise\u00f1o que luci\u00f3 con la melena suelta, en vez del peinado con trenzas, y que volvi\u00f3 a combinar con las Jordan a juego.\n<\/p>\n<div class=\"voc-detail-photo-zoom\"><picture data-toggle=\"modal\" data-target=\"#photoZoomModal-553\" target=\"modal\">\n<div class=\"voc-img-icon-link\"><img loading=\"lazy\" data-original=\"\/\/static1.mujerhoy.com\/www\/multimedia\/202210\/03\/media\/cortadas\/vestido-lencero-negro-zara-kQkH--460x637@MujerHoy.jpg\" class=\"lazy\" alt=\"El vestido de Zara.\"><noscript><img src=\"http:\/\/hoycordobaweb.com\/wp-content\/uploads\/2022\/10\/vestido-lencero-y-zapatillas-el-look-favorito-de-harper-beckham-con-el-que-ha-robado-protagonismo-a-victoria-beckham-2.jpg\" alt=\"El vestido de Zara.\"><\/noscript><i class=\"voc-icons zoom voc-multimedia-box voc-ico-l\"><\/i><\/div><figcaption class=\"figure-caption\">El vestido de Zara.<\/figcaption><\/picture><\/div>\n<div id=\"photoZoomModal-553\" class=\"voc-lightbox modal fade voc-lightbox--photo-zoom\" role=\"dialog\" data-voc-photozoom-lightbox>\n<div class=\"voc-lightbox__dialog\" role=\"document\">\n<div class=\"voc-lightbox__content\"><!-- Modal header --><!-- Modal content --><\/p>\n<div class=\"voc-lightbox__photo-container\"><picture class><img loading=\"lazy\" data-original=\"\/\/static1.mujerhoy.com\/www\/multimedia\/202210\/03\/media\/cortadas\/vestido-lencero-negro-zara-kQkH--460x637@MujerHoy.jpg\" alt=\"El vestido de Zara.\" class=\"lazy\"><noscript><img src=\"http:\/\/hoycordobaweb.com\/wp-content\/uploads\/2022\/10\/vestido-lencero-y-zapatillas-el-look-favorito-de-harper-beckham-con-el-que-ha-robado-protagonismo-a-victoria-beckham-2.jpg\" alt=\"El vestido de Zara.\"><\/noscript><\/picture><\/div>\n<\/div>\n<\/div>\n<\/div>\n<p class=\"voc-paragraph\">\u00bfTe ha gustado la propuesta de Harper? Pues hemos encontrado en <strong>Zara <\/strong>un vestido lencero que es muy parecido al que ha llevado. Se trata de un modelo satinado y largo, que tambi\u00e9n tiene detalles de encaje en el escote. \u00a1Y cuesta <strong>39,95 euros<\/strong>!\n<\/p>\n<p><!-- TOPICS --><\/p>\n","protected":false},"excerpt":{"rendered":"<p>A Victoria Beckham le ha salido un duro competidor en cuanto a estilo se refiere: su hija Harper. A sus 11 a\u00f1os, la peque\u00f1a de los Beckham luce estilismos que no pasan desapercibidos y que consiguen robar el protagonismo a la dise\u00f1adora. Algo que ha quedado m\u00e1s que confirmado durante el desfile de Victoria Beckham [&hellip;]<\/p>\n","protected":false},"author":1,"featured_media":49406,"comment_status":"closed","ping_status":"closed","sticky":false,"template":"","format":"standard","meta":[],"categories":[1],"tags":[],"_links":{"self":[{"href":"http:\/\/hoycordobaweb.com\/index.php\/wp-json\/wp\/v2\/posts\/49405"}],"collection":[{"href":"http:\/\/hoycordobaweb.com\/index.php\/wp-json\/wp\/v2\/posts"}],"about":[{"href":"http:\/\/hoycordobaweb.com\/index.php\/wp-json\/wp\/v2\/types\/post"}],"author":[{"embeddable":true,"href":"http:\/\/hoycordobaweb.com\/index.php\/wp-json\/wp\/v2\/users\/1"}],"replies":[{"embeddable":true,"href":"http:\/\/hoycordobaweb.com\/index.php\/wp-json\/wp\/v2\/comments?post=49405"}],"version-history":[{"count":0,"href":"http:\/\/hoycordobaweb.com\/index.php\/wp-json\/wp\/v2\/posts\/49405\/revisions"}],"wp:featuredmedia":[{"embeddable":true,"href":"http:\/\/hoycordobaweb.com\/index.php\/wp-json\/wp\/v2\/media\/49406"}],"wp:attachment":[{"href":"http:\/\/hoycordobaweb.com\/index.php\/wp-json\/wp\/v2\/media?parent=49405"}],"wp:term":[{"taxonomy":"category","embeddable":true,"href":"http:\/\/hoycordobaweb.com\/index.php\/wp-json\/wp\/v2\/categories?post=49405"},{"taxonomy":"post_tag","embeddable":true,"href":"http:\/\/hoycordobaweb.com\/index.php\/wp-json\/wp\/v2\/tags?post=49405"}],"curies":[{"name":"wp","href":"https:\/\/api.w.org\/{rel}","templated":true}]}}