{"id":49385,"date":"2022-10-03T20:11:11","date_gmt":"2022-10-03T20:11:11","guid":{"rendered":"https:\/\/ladecimaweb.com\/?p=14646"},"modified":"2022-10-03T20:11:11","modified_gmt":"2022-10-03T20:11:11","slug":"el-abogado-de-la-joven-que-sufrio-una-brutal-violacion-grupal-revelo-que-podria-haber-nueve-atacantes","status":"publish","type":"post","link":"http:\/\/hoycordobaweb.com\/index.php\/2022\/10\/03\/el-abogado-de-la-joven-que-sufrio-una-brutal-violacion-grupal-revelo-que-podria-haber-nueve-atacantes\/","title":{"rendered":"El abogado de la joven que sufri\u00f3 una brutal violaci\u00f3n grupal revel\u00f3 que podr\u00eda haber nueve atacantes"},"content":{"rendered":"<div class=\"boldgrid-section\">\n<div class=\"container\">\n<div class=\"row\">\n<div class=\"col-md-12 col-xs-12 col-sm-12\">\n<p>El<span>&nbsp;<\/span><strong>abogado de la joven de 25 a\u00f1os que sufri\u00f3 una brutal violaci\u00f3n por un grupo en C\u00f3rdoba<\/strong>, Carlos Mar\u00eda Gonz\u00e1lez Quintana, revel\u00f3 que<span>&nbsp;<\/span><strong>\u201cel relato que va a intentar reconstruir la v\u00edctima de a poco habla de nueve personas\u201d<\/strong>, y subray\u00f3: \u201cAsistimos a un hecho que por un milagro no fue fatal\u201d.<\/p>\n<p>Por otra parte,<span>&nbsp;<\/span><strong>detall\u00f3 c\u00f3mo fueron los ataques anteriores: \u201cLa primera violaci\u00f3n grupal que sufre fue en 2018 a manos de personas que eran de su mismo entorno social, del barrio<\/strong>. Esto fue en una casa, donde amigos y amigas compart\u00edan una fiesta\u201d, y denunci\u00f3 que \u201ca partir de all\u00ed ella denuncia este hecho y viene lo peor, que es la amenaza constante de seguir viol\u00e1ndola mientras continuara con la b\u00fasqueda de Justicia\u201d.<\/p>\n<p class=\"\">\u201cCumplieron con esa promesa porque<strong><span>&nbsp;<\/span>hace seis meses la raptaron en una zona p\u00fablica donde ven\u00eda caminando. La forzaron para subirla a un auto y ah\u00ed se dio la segunda de las tres violaciones grupales\u201d<\/strong>, se lament\u00f3 Gonz\u00e1lez Quintana.<\/p>\n<p>Adem\u00e1s, cont\u00f3 que<span>&nbsp;<\/span><a href=\"https:\/\/noticiasargentinas.com\/sociedad\/violacion-grupal-en-cordoba-hay-tres-detenidos-y-otros-cuatro-sospechosos-en-la-mira\" target=\"_blank\" rel=\"noopener noreferrer\"><strong>\u201cella reconoce a al menos tres como atacantes anteriores\u201d.<\/strong><\/a><\/p>\n<p>Con respecto al lugar en el que fue encontrada la v\u00edctima luego de la brutal violaci\u00f3n, el abogado explic\u00f3:<span>&nbsp;<\/span><strong>\u201cAl cuerpo lo dejaron abandonado en un estado deplorable f\u00edsica y psicol\u00f3gicamente a la vera de una circunvalaci\u00f3n de C\u00f3rdoba con la zona perif\u00e9rica.<\/strong><span>&nbsp;<\/span>Fue hallada por un automovilista que pas\u00f3 por all\u00ed en la madrugada del domingo anterior\u201d. Y continu\u00f3: \u201cLa ambulancia la llev\u00f3 de urgencia al hospital donde<strong><span>&nbsp;<\/span>estuvo recuper\u00e1ndose f\u00edsicamente de dos operaciones por la fractura de pelvis que tiene, para ser dada de alta el viernes pasado\u201d.<\/strong><\/p>\n<p><strong>Otro hecho que critic\u00f3 fue la cantidad de denuncias que realiz\u00f3 la familia desde que la primera violaci\u00f3n (28 en total)<\/strong>: \u201cLo m\u00e1s grave es que el Estado ha fallado una vez m\u00e1s. Los resortes judiciales han vuelto a demostrar su ineficacia a la hora de prevenir situaciones como estas\u201d.<\/p>\n<p class=\"\">Por \u00faltimo, reconoci\u00f3 que<strong><span>&nbsp;<\/span><a href=\"https:\/\/noticiasargentinas.com\/sociedad\/le-dieron-de-alta-a-la-joven-que-fue-brutalmente-violada-en-grupo-en-cordoba\" target=\"_blank\" rel=\"noopener noreferrer\">\u201cla recuperaci\u00f3n que tiene por delante es compleja y larga\u201d<\/a>, pero destac\u00f3 el apoyo de su familia y un grupo de psic\u00f3logas<\/strong><span>&nbsp;<\/span>\u201cque la contienen ahora en su hogar\u201d.<\/p>\n<p class=\"\">\n<div class=\"ubm_banner\"><a href=\"https:\/\/www.cba.gov.ar\" target=\"_blank\" rel=\"dofollow noopener noreferrer\"><img src=\"http:\/\/hoycordobaweb.com\/wp-content\/uploads\/2022\/10\/el-abogado-de-la-joven-que-sufrio-una-brutal-violacion-grupal-revelo-que-podria-haber-nueve-atacantes.gif\" alt=\"\"><\/a><\/div>\n<\/div>\n<\/div>\n<\/div>\n<\/div>\n<p>La entrada <a rel=\"nofollow\" href=\"https:\/\/ladecimaweb.com\/el-abogado-de-la-joven-que-sufrio-una-brutal-violacion-grupal-revelo-que-podria-haber-nueve-atacantes\/\">El abogado de la joven que sufri\u00f3 una brutal violaci\u00f3n grupal revel\u00f3 que podr\u00eda haber nueve atacantes<\/a> se public\u00f3 primero en <a rel=\"nofollow\" href=\"https:\/\/ladecimaweb.com\">LaDecima<\/a>.<\/p>\n","protected":false},"excerpt":{"rendered":"<p>El&nbsp;abogado de la joven de 25 a\u00f1os que sufri\u00f3 una brutal violaci\u00f3n por un grupo en C\u00f3rdoba, Carlos Mar\u00eda Gonz\u00e1lez Quintana, revel\u00f3 que&nbsp;\u201cel relato que va a intentar reconstruir la v\u00edctima de a poco habla de nueve personas\u201d, y subray\u00f3: \u201cAsistimos a un hecho que por un milagro no fue fatal\u201d. Por otra parte,&nbsp;detall\u00f3 c\u00f3mo [&hellip;]<\/p>\n","protected":false},"author":1,"featured_media":49386,"comment_status":"closed","ping_status":"closed","sticky":false,"template":"","format":"standard","meta":[],"categories":[19],"tags":[],"_links":{"self":[{"href":"http:\/\/hoycordobaweb.com\/index.php\/wp-json\/wp\/v2\/posts\/49385"}],"collection":[{"href":"http:\/\/hoycordobaweb.com\/index.php\/wp-json\/wp\/v2\/posts"}],"about":[{"href":"http:\/\/hoycordobaweb.com\/index.php\/wp-json\/wp\/v2\/types\/post"}],"author":[{"embeddable":true,"href":"http:\/\/hoycordobaweb.com\/index.php\/wp-json\/wp\/v2\/users\/1"}],"replies":[{"embeddable":true,"href":"http:\/\/hoycordobaweb.com\/index.php\/wp-json\/wp\/v2\/comments?post=49385"}],"version-history":[{"count":0,"href":"http:\/\/hoycordobaweb.com\/index.php\/wp-json\/wp\/v2\/posts\/49385\/revisions"}],"wp:featuredmedia":[{"embeddable":true,"href":"http:\/\/hoycordobaweb.com\/index.php\/wp-json\/wp\/v2\/media\/49386"}],"wp:attachment":[{"href":"http:\/\/hoycordobaweb.com\/index.php\/wp-json\/wp\/v2\/media?parent=49385"}],"wp:term":[{"taxonomy":"category","embeddable":true,"href":"http:\/\/hoycordobaweb.com\/index.php\/wp-json\/wp\/v2\/categories?post=49385"},{"taxonomy":"post_tag","embeddable":true,"href":"http:\/\/hoycordobaweb.com\/index.php\/wp-json\/wp\/v2\/tags?post=49385"}],"curies":[{"name":"wp","href":"https:\/\/api.w.org\/{rel}","templated":true}]}}