{"id":49350,"date":"2022-10-01T21:23:46","date_gmt":"2022-10-01T21:23:46","guid":{"rendered":"https:\/\/www.ole.com.ar\/futbol-internacional\/melo-zaracho-mineiro-fluminense-brasil_0_YLWHcPghZn.html"},"modified":"2022-10-01T21:23:46","modified_gmt":"2022-10-01T21:23:46","slug":"patadon-de-felipe-melo-a-zaracho-en-la-victoria-del-mineiro","status":"publish","type":"post","link":"http:\/\/hoycordobaweb.com\/index.php\/2022\/10\/01\/patadon-de-felipe-melo-a-zaracho-en-la-victoria-del-mineiro\/","title":{"rendered":"Patad\u00f3n de Felipe Melo a Zaracho en la victoria del Mineiro"},"content":{"rendered":"<p><img src=\"http:\/\/hoycordobaweb.com\/wp-content\/uploads\/2022\/10\/patadon-de-felipe-melo-a-zaracho-en-la-victoria-del-mineiro.jpg\"><\/p>\n<p><mark><strong>A. Mineiro venci\u00f3 este s\u00e1bado por 2-0 a Fluminense por la fecha 29 del Brasileirao.<\/strong><\/mark> El grandote Hulk anot\u00f3 los dos goles del Galo, con <strong>Mat\u00edas Zaracho (lo asisti\u00f3 en el primero)&nbsp;y Cristian Pav\u00f3n como titulares. Nacho Fern\u00e1ndez reemplaz\u00f3 al ex Boca a poco para el final.<\/strong> Pero lo que tambi\u00e9n llam\u00f3 la atenci\u00f3n, mas all\u00e1 del triunfo, f<mark>ue el patad\u00f3n que se llev\u00f3 el ex Racing de parte de un hombre bravo: Felipe Melo.<\/mark><\/p>\n<div class=\"sp__SM\">\n<div class=\"content-new \">\n<span class=\"tit-mobile\">Mir\u00e1 tambi\u00e9n<\/span><\/p>\n<div class=\"mg\">\n<div class=\"wrap-figure\">\n<picture>\n<a href=\"https:\/\/www.ole.com.ar\/ecuador\/internacional\/clasico-colo-colo-catolica-suspendido_0_SjchDjQN86.html\" target=\"_self\" rel=\"noopener noreferrer\"><br \/>\n<img class=\"img-responsive\" alt=\"Se suspendi\u00f3 un cl\u00e1sico en Chile por la tribuna ca\u00edda\" src=\"http:\/\/hoycordobaweb.com\/wp-content\/uploads\/2022\/10\/patadon-de-felipe-melo-a-zaracho-en-la-victoria-del-mineiro-2.jpg\" loading=\"lazy\"><br \/>\n<\/a>\n<\/picture>\n<\/div>\n<\/div><\/div>\n<\/div>\n<div class=\"sp__Normal\">\n<div class=\"image-embeb image-trigger\" readability=\"6\">\n<picture><source media=\"(min-width: 720px)\" srcset=\"http:\/\/hoycordobaweb.com\/wp-content\/uploads\/2022\/10\/patadon-de-felipe-melo-a-zaracho-en-la-victoria-del-mineiro-3.jpg\"><img itemprop=\"image\" src=\"http:\/\/hoycordobaweb.com\/wp-content\/uploads\/2022\/10\/patadon-de-felipe-melo-a-zaracho-en-la-victoria-del-mineiro-3.jpg\" loading=\"lazy\" alt=\"La patada de Felipe Melo a Zaracho.\">\n<\/picture><figcaption readability=\"2\">\n<p>La patada de Felipe Melo a Zaracho.\n<\/p>\n<\/figcaption><\/div>\n<\/div>\n<p>Iban 6 minutos del ST, cuando Zaracho se llev\u00f3 la pelota a un costado, cerca de la mitad de la cancha. <mark><strong>Y dominando el bal\u00f3n, Felipe Melo lo sacudi\u00f3, d\u00e1ndole un duro pisot\u00f3n en su tobillo derecho. <\/strong><\/mark>El experimentado brasile\u00f1o ya estaba amonestado, pero el \u00e1rbitro del partido no le mostr\u00f3 la segunda amarilla (y eso que hay VAR). Por fortuna, Mat\u00edas pudo continuar a pesar del dolor. Melo le ofreci\u00f3 disculpas. <\/p>\n<div class=\"sp__SM\">\n<div class=\"content-new \">\n<span class=\"tit-mobile\">Mir\u00e1 tambi\u00e9n<\/span><\/p>\n<div class=\"mg\">\n<div class=\"wrap-figure\">\n<picture>\n<a href=\"https:\/\/www.ole.com.ar\/futbol-internacional\/atlas-reemplazo-cocca-mexico_0_BWVAXEy6Us.html\" target=\"_self\" rel=\"noopener noreferrer\"><br \/>\n<img class=\"img-responsive\" alt=\"Atlas apunta a otro argentino para reemplazar a Cocca\" src=\"http:\/\/hoycordobaweb.com\/wp-content\/uploads\/2022\/10\/patadon-de-felipe-melo-a-zaracho-en-la-victoria-del-mineiro-4.jpg\" loading=\"lazy\"><br \/>\n<\/a>\n<\/picture>\n<\/div>\n<\/div><\/div>\n<\/div>\n<h2><mark><strong>EL PATAD\u00d3N DE MELO A ZARACHO<\/strong><\/mark><\/h2>\n<p>Con este resultado, <strong>el Mineiro lleg\u00f3 a los 43 puntos, aunque muy lejos del puntero Palmeiras, con 60<\/strong>. En tanto, <strong>el Flu se qued\u00f3 con 51<\/strong>, sin lograr meterle presi\u00f3n a un Verdao que asoma como el gran candidato a quedarse con el t\u00edtulo.<\/p>\n<div class=\"sp__SM\">\n<div class=\"content-new \">\n<span class=\"tit-mobile\">Mir\u00e1 tambi\u00e9n<\/span><\/p>\n<div class=\"mg\">\n<div class=\"wrap-figure\">\n<picture>\n<a href=\"https:\/\/www.ole.com.ar\/futbol-internacional\/icardi-turquia-wanda-reconciliacion_0_KE26FcGXJ1.html\" target=\"_self\" rel=\"noopener noreferrer\"><br \/>\n<img class=\"img-responsive\" alt=\"Icardi, ni al banco en Turqu\u00eda: \u00bfviaj\u00f3 para reconciliarse con Wanda Nara?\" src=\"http:\/\/hoycordobaweb.com\/wp-content\/uploads\/2022\/10\/patadon-de-felipe-melo-a-zaracho-en-la-victoria-del-mineiro-5.jpg\" loading=\"lazy\"><br \/>\n<\/a>\n<\/picture>\n<\/div>\n<\/div><\/div>\n<\/div>\n<h2><mark><strong>GOL DE HULK CON ASISTENCIA DE ZARACHO<\/strong><\/mark><\/h2>\n<p><opta-widget sport=\"football\" widget=\"timeline\" competition=\"363\" season=\"2022\" match=\"2276612\" template=\"normal\" live=\"true\" orientation=\"horizontal\" vertical_timebar_height=\"260\" show_match_header=\"true\" show_score=\"true\" show_crests=\"true\" show_assists=\"all\" show_team_formation=\"true\" show_clock=\"true\" show_period_dividers=\"true\" show_halftime_score=\"false\" show_date=\"true\" date_format=\"dddd D MMMM YYYY\" show_attendance=\"true\" show_images=\"true\" show_referee=\"true\" show_venue=\"true\" show_cards=\"all\" show_goals=\"true\" show_penalties_missed=\"true\" show_subs=\"false\" show_goals_combined=\"false\" show_shootouts=\"false\" show_competition_name=\"true\" competition_naming=\"full\" team_naming=\"full\" player_naming=\"full\" show_live=\"true\" show_logo=\"false\" show_title=\"true\" breakpoints=\"400, 700\"><\/opta-widget><opta-widget sport=\"football\" widget=\"matchstats\" competition=\"363\" season=\"2022\" match=\"2276612\" template=\"lineups\" live=\"true\" side=\"both\" column_count=\"1\" side_by_side=\"true\" show_match_header=\"true\" show_score=\"true\" show_halftime_score=\"false\" show_crests=\"false\" show_team_formation=\"true\" show_competition_name=\"true\" show_date=\"false\" date_format=\"dddd D MMMM YYYY\" order_by=\"position\" group_by_position=\"false\" show_position=\"true\" show_images=\"false\" show_key=\"false\" show_starters=\"true\" show_goalkeepers=\"true\" show_defenders=\"true\" show_midfielders=\"true\" show_forwards=\"true\" show_subs=\"true\" show_unused_subs=\"false\" show_managers=\"true\" show_captain=\"false\" show_match_events=\"true\" competition_naming=\"full\" team_naming=\"full\" player_naming=\"full\" show_live=\"false\" show_logo=\"false\" show_title=\"true\" breakpoints=\"400, 700\"><\/opta-widget><opta-widget widget=\"commentary\" competition=\"363\" season=\"2022\" match=\"2276612\" template=\"normal\" live=\"true\" data_type=\"auto\" order_by=\"time_descending\" show_event_icons=\"true\" show_minor_events=\"true\" fixed_height_comments=\"300\" show_live=\"true\" show_logo=\"false\" show_title=\"true\" breakpoints=\"400\" sport=\"football\"><\/opta-widget><opta-widget sport=\"football\" widget=\"heatmap\" competition=\"363\" season=\"2022\" match=\"2276612\" preselected_player template=\"normal\" live=\"true\" show_maps=\"all\" orientation=\"horizontal\" side=\"both\" dimension=\"2D\" one_direction=\"false\" show_match_header=\"true\" show_score=\"true\" show_halftime_score=\"false\" show_crests=\"false\" show_team_formation=\"true\" show_competition_name=\"true\" show_date=\"true\" date_format=\"dddd D MMMM YYYY\" show_team_sheets=\"true\" show_subs=\"true\" show_position=\"true\" show_timecontrols=\"true\" show_timecontrols_buttons=\"true\" show_timecontrols_bar=\"true\" show_tooltips=\"false\" competition_naming=\"full\" team_naming=\"full\" player_naming=\"full\" show_logo=\"false\" show_title=\"true\" breakpoints=\"400, 700\"><\/opta-widget><opta-widget widget=\"standings\" competition=\"363\" season=\"2022\" template=\"normal\" live=\"true\" default_nav=\"1\" side=\"combined\" data_detail=\"default\" show_key=\"true\" show_crests=\"true\" points_in_first_column=\"true\" lose_before_draw=\"false\" competition_naming=\"full\" team_naming=\"full\" date_format=\"dddd D MMMM YYYY\" sorting=\"false\" show_live=\"false\" show_relegation_average=\"true\" show_logo=\"true\" show_title=\"true\" breakpoints=\"382\" sport=\"football\"><\/opta-widget> <\/p>\n<div class=\"entry-tags\">\n<h2>TEMAS QUE APARECEN EN ESTA NOTA<\/h2>\n<\/p><\/div>\n","protected":false},"excerpt":{"rendered":"<p>A. Mineiro venci\u00f3 este s\u00e1bado por 2-0 a Fluminense por la fecha 29 del Brasileirao. El grandote Hulk anot\u00f3 los dos goles del Galo, con Mat\u00edas Zaracho (lo asisti\u00f3 en el primero)&nbsp;y Cristian Pav\u00f3n como titulares. Nacho Fern\u00e1ndez reemplaz\u00f3 al ex Boca a poco para el final. Pero lo que tambi\u00e9n llam\u00f3 la atenci\u00f3n, mas [&hellip;]<\/p>\n","protected":false},"author":1,"featured_media":49351,"comment_status":"open","ping_status":"closed","sticky":false,"template":"","format":"standard","meta":[],"categories":[16],"tags":[],"_links":{"self":[{"href":"http:\/\/hoycordobaweb.com\/index.php\/wp-json\/wp\/v2\/posts\/49350"}],"collection":[{"href":"http:\/\/hoycordobaweb.com\/index.php\/wp-json\/wp\/v2\/posts"}],"about":[{"href":"http:\/\/hoycordobaweb.com\/index.php\/wp-json\/wp\/v2\/types\/post"}],"author":[{"embeddable":true,"href":"http:\/\/hoycordobaweb.com\/index.php\/wp-json\/wp\/v2\/users\/1"}],"replies":[{"embeddable":true,"href":"http:\/\/hoycordobaweb.com\/index.php\/wp-json\/wp\/v2\/comments?post=49350"}],"version-history":[{"count":0,"href":"http:\/\/hoycordobaweb.com\/index.php\/wp-json\/wp\/v2\/posts\/49350\/revisions"}],"wp:featuredmedia":[{"embeddable":true,"href":"http:\/\/hoycordobaweb.com\/index.php\/wp-json\/wp\/v2\/media\/49351"}],"wp:attachment":[{"href":"http:\/\/hoycordobaweb.com\/index.php\/wp-json\/wp\/v2\/media?parent=49350"}],"wp:term":[{"taxonomy":"category","embeddable":true,"href":"http:\/\/hoycordobaweb.com\/index.php\/wp-json\/wp\/v2\/categories?post=49350"},{"taxonomy":"post_tag","embeddable":true,"href":"http:\/\/hoycordobaweb.com\/index.php\/wp-json\/wp\/v2\/tags?post=49350"}],"curies":[{"name":"wp","href":"https:\/\/api.w.org\/{rel}","templated":true}]}}