{"id":49334,"date":"2022-10-02T18:55:00","date_gmt":"2022-10-02T18:55:00","guid":{"rendered":"https:\/\/ladecimaweb.com\/?p=14620"},"modified":"2022-10-02T18:55:00","modified_gmt":"2022-10-02T18:55:00","slug":"baglietto-y-vitale-cerraran-la-propuesta-artistica-del-finde-en-la-feria-del-libro-2022","status":"publish","type":"post","link":"http:\/\/hoycordobaweb.com\/index.php\/2022\/10\/02\/baglietto-y-vitale-cerraran-la-propuesta-artistica-del-finde-en-la-feria-del-libro-2022\/","title":{"rendered":"Baglietto y Vitale cerrar\u00e1n la propuesta art\u00edstica del finde en la Feria del Libro 2022"},"content":{"rendered":"<div class=\"boldgrid-section\">\n<div class=\"container\">\n<div class=\"row\">\n<div class=\"col-md-12 col-xs-12 col-sm-12\">\n<p>Juan Carlos Baglietto y Lito Vitale se presentar\u00e1n hoy domingo 2 de octubre, a las 20:30, en el escenario del Paseo Sobremonte en el marco de la Feria del Libro C\u00f3rdoba 2022.<\/p>\n<p>Todas las actividades de la 36\u00b0 edici\u00f3n de la Feria del Libro son libres y gratuitas. La grilla completa se puede consultar en https:\/\/feriadellibro.cordoba.gob.ar\/actividades\/.<\/p>\n<p class=\"\">El Escenario Sobremonte de la #FLC2022, ubicado en la esquina de Marcelo T. de Alvear y 27 de abril, vio pasar este fin de semana los shows de Emir Kusturica, La Bomba de Tiempo, Barbi Recanati y Soul Bitches.<\/p>\n<p class=\"\">El d\u00fao Baglietto Vitale estar\u00e1 acompa\u00f1ados en escena por sus hijos Juli\u00e1n Baglietto en bater\u00eda y Jano Vitale en bajo.<\/p>\n<p class=\"\">Dentro del repertorio incluir\u00e1n canciones de sus \u00e1lbumes en conjunto y algunos tangos cl\u00e1sicos reversionados, en un concierto que promete un gran cierre de fin de semana.<\/p>\n<p>La agenda de la semana se completar\u00e1 con las presentaciones de: Jean Carlos y \u201cEl Colo\u201d Gianola (lunes 3), Marcos Bainotti y Mat\u00edas Barzola (martes), Juan Ingaramo (jueves), Lisandro Aristimu\u00f1o (viernes), Toch y Frijo (s\u00e1bado), Emmanuel Horvilleur (domingo) e Hilda Lizarazu y Escalandrum (lunes).<\/p>\n<p>&nbsp;<\/p>\n<div class=\"ubm_banner\"><a href=\"https:\/\/www.cba.gov.ar\" target=\"_blank\" rel=\"dofollow noopener noreferrer\"><img src=\"http:\/\/hoycordobaweb.com\/wp-content\/uploads\/2022\/10\/baglietto-y-vitale-cerraran-la-propuesta-artistica-del-finde-en-la-feria-del-libro-2022.gif\" alt=\"\"><\/a><\/div>\n<\/div>\n<\/div>\n<\/div>\n<\/div>\n<p>La entrada <a rel=\"nofollow\" href=\"https:\/\/ladecimaweb.com\/14620-2\/\">Baglietto y Vitale cerrar\u00e1n la propuesta art\u00edstica del finde en la Feria del Libro 2022<\/a> se public\u00f3 primero en <a rel=\"nofollow\" href=\"https:\/\/ladecimaweb.com\">LaDecima<\/a>.<\/p>\n","protected":false},"excerpt":{"rendered":"<p>Juan Carlos Baglietto y Lito Vitale se presentar\u00e1n hoy domingo 2 de octubre, a las 20:30, en el escenario del Paseo Sobremonte en el marco de la Feria del Libro C\u00f3rdoba 2022. Todas las actividades de la 36\u00b0 edici\u00f3n de la Feria del Libro son libres y gratuitas. La grilla completa se puede consultar en [&hellip;]<\/p>\n","protected":false},"author":1,"featured_media":49335,"comment_status":"closed","ping_status":"closed","sticky":false,"template":"","format":"standard","meta":[],"categories":[19],"tags":[],"_links":{"self":[{"href":"http:\/\/hoycordobaweb.com\/index.php\/wp-json\/wp\/v2\/posts\/49334"}],"collection":[{"href":"http:\/\/hoycordobaweb.com\/index.php\/wp-json\/wp\/v2\/posts"}],"about":[{"href":"http:\/\/hoycordobaweb.com\/index.php\/wp-json\/wp\/v2\/types\/post"}],"author":[{"embeddable":true,"href":"http:\/\/hoycordobaweb.com\/index.php\/wp-json\/wp\/v2\/users\/1"}],"replies":[{"embeddable":true,"href":"http:\/\/hoycordobaweb.com\/index.php\/wp-json\/wp\/v2\/comments?post=49334"}],"version-history":[{"count":0,"href":"http:\/\/hoycordobaweb.com\/index.php\/wp-json\/wp\/v2\/posts\/49334\/revisions"}],"wp:featuredmedia":[{"embeddable":true,"href":"http:\/\/hoycordobaweb.com\/index.php\/wp-json\/wp\/v2\/media\/49335"}],"wp:attachment":[{"href":"http:\/\/hoycordobaweb.com\/index.php\/wp-json\/wp\/v2\/media?parent=49334"}],"wp:term":[{"taxonomy":"category","embeddable":true,"href":"http:\/\/hoycordobaweb.com\/index.php\/wp-json\/wp\/v2\/categories?post=49334"},{"taxonomy":"post_tag","embeddable":true,"href":"http:\/\/hoycordobaweb.com\/index.php\/wp-json\/wp\/v2\/tags?post=49334"}],"curies":[{"name":"wp","href":"https:\/\/api.w.org\/{rel}","templated":true}]}}