{"id":49299,"date":"2022-10-01T22:25:31","date_gmt":"2022-10-01T22:25:31","guid":{"rendered":"https:\/\/www.ole.com.ar\/futbol-internacional\/james-rodriguez-olympiacos-baja-lesion_0_LM6jQSwQCw.html"},"modified":"2022-10-01T22:25:31","modified_gmt":"2022-10-01T22:25:31","slug":"olympiacos-pierde-a-james-rodriguez","status":"publish","type":"post","link":"http:\/\/hoycordobaweb.com\/index.php\/2022\/10\/01\/olympiacos-pierde-a-james-rodriguez\/","title":{"rendered":"Olympiacos pierde a James Rodr\u00edguez"},"content":{"rendered":"<p><img src=\"http:\/\/hoycordobaweb.com\/wp-content\/uploads\/2022\/10\/olympiacos-pierde-a-james-rodriguez.jpg\"><\/p>\n<p><strong><a alt=\"james-rodriguez\" class=\"slug\" href=\"https:\/\/www.ole.com.ar\/tema\/james-rodriguez.html\" target=\"_blank\" title=\"james-rodriguez\" rel=\"noopener noreferrer\">James Rodr\u00edguez<\/a><\/strong> tuvo acci\u00f3n en el comienzo de ciclo de <strong>N\u00e9stor Lorenzo<\/strong> en la <a alt=\"seleccion-de-colombia\" class=\"slug\" href=\"https:\/\/www.ole.com.ar\/tema\/seleccion-de-colombia.html\" target=\"_blank\" title=\"seleccion-de-colombia\" rel=\"noopener noreferrer\">selecci\u00f3n de Colombia<\/a> y ya est\u00e1 de regreso en <a alt=\"olympiacos\" class=\"slug\" href=\"https:\/\/www.ole.com.ar\/tema\/olympiacos.html\" target=\"_blank\" title=\"olympiacos\" rel=\"noopener noreferrer\">Olympiacos<\/a>. Sin embargo, no todas son buenas noticias para el volante: en su vuelta a Grecia,<strong> tuvo un nuevo percance y no podr\u00e1 estar disponible para enfrentar al Atromitos este domingo.<\/strong><\/p>\n<p>Rodr\u00edguez Rubio recibi\u00f3 la validaci\u00f3n de Lorenzo pese a la falta de continuidad en su antiguo club Al-Rayyan, el cual dej\u00f3 sobre el cierre del pasado mercado de pases. En Grecia apenas disput\u00f3 un encuentro, pero el nuevo seleccionador de los cafeteros lo tiene en cuenta para el proceso naciente. Ahora, <strong>parece que seguir\u00e1 inactivo un tiempo m\u00e1s.<\/strong><\/p>\n<div class=\"sp__Normal\">\n<div class=\"image-embeb image-trigger\" readability=\"6\">\n<picture><source media=\"(min-width: 720px)\" srcset=\"http:\/\/hoycordobaweb.com\/wp-content\/uploads\/2022\/10\/olympiacos-pierde-a-james-rodriguez-2.jpg\"><img itemprop=\"image\" src=\"http:\/\/hoycordobaweb.com\/wp-content\/uploads\/2022\/10\/olympiacos-pierde-a-james-rodriguez-2.jpg\" loading=\"lazy\" alt=\"Festej\u00f3 ante Guatemala con Colombia. (Andres Kudacki\/AFP)\">\n<\/picture><figcaption readability=\"2\">\n<p>Festej\u00f3 ante Guatemala con Colombia. (Andres Kudacki\/AFP)\n<\/p>\n<\/figcaption><\/div>\n<\/div>\n<div class=\"sp__SM\">\n<div class=\"content-new \">\n<span class=\"tit-mobile\">Mir\u00e1 tambi\u00e9n<\/span><\/p>\n<div class=\"mg\">\n<div class=\"wrap-figure\">\n<picture>\n<a href=\"https:\/\/www.ole.com.ar\/futbol-internacional\/james-rodriguez-marcelo-modelos-olympiacos_0_0nqvKjnUp2.html\" target=\"_self\" rel=\"noopener noreferrer\"><br \/>\n<img class=\"img-responsive\" alt=\"James Rodr\u00edguez y Marcelo, modelos en Grecia\" src=\"http:\/\/hoycordobaweb.com\/wp-content\/uploads\/2022\/10\/olympiacos-pierde-a-james-rodriguez-3.jpg\" loading=\"lazy\"><br \/>\n<\/a>\n<\/picture>\n<\/div>\n<\/div><\/div>\n<\/div>\n<p>Las primeras pruebas en Colombia fueron buenas. James sum\u00f3 65&#8242; en cancha contra Guatemala y anot\u00f3 un tanto. Contra M\u00e9xico, en cambio, estuvo s\u00f3lo 45&#8242;: debido a un golpe y por un cambi\u00f3 t\u00e1ctico, dej\u00f3 la cancha antes de salir al complemento. Sin embargo, sus n\u00fameros fueron buenos.<\/p>\n<p>El volante toc\u00f3 31 pelotas y logr\u00f3 26 pases de los 28 que intent\u00f3. Adem\u00e1s, reparti\u00f3 tres pases claves y sus cuatro pases largos llegaron a destino. Tambi\u00e9n gan\u00f3 los dos duelos que intent\u00f3, perdiendo la pelota en solo dos oportunidades.<\/p>\n<div class=\"sp__Normal\">\n<div class=\"image-embeb image-trigger\" readability=\"6\">\n<picture><source media=\"(min-width: 720px)\" srcset=\"http:\/\/hoycordobaweb.com\/wp-content\/uploads\/2022\/10\/olympiacos-pierde-a-james-rodriguez-4.jpg\"><img itemprop=\"image\" src=\"http:\/\/hoycordobaweb.com\/wp-content\/uploads\/2022\/10\/olympiacos-pierde-a-james-rodriguez-4.jpg\" loading=\"lazy\" alt=\"Tendr\u00e1 que esperar para volver a jugar con Olympiacos. (Andres Kudacki\/AFP)\">\n<\/picture><figcaption readability=\"2\">\n<p>Tendr\u00e1 que esperar para volver a jugar con Olympiacos. (Andres Kudacki\/AFP)\n<\/p>\n<\/figcaption><\/div>\n<\/div>\n<div class=\"sp__SM\">\n<div class=\"content-new \">\n<span class=\"tit-mobile\">Mir\u00e1 tambi\u00e9n<\/span><\/p>\n<div class=\"mg\">\n<div class=\"wrap-figure\">\n<picture>\n<a href=\"https:\/\/www.ole.com.ar\/futbol-internacional\/carta-despedida-uli-davila-esposa_0_1MjU8f3QTT.html\" target=\"_self\" rel=\"noopener noreferrer\"><br \/>\n<img class=\"img-responsive\" alt=\"El emotivo adi\u00f3s de un futbolista mexicano a su esposa\" src=\"http:\/\/hoycordobaweb.com\/wp-content\/uploads\/2022\/10\/olympiacos-pierde-a-james-rodriguez-5.jpg\" loading=\"lazy\"><br \/>\n<\/a>\n<\/picture>\n<\/div>\n<\/div><\/div>\n<\/div>\n<h2><strong>Nueva lesi\u00f3n<\/strong><\/h2>\n<p>En la previa del fin de semana M\u00edchel Gonz\u00e1lez, entrenador del Olympiacos, revel\u00f3 que el 10 lleg\u00f3 lesionado a Grecia. <strong>\u00abJames ha venido con un problemilla despu\u00e9s de la selecci\u00f3n\u00bb<\/strong>, inform\u00f3 el DT espa\u00f1ol en di\u00e1logo con Onda Cero. Un problema en el gemelo durante el partido con el Tri lo marginar\u00eda del duelo ante Atromitos de este domingo.<\/p>\n<p>Las dudas sobre si estar\u00eda disponible o no para la nueva jornada de la Superliga de Grecia quedaron despejadas este s\u00e1bado. <strong>El equipo dio la lista de concentrados para el siguiente duelo y James no aparece.<\/strong> El que s\u00ed est\u00e1 es Marcelo, otro ex Real Madrid.<\/p>\n<div class=\"sp__SM\">\n<div class=\"content-new \">\n<span class=\"tit-mobile\">Mir\u00e1 tambi\u00e9n<\/span><\/p>\n<div class=\"mg\">\n<div class=\"wrap-figure\">\n<picture>\n<a href=\"https:\/\/www.ole.com.ar\/futbol-internacional\/america\/jc-osorio-mexico-critico-tata-martino_0_wD382vW4ey.html\" target=\"_self\" rel=\"noopener noreferrer\"><br \/>\n<img class=\"img-responsive\" alt=\"Ex DT de M\u00e9xico critic\u00f3 duramente al Tata Martino\" src=\"http:\/\/hoycordobaweb.com\/wp-content\/uploads\/2022\/10\/olympiacos-pierde-a-james-rodriguez-6.jpg\" loading=\"lazy\"><br \/>\n<\/a>\n<\/picture>\n<\/div>\n<\/div><\/div>\n<\/div>\n<div class=\"entry-tags\">\n<h2>TEMAS QUE APARECEN EN ESTA NOTA<\/h2>\n<\/p><\/div>\n","protected":false},"excerpt":{"rendered":"<p>James Rodr\u00edguez tuvo acci\u00f3n en el comienzo de ciclo de N\u00e9stor Lorenzo en la selecci\u00f3n de Colombia y ya est\u00e1 de regreso en Olympiacos. Sin embargo, no todas son buenas noticias para el volante: en su vuelta a Grecia, tuvo un nuevo percance y no podr\u00e1 estar disponible para enfrentar al Atromitos este domingo. Rodr\u00edguez [&hellip;]<\/p>\n","protected":false},"author":1,"featured_media":49300,"comment_status":"open","ping_status":"closed","sticky":false,"template":"","format":"standard","meta":[],"categories":[16],"tags":[],"_links":{"self":[{"href":"http:\/\/hoycordobaweb.com\/index.php\/wp-json\/wp\/v2\/posts\/49299"}],"collection":[{"href":"http:\/\/hoycordobaweb.com\/index.php\/wp-json\/wp\/v2\/posts"}],"about":[{"href":"http:\/\/hoycordobaweb.com\/index.php\/wp-json\/wp\/v2\/types\/post"}],"author":[{"embeddable":true,"href":"http:\/\/hoycordobaweb.com\/index.php\/wp-json\/wp\/v2\/users\/1"}],"replies":[{"embeddable":true,"href":"http:\/\/hoycordobaweb.com\/index.php\/wp-json\/wp\/v2\/comments?post=49299"}],"version-history":[{"count":0,"href":"http:\/\/hoycordobaweb.com\/index.php\/wp-json\/wp\/v2\/posts\/49299\/revisions"}],"wp:featuredmedia":[{"embeddable":true,"href":"http:\/\/hoycordobaweb.com\/index.php\/wp-json\/wp\/v2\/media\/49300"}],"wp:attachment":[{"href":"http:\/\/hoycordobaweb.com\/index.php\/wp-json\/wp\/v2\/media?parent=49299"}],"wp:term":[{"taxonomy":"category","embeddable":true,"href":"http:\/\/hoycordobaweb.com\/index.php\/wp-json\/wp\/v2\/categories?post=49299"},{"taxonomy":"post_tag","embeddable":true,"href":"http:\/\/hoycordobaweb.com\/index.php\/wp-json\/wp\/v2\/tags?post=49299"}],"curies":[{"name":"wp","href":"https:\/\/api.w.org\/{rel}","templated":true}]}}