{"id":49291,"date":"2022-10-01T23:42:39","date_gmt":"2022-10-01T23:42:39","guid":{"rendered":"https:\/\/www.ole.com.ar\/river-plate\/foto-viral-slash-camiseta-river-estrella_0_xptRfjgJLe.html"},"modified":"2022-10-01T23:42:39","modified_gmt":"2022-10-01T23:42:39","slug":"foto-viral-de-slash-con-la-de-river-que-otras-estrellas-la-usaron","status":"publish","type":"post","link":"http:\/\/hoycordobaweb.com\/index.php\/2022\/10\/01\/foto-viral-de-slash-con-la-de-river-que-otras-estrellas-la-usaron\/","title":{"rendered":"Foto viral de Slash con la de River: \u00bfqu\u00e9 otras estrellas la usaron?"},"content":{"rendered":"<p><img src=\"http:\/\/hoycordobaweb.com\/wp-content\/uploads\/2022\/10\/foto-viral-de-slash-con-la-de-river-que-otras-estrellas-la-usaron.jpg\"><\/p>\n<p>Los<strong> Guns N Roses<\/strong> rompieron la noche del <strong>Monumental <\/strong>este viernes con <strong>un show que dur\u00f3 tres horas<\/strong> a pura potencia y que dej\u00f3 una buena noticia para <strong><a alt=\"river-plate\" class=\"slug\" href=\"https:\/\/www.ole.com.ar\/tema\/river-plate.html\" target=\"_blank\" title=\"river-plate\" rel=\"noopener noreferrer\">River<\/a><\/strong>, m\u00e1s all\u00e1 de la recaudatoria: <a data-cke-saved-href=\"https:\/\/www.ole.com.ar\/river-plate\/cesped-monumental-recital-guns_0_uAKrkZD6j0.html\" target=\"_blank\" href=\"https:\/\/www.ole.com.ar\/river-plate\/cesped-monumental-recital-guns_0_uAKrkZD6j0.html\" rel=\"noopener noreferrer\">el campo de juego no sufri\u00f3 por el recital<\/a>. Pero hubo algo m\u00e1s, que se viraliz\u00f3 y celebr\u00f3 r\u00e1pidamente en las redes: <strong>Slash, el m\u00edtico guitarrista de la banda, pos\u00f3 con la camiseta del CARP<\/strong>. Y los hinchas estallaron.<\/p>\n<div class=\"sp__SM\">\n<div class=\"content-new \">\n<span class=\"tit-mobile\">Mir\u00e1 tambi\u00e9n<\/span><\/p>\n<div class=\"mg\">\n<div class=\"wrap-figure\">\n<picture>\n<a href=\"https:\/\/www.ole.com.ar\/river-plate\/cesped-monumental-recital-guns_0_uAKrkZD6j0.html\" target=\"_self\" rel=\"noopener noreferrer\"><br \/>\n<img class=\"img-responsive\" alt=\"As\u00ed qued\u00f3 el c\u00e9sped del Monumental despu\u00e9s del recital de los Guns\" src=\"http:\/\/hoycordobaweb.com\/wp-content\/uploads\/2022\/10\/foto-viral-de-slash-con-la-de-river-que-otras-estrellas-la-usaron-2.jpg\" loading=\"lazy\"><br \/>\n<\/a>\n<\/picture>\n<\/div>\n<\/div><\/div>\n<\/div>\n<div class=\"sp__Normal\">\n<div class=\"image-embeb image-trigger\" readability=\"6\">\n<picture><source media=\"(min-width: 720px)\" srcset=\"http:\/\/hoycordobaweb.com\/wp-content\/uploads\/2022\/10\/foto-viral-de-slash-con-la-de-river-que-otras-estrellas-la-usaron-3.jpg\"><img itemprop=\"image\" src=\"http:\/\/hoycordobaweb.com\/wp-content\/uploads\/2022\/10\/foto-viral-de-slash-con-la-de-river-que-otras-estrellas-la-usaron-3.jpg\" loading=\"lazy\" alt=\"Las estrellas del mundo de la m\u00fasica que posaron con la Banda.\">\n<\/picture><figcaption readability=\"2\">\n<p>Las estrellas del mundo de la m\u00fasica que posaron con la Banda.\n<\/p>\n<\/figcaption><\/div>\n<\/div>\n<p>Claro, la historia de River y del Monumental con las figuras internacionales de la m\u00fasica y del rock es ya legendaria. Y por eso la imagen de Slash no llam\u00f3 la atenci\u00f3n e hizo recordar a otras similares. Y en <strong>Ol\u00e9 <\/strong>te mostramos a algunas de ellas: los<strong> Rolling Stones, U2, Roger Waters y Kiss<\/strong> son otros que tienen sus im\u00e1genes con la Banda&#8230;<\/p>\n<div class=\"sp__Normal htmlLibre\">\n<div class=\"embed-responsive-c\" readability=\"7.3814432989691\">\n<blockquote class=\"twitter-tweet\" readability=\"8.3041237113402\">\n<p lang=\"en\" dir=\"ltr\">Buenos Aires, you guys were fn incredible tonight! We had an amazing time, thank you! So great to be back at River Plate with you all, muchos gracias! iiii]; )&#8217;<\/p>\n<p>\u2014 Slash (@Slash) <a href=\"https:\/\/twitter.com\/Slash\/status\/1576089664833716224?ref_src=twsrc%5Etfw\">October 1, 2022<\/a><\/p><\/blockquote><\/div>\n<\/div>\n<h2>Otras figuras&nbsp;de la m\u00fasica que usaron&nbsp;la de River<\/h2>\n<div class=\"sp__Normal\">\n<div class=\"image-embeb image-trigger\" readability=\"6.5\">\n<picture><source media=\"(min-width: 720px)\" srcset=\"http:\/\/hoycordobaweb.com\/wp-content\/uploads\/2022\/10\/foto-viral-de-slash-con-la-de-river-que-otras-estrellas-la-usaron-4.jpg\"><img itemprop=\"image\" src=\"http:\/\/hoycordobaweb.com\/wp-content\/uploads\/2022\/10\/foto-viral-de-slash-con-la-de-river-que-otras-estrellas-la-usaron-4.jpg\" loading=\"lazy\" alt=\"Una foto hist\u00f3rica: los Rolling Stones en la gira de 2006, todos con su casaca.\">\n<\/picture><figcaption readability=\"3\">\n<p>Una foto hist\u00f3rica: los Rolling Stones en la gira de 2006, todos con su casaca.\n<\/p>\n<\/figcaption><\/div>\n<\/div>\n<div class=\"sp__Normal\">\n<div class=\"image-embeb image-trigger\" readability=\"7\">\n<picture><source media=\"(min-width: 720px)\" srcset=\"http:\/\/hoycordobaweb.com\/wp-content\/uploads\/2022\/10\/foto-viral-de-slash-con-la-de-river-que-otras-estrellas-la-usaron-5.jpg\"><img itemprop=\"image\" src=\"http:\/\/hoycordobaweb.com\/wp-content\/uploads\/2022\/10\/foto-viral-de-slash-con-la-de-river-que-otras-estrellas-la-usaron-5.jpg\" loading=\"lazy\" alt=\"Ron Wood, guitarrista de los Rolling Stones, pos\u00f3 con la camiseta de Leo Ponzio en 2016.\">\n<\/picture><figcaption readability=\"4\">\n<p>Ron Wood, guitarrista de los Rolling Stones, pos\u00f3 con la camiseta de Leo Ponzio en 2016.\n<\/p>\n<\/figcaption><\/div>\n<\/div>\n<div class=\"sp__Normal\">\n<div class=\"image-embeb image-trigger\" readability=\"6.5\">\n<picture><source media=\"(min-width: 720px)\" srcset=\"http:\/\/hoycordobaweb.com\/wp-content\/uploads\/2022\/10\/foto-viral-de-slash-con-la-de-river-que-otras-estrellas-la-usaron-6.jpg\"><img itemprop=\"image\" src=\"http:\/\/hoycordobaweb.com\/wp-content\/uploads\/2022\/10\/foto-viral-de-slash-con-la-de-river-que-otras-estrellas-la-usaron-6.jpg\" loading=\"lazy\" alt=\"Roger Waters, con la 9 del CARP.\">\n<\/picture><figcaption readability=\"3\">\n<p>Roger Waters, con la 9 del CARP.\n<\/p>\n<\/figcaption><\/div>\n<\/div>\n<div class=\"sp__Normal\">\n<div class=\"image-embeb image-trigger\" readability=\"6.5\">\n<picture><source media=\"(min-width: 720px)\" srcset=\"http:\/\/hoycordobaweb.com\/wp-content\/uploads\/2022\/10\/foto-viral-de-slash-con-la-de-river-que-otras-estrellas-la-usaron-7.jpg\"><img itemprop=\"image\" src=\"http:\/\/hoycordobaweb.com\/wp-content\/uploads\/2022\/10\/foto-viral-de-slash-con-la-de-river-que-otras-estrellas-la-usaron-7.jpg\" loading=\"lazy\" alt=\"Unos a\u00f1os antes, el ex l\u00edder de Pink Floyd tambi\u00e9n tuvo la 10.\">\n<\/picture><figcaption readability=\"3\">\n<p>Unos a\u00f1os antes, el ex l\u00edder de Pink Floyd tambi\u00e9n tuvo la 10.\n<\/p>\n<\/figcaption><\/div>\n<\/div>\n<div class=\"sp__SM\">\n<div class=\"content-new \">\n<span class=\"tit-mobile\">Mir\u00e1 tambi\u00e9n<\/span><\/p>\n<div class=\"mg\">\n<div class=\"wrap-figure\">\n<picture>\n<a href=\"https:\/\/www.ole.com.ar\/river-plate\/guns-n-roses-recital-river-monumental_0_GBdSo9TuQS.html\" target=\"_self\" rel=\"noopener noreferrer\"><br \/>\n<img class=\"img-responsive\" alt=\"Vuelven los recitales a River: c\u00f3mo cuidan el campo\" src=\"http:\/\/hoycordobaweb.com\/wp-content\/uploads\/2022\/10\/foto-viral-de-slash-con-la-de-river-que-otras-estrellas-la-usaron-8.jpg\" loading=\"lazy\"><br \/>\n<\/a>\n<\/picture>\n<\/div>\n<\/div><\/div>\n<\/div>\n<div class=\"sp__Normal\">\n<div class=\"image-embeb image-trigger\" readability=\"6.5\">\n<picture><source media=\"(min-width: 720px)\" srcset=\"http:\/\/hoycordobaweb.com\/wp-content\/uploads\/2022\/10\/foto-viral-de-slash-con-la-de-river-que-otras-estrellas-la-usaron-9.jpg\"><img itemprop=\"image\" src=\"http:\/\/hoycordobaweb.com\/wp-content\/uploads\/2022\/10\/foto-viral-de-slash-con-la-de-river-que-otras-estrellas-la-usaron-9.jpg\" loading=\"lazy\" alt=\"Kiss, otra banda que pas\u00f3 por el Monumental y se llev\u00f3 la camiseta.\">\n<\/picture><figcaption readability=\"3\">\n<p>Kiss, otra banda que pas\u00f3 por el Monumental y se llev\u00f3 la camiseta.\n<\/p>\n<\/figcaption><\/div>\n<\/div>\n<div class=\"sp__Normal\">\n<div class=\"image-embeb image-trigger\" readability=\"6.5\">\n<picture><source media=\"(min-width: 720px)\" srcset=\"http:\/\/hoycordobaweb.com\/wp-content\/uploads\/2022\/10\/foto-viral-de-slash-con-la-de-river-que-otras-estrellas-la-usaron-10.jpg\"><img itemprop=\"image\" src=\"http:\/\/hoycordobaweb.com\/wp-content\/uploads\/2022\/10\/foto-viral-de-slash-con-la-de-river-que-otras-estrellas-la-usaron-10.jpg\" loading=\"lazy\" alt=\"Bono, con Francescoli y con una camiseta hecha especialmente para \u00e9l.\">\n<\/picture><figcaption readability=\"3\">\n<p>Bono, con Francescoli y con una camiseta hecha especialmente para \u00e9l.\n<\/p>\n<\/figcaption><\/div>\n<\/div>\n<div class=\"sp__Normal\">\n<div class=\"image-embeb image-trigger\" readability=\"6.5\">\n<picture><source media=\"(min-width: 720px)\" srcset=\"http:\/\/hoycordobaweb.com\/wp-content\/uploads\/2022\/10\/foto-viral-de-slash-con-la-de-river-que-otras-estrellas-la-usaron-11.jpg\"><img itemprop=\"image\" src=\"http:\/\/hoycordobaweb.com\/wp-content\/uploads\/2022\/10\/foto-viral-de-slash-con-la-de-river-que-otras-estrellas-la-usaron-11.jpg\" loading=\"lazy\" alt=\"Una m\u00e1s actual: este mismo a\u00f1o, Yatra se llev\u00f3 su casaca con Susana Gim\u00e9nez. (Prensa River)\">\n<\/picture><figcaption readability=\"3\">\n<p>Una m\u00e1s actual: este mismo a\u00f1o, Yatra se llev\u00f3 su casaca con Susana Gim\u00e9nez. (Prensa River)\n<\/p>\n<\/figcaption><\/div>\n<\/div>\n<div class=\"sp__Normal\">\n<div class=\"image-embeb image-trigger\" readability=\"6.5\">\n<picture><source media=\"(min-width: 720px)\" srcset=\"http:\/\/hoycordobaweb.com\/wp-content\/uploads\/2022\/10\/foto-viral-de-slash-con-la-de-river-que-otras-estrellas-la-usaron-12.jpg\"><img itemprop=\"image\" src=\"http:\/\/hoycordobaweb.com\/wp-content\/uploads\/2022\/10\/foto-viral-de-slash-con-la-de-river-que-otras-estrellas-la-usaron-12.jpg\" loading=\"lazy\" alt=\"Charly Garc\u00eda con la de River, hincha de siempre.\">\n<\/picture><figcaption readability=\"3\">\n<p>Charly Garc\u00eda con la de River, hincha de siempre.\n<\/p>\n<\/figcaption><\/div>\n<\/div>\n<div class=\"entry-tags\">\n<h2>TEMAS QUE APARECEN EN ESTA NOTA<\/h2>\n<\/p><\/div>\n","protected":false},"excerpt":{"rendered":"<p>Los Guns N Roses rompieron la noche del Monumental este viernes con un show que dur\u00f3 tres horas a pura potencia y que dej\u00f3 una buena noticia para River, m\u00e1s all\u00e1 de la recaudatoria: el campo de juego no sufri\u00f3 por el recital. Pero hubo algo m\u00e1s, que se viraliz\u00f3 y celebr\u00f3 r\u00e1pidamente en las [&hellip;]<\/p>\n","protected":false},"author":1,"featured_media":49292,"comment_status":"open","ping_status":"closed","sticky":false,"template":"","format":"standard","meta":[],"categories":[16],"tags":[],"_links":{"self":[{"href":"http:\/\/hoycordobaweb.com\/index.php\/wp-json\/wp\/v2\/posts\/49291"}],"collection":[{"href":"http:\/\/hoycordobaweb.com\/index.php\/wp-json\/wp\/v2\/posts"}],"about":[{"href":"http:\/\/hoycordobaweb.com\/index.php\/wp-json\/wp\/v2\/types\/post"}],"author":[{"embeddable":true,"href":"http:\/\/hoycordobaweb.com\/index.php\/wp-json\/wp\/v2\/users\/1"}],"replies":[{"embeddable":true,"href":"http:\/\/hoycordobaweb.com\/index.php\/wp-json\/wp\/v2\/comments?post=49291"}],"version-history":[{"count":0,"href":"http:\/\/hoycordobaweb.com\/index.php\/wp-json\/wp\/v2\/posts\/49291\/revisions"}],"wp:featuredmedia":[{"embeddable":true,"href":"http:\/\/hoycordobaweb.com\/index.php\/wp-json\/wp\/v2\/media\/49292"}],"wp:attachment":[{"href":"http:\/\/hoycordobaweb.com\/index.php\/wp-json\/wp\/v2\/media?parent=49291"}],"wp:term":[{"taxonomy":"category","embeddable":true,"href":"http:\/\/hoycordobaweb.com\/index.php\/wp-json\/wp\/v2\/categories?post=49291"},{"taxonomy":"post_tag","embeddable":true,"href":"http:\/\/hoycordobaweb.com\/index.php\/wp-json\/wp\/v2\/tags?post=49291"}],"curies":[{"name":"wp","href":"https:\/\/api.w.org\/{rel}","templated":true}]}}