{"id":49289,"date":"2022-10-01T23:47:30","date_gmt":"2022-10-01T23:47:30","guid":{"rendered":"https:\/\/www.ole.com.ar\/independiente\/independiente-comicios-dirigencia_0_cFCjumk4NA.html"},"modified":"2022-10-01T23:47:30","modified_gmt":"2022-10-01T23:47:30","slug":"los-datos-clave-de-las-elecciones-en-el-rojo","status":"publish","type":"post","link":"http:\/\/hoycordobaweb.com\/index.php\/2022\/10\/01\/los-datos-clave-de-las-elecciones-en-el-rojo\/","title":{"rendered":"Los datos clave de las elecciones en el Rojo"},"content":{"rendered":"<p><img src=\"http:\/\/hoycordobaweb.com\/wp-content\/uploads\/2022\/10\/los-datos-clave-de-las-elecciones-en-el-rojo.jpg\"><\/p>\n<p>Las elecciones en <a alt=\"club-atletico-independiente\" class=\"slug\" href=\"https:\/\/www.ole.com.ar\/tema\/club-atletico-independiente.html\" target=\"_blank\" title=\"club-atletico-independiente\" rel=\"noopener noreferrer\">Independiente<\/a> <strong>se demoraron 287 d\u00edas. <\/strong>Ese fue el tiempo que transcurri\u00f3 desde que los comicios, que inicialmente <strong>estaban programados para el 19 de diciembre del a\u00f1o pasado<\/strong>, se postergaron. Atr\u00e1s quedaron las rencillas judiciales entre la f\u00f3rmula liderada por Fabi\u00e1n Doman y la comisi\u00f3n electoral, conformada en su totalidad por militantes del oficialismo, que intent\u00f3 proscribir a la fuerza opositora aduciendo irregularidades burocr\u00e1ticas. Este domingo, 48.666 socios habilitados tendr\u00e1n la posibilidad de ejercer su derecho al sufragio para elegir a las nuevas autoridades de la instituci\u00f3n.<\/p>\n<div class=\"sp__SM\">\n<div class=\"content-new \">\n<span class=\"tit-mobile\">Mir\u00e1 tambi\u00e9n<\/span><\/p>\n<div class=\"mg\">\n<div class=\"wrap-figure\">\n<picture>\n<a href=\"https:\/\/www.ole.com.ar\/independiente\/rojo-comicios-dirigencia-votacion-elecciones-independiente-2022_0_7R5oXNc339.html\" target=\"_self\" rel=\"noopener noreferrer\"><br \/>\n<img class=\"img-responsive\" alt=\"\u00bfC\u00f3mo seguir en vivo las elecciones en Independiente?\" src=\"http:\/\/hoycordobaweb.com\/wp-content\/uploads\/2022\/10\/los-datos-clave-de-las-elecciones-en-el-rojo-2.jpg\" loading=\"lazy\"><br \/>\n<\/a>\n<\/picture>\n<\/div>\n<\/div><\/div>\n<\/div>\n<div class=\"sp__Normal\">\n<div class=\"image-embeb image-trigger\" readability=\"6.5\">\n<picture><source media=\"(min-width: 720px)\" srcset=\"http:\/\/hoycordobaweb.com\/wp-content\/uploads\/2022\/10\/los-datos-clave-de-las-elecciones-en-el-rojo-3.jpg\"><img itemprop=\"image\" src=\"http:\/\/hoycordobaweb.com\/wp-content\/uploads\/2022\/10\/los-datos-clave-de-las-elecciones-en-el-rojo-3.jpg\" loading=\"lazy\" alt=\"Los candidatos: Doman, Mazza y Rudecindo.\">\n<\/picture><figcaption readability=\"3\">\n<p>Los candidatos: Doman, Mazza y Rudecindo.\n<\/p>\n<\/figcaption><\/div>\n<\/div>\n<p>Doman, N\u00e9stor Grindetti y Juan Marconi lideran el espacio Unidad Independiente. La Agrupaci\u00f3n Independiente, presidida por Hugo Moyano, presentar\u00e1 una f\u00f3rmula liderada por el trinomio que componen Javier Mazza, Gustavo L\u00f3pez y Juan Manuel G\u00e1lvez. Y Gente de Independiente competir\u00e1 con Claudio Rudecindo, Roberto Bustamante y Rodrigo Gadano.<\/p>\n<div class=\"sp__SM\">\n<div class=\"content-new \">\n<span class=\"tit-mobile\">Mir\u00e1 tambi\u00e9n<\/span><\/p>\n<div class=\"mg\">\n<div class=\"wrap-figure\">\n<picture>\n<a href=\"https:\/\/www.ole.com.ar\/futbol-primera\/variantes-equipo-falcioni-rojo-arsenal_0_tFddHUOWpM.html\" target=\"_self\" rel=\"noopener noreferrer\"><br \/>\n<img class=\"img-responsive\" alt=\"Los cambios en el Rojo para visitar a Arsenal\" src=\"http:\/\/hoycordobaweb.com\/wp-content\/uploads\/2022\/10\/los-datos-clave-de-las-elecciones-en-el-rojo-4.jpg\" loading=\"lazy\"><br \/>\n<\/a>\n<\/picture>\n<\/div>\n<\/div><\/div>\n<\/div>\n<p>Para votar, los socios deber\u00e1n cumplir con determinados requisitos:tener al menos tres a\u00f1os de antiguedad, ser mayores de 18 a\u00f1os, tener la cuota al d\u00eda hasta septiembre de este a\u00f1o, disponer de cualquiera de las \u00faltimas dos versiones del carnet y concurrir con DNI o pasaporte. La votaci\u00f3n se llevar\u00e1 a cabo en la sede que el club posee en Avellaneda (Avenida Mitre 470) y las puertas estar\u00e1n abiertas de 9 a 18.<\/p>\n<div class=\"sp__SM\">\n<div class=\"content-new \">\n<span class=\"tit-mobile\">Mir\u00e1 tambi\u00e9n<\/span><\/p>\n<div class=\"mg\">\n<div class=\"wrap-figure\">\n<picture>\n<a href=\"https:\/\/www.ole.com.ar\/independiente\/rojo-comicios-dirigencia-votacion_0_QgL18ElC1i.html\" target=\"_self\" rel=\"noopener noreferrer\"><br \/>\n<img class=\"img-responsive\" alt=\"Independiente: todo lo que hay que saber antes de la elecciones\" src=\"http:\/\/hoycordobaweb.com\/wp-content\/uploads\/2022\/10\/los-datos-clave-de-las-elecciones-en-el-rojo-5.jpg\" loading=\"lazy\"><br \/>\n<\/a>\n<\/picture>\n<\/div>\n<\/div><\/div>\n<\/div>\n<p>La lista que se imponga deber\u00e1 atender muchas urgencias en lo inmediato. Independiente no tiene sponsor en su camiseta y el club se encuentra inhibido como consecuencia de una deuda 1.250.406 d\u00f3lares m\u00e1s 5.000 francos suizos con Gast\u00f3n Silva. Y es inminente que caer\u00e1 otra inhibici\u00f3n del Am\u00e9rica de M\u00e9xico por un monto u$s 5.700.000 correspondientes al pase de Cecilio Dom\u00ednguez. Adem\u00e1s, Gonzalo Ver\u00f3n reclama 4.800.000 d\u00f3lares y el Tribunal de Trabajo N\u00b0 2 de Avellaneda ya fall\u00f3 en contra del club. El pasivo que arroj\u00f3 el \u00faltimo balance es preocupante: $ 4.594.745.433. Y el 31 de diciembre se vencen los contratos de 12 jugadores: Leandro Fern\u00e1ndez, Facundo Ferreyra, Alan So\u00f1ora, Sebasti\u00e1n Sosa, Joaqu\u00edn Laso, Juan Manuel Insaurralde, Alex Vigo, Lucas Rodr\u00edguez, Dami\u00e1n Batallini, Gonzalo As\u00eds, Juan Pacchini y Juan Da Rosa.<\/p>\n<p>Tras ocho a\u00f1os, se termina el ciclo de Moyano.<\/p>\n<h2><strong>Habr\u00e1 un megaoperativo policial<\/strong><\/h2>\n<p>Para evitar incidentes, la APreViDe, en conjunto con la Estaci\u00f3n de Polic\u00eda de Seguridad de Avellaneda, dispondr\u00e1n un megaoperativo en la sede que Independiente posee en Avenida Mitre 470 y tambi\u00e9n en sus inmediaciones. Habr\u00e1 360 efectivos policiales que estar\u00e1n en el lugar desde las 8 de la ma\u00f1ana. Quienes vayan a votar deber\u00e1n ingresar al club por Mitre y la salida ser\u00e1 por el sector de la calle Levalle.<\/p>\n<div class=\"sp__SM\">\n<div class=\"content-new \">\n<span class=\"tit-mobile\">Mir\u00e1 tambi\u00e9n<\/span><\/p>\n<div class=\"mg\">\n<div class=\"wrap-figure\">\n<picture>\n<a href=\"https:\/\/www.ole.com.ar\/independiente\/elecciones-rojo-doman-grindetti-marconi_0_YY2TpIsmK3.html\" target=\"_self\" rel=\"noopener noreferrer\"><br \/>\n<img class=\"img-responsive\" alt=\"Doman, Grindetti y Marconi a fondo: qu\u00e9 proponen para el Rojo\" src=\"http:\/\/hoycordobaweb.com\/wp-content\/uploads\/2022\/10\/los-datos-clave-de-las-elecciones-en-el-rojo-6.jpg\" loading=\"lazy\"><br \/>\n<\/a>\n<\/picture>\n<\/div>\n<\/div><\/div>\n<\/div>\n<div class=\"sp__SM\">\n<div class=\"content-new \">\n<span class=\"tit-mobile\">Mir\u00e1 tambi\u00e9n<\/span><\/p>\n<div class=\"mg\">\n<div class=\"wrap-figure\">\n<picture>\n<a href=\"https:\/\/www.ole.com.ar\/independiente\/elecciones-rojo-candidato-mazza_0_GXvDvJzK05.html\" target=\"_self\" rel=\"noopener noreferrer\"><br \/>\n<img class=\"img-responsive\" alt=\"El proyecto de Javier Mazza para Independiente\" src=\"http:\/\/hoycordobaweb.com\/wp-content\/uploads\/2022\/10\/los-datos-clave-de-las-elecciones-en-el-rojo-7.jpg\" loading=\"lazy\"><br \/>\n<\/a>\n<\/picture>\n<\/div>\n<\/div><\/div>\n<\/div>\n<div class=\"sp__SM\">\n<div class=\"content-new \">\n<span class=\"tit-mobile\">Mir\u00e1 tambi\u00e9n<\/span><\/p>\n<div class=\"mg\">\n<div class=\"wrap-figure\">\n<picture>\n<a href=\"https:\/\/www.ole.com.ar\/independiente\/elecciones-independiente-candidato_0_g64QDBGE4Y.html\" target=\"_self\" rel=\"noopener noreferrer\"><br \/>\n<img class=\"img-responsive\" alt=\"Rudecindo y su propuesta para Independiente\" src=\"http:\/\/hoycordobaweb.com\/wp-content\/uploads\/2022\/10\/los-datos-clave-de-las-elecciones-en-el-rojo-8.jpg\" loading=\"lazy\"><br \/>\n<\/a>\n<\/picture>\n<\/div>\n<\/div><\/div>\n<\/div>\n<div class=\"entry-tags\">\n<h2>TEMAS QUE APARECEN EN ESTA NOTA<\/h2>\n<\/p><\/div>\n","protected":false},"excerpt":{"rendered":"<p>Las elecciones en Independiente se demoraron 287 d\u00edas. Ese fue el tiempo que transcurri\u00f3 desde que los comicios, que inicialmente estaban programados para el 19 de diciembre del a\u00f1o pasado, se postergaron. Atr\u00e1s quedaron las rencillas judiciales entre la f\u00f3rmula liderada por Fabi\u00e1n Doman y la comisi\u00f3n electoral, conformada en su totalidad por militantes del [&hellip;]<\/p>\n","protected":false},"author":1,"featured_media":49290,"comment_status":"open","ping_status":"closed","sticky":false,"template":"","format":"standard","meta":[],"categories":[16],"tags":[],"_links":{"self":[{"href":"http:\/\/hoycordobaweb.com\/index.php\/wp-json\/wp\/v2\/posts\/49289"}],"collection":[{"href":"http:\/\/hoycordobaweb.com\/index.php\/wp-json\/wp\/v2\/posts"}],"about":[{"href":"http:\/\/hoycordobaweb.com\/index.php\/wp-json\/wp\/v2\/types\/post"}],"author":[{"embeddable":true,"href":"http:\/\/hoycordobaweb.com\/index.php\/wp-json\/wp\/v2\/users\/1"}],"replies":[{"embeddable":true,"href":"http:\/\/hoycordobaweb.com\/index.php\/wp-json\/wp\/v2\/comments?post=49289"}],"version-history":[{"count":0,"href":"http:\/\/hoycordobaweb.com\/index.php\/wp-json\/wp\/v2\/posts\/49289\/revisions"}],"wp:featuredmedia":[{"embeddable":true,"href":"http:\/\/hoycordobaweb.com\/index.php\/wp-json\/wp\/v2\/media\/49290"}],"wp:attachment":[{"href":"http:\/\/hoycordobaweb.com\/index.php\/wp-json\/wp\/v2\/media?parent=49289"}],"wp:term":[{"taxonomy":"category","embeddable":true,"href":"http:\/\/hoycordobaweb.com\/index.php\/wp-json\/wp\/v2\/categories?post=49289"},{"taxonomy":"post_tag","embeddable":true,"href":"http:\/\/hoycordobaweb.com\/index.php\/wp-json\/wp\/v2\/tags?post=49289"}],"curies":[{"name":"wp","href":"https:\/\/api.w.org\/{rel}","templated":true}]}}