{"id":49283,"date":"2022-10-01T12:17:20","date_gmt":"2022-10-01T12:17:20","guid":{"rendered":"https:\/\/ladecimaweb.com\/?p=14617"},"modified":"2022-10-01T12:17:20","modified_gmt":"2022-10-01T12:17:20","slug":"agenda-del-dia-feria-del-libro-2022","status":"publish","type":"post","link":"http:\/\/hoycordobaweb.com\/index.php\/2022\/10\/01\/agenda-del-dia-feria-del-libro-2022\/","title":{"rendered":"Agenda del d\u00eda, Feria del Libro 2022"},"content":{"rendered":"<div class=\"boldgrid-section\">\n<div class=\"container\">\n<div class=\"row\">\n<div class=\"col-md-12 col-xs-12 col-sm-12\">\n<p class=\"\"><strong>E<\/strong>n esta tercera jornada se presentan m\u00e1s de 40 actividades desde las 9:30 hasta las 22 horas.<\/p>\n<p class=\"\">De las tres experiencias, Literaria, Art\u00edstica y Gastron\u00f3mica, se destacan:<\/p>\n<p class=\"\"><strong>15:00 a 16:30. Taller \u201cEstampame el coraz\u00f3n\u201d<\/strong><br \/>\nA cargo de Flori Bernal, se realizar\u00e1n estampas coloridas y dibujos para p\u00fablico infantil, en la Sala Malicha, Cabildo de C\u00f3rdoba (Independencia 30).<\/p>\n<p class=\"\"><strong>15:00 a 17:00. Taller de edici\u00f3n de libros cartoneros, a cargo de la editorial \u201cLa Sof\u00eda Cartonera\u201d<\/strong><br \/>\nLa propuesta busca generar, desde la producci\u00f3n artesanal y cartonera, un espacio de reflexi\u00f3n sobre el libro y sus formas tradicionales de producci\u00f3n y circulaci\u00f3n. Adem\u00e1s, se narrar\u00e1 la historia del fen\u00f3meno pol\u00edtico y literario que generaron las editoriales cartoneras en Argentina y Latinoam\u00e9rica. C.C. Espa\u00f1a C\u00f3rdoba Cupo limitado.<br \/>\nEl taller es con cupo limitado y se dictar\u00e1 en el Centro Cultural Espa\u00f1a C\u00f3rdoba (Entre R\u00edos 40).<\/p>\n<p class=\"\"><strong>17:00. Presentaci\u00f3n del libro \u201cLa ciudad de las ranas\u201d, de Hugo Alconada Mon<\/strong><br \/>\nEn su m\u00e1s reciente novela hist\u00f3rica, el autor y periodista de investigaci\u00f3n argentino narra la creaci\u00f3n la ciudad de La Plata junto a la Generaci\u00f3n del 80. Ser\u00e1 en la Carpa Central de la Plaza de la Intendencia \u2013 H\u00e9roes de Malvinas (Duarte Quir\u00f3s, Caseros y Marcelo T. de Alvear, Centro)<\/p>\n<p class=\"\"><strong>18:00. Presentaci\u00f3n de la Biblioteca Ni Una Menos + Diccionario de Escritoras<\/strong><br \/>\nDos iniciativas con base en distintas ciudades que reponen las tramas literarias en las voces de<br \/>\nmujeres y disidencias. Presentan: Agustina P. Frontera y Natalia Weapons.<br \/>\nEn el Centro Cultural Espa\u00f1a C\u00f3rdoba (Entre R\u00edos 40).<\/p>\n<p class=\"\"><strong>20:00. Soul Bitches<\/strong><br \/>\nBanda cordobesa conformada por voces femeninas e instrumentistas, que ofrecen una experiencia de Neo Soul latino, en el escenario Sobremonte (27 de Abril y Marcelo T. de Alvear, Centro).<\/p>\n<p class=\"\"><strong>21:00. Barbi Recanati<\/strong><br \/>\nLa cantante, compositora, guitarrista y productora de rock argentina, se presentar\u00e1 en escenario Sobremonte (27 de Abril y Marcelo T. de Alvear, Centro).<\/p>\n<p>Adem\u00e1s, contin\u00faan las actividades que proponen el Ciclo C\u00f3rdoba Mata, y se incorpora el Ciclo Antena, Ciclo Sinfon\u00eda del Sentimiento y el Ciclo Baron Biza.<\/p>\n<p>Se destaca la obra teatral \u201cJuego Tomado\u201d, creaci\u00f3n colectiva a partir de textos y ensayos de la obra literaria de Julio Cort\u00e1zar. El Grupo Cortados Verdes Miriam Palacio, Alejandra Toledo y C\u00e9sar Vargas se presentar\u00e1n en Casona barrio Providencia (Hualfin 925).<\/p>\n<p class=\"\">Paralelamente, los food trucks de La Parri Vegana, Lo del Turco, Juan Dipp Coffeetruck y Chicken Truck, con comida vegana, shawarma, cafeter\u00eda y pollo frito, estar\u00e1n dispuestos de 11 a 21 en el Paseo Sobremonte.<\/p>\n<p class=\"\">&nbsp;<\/p>\n<div class=\"ubm_banner\"><a href=\"https:\/\/www.cba.gov.ar\" target=\"_blank\" rel=\"dofollow noopener noreferrer\"><img src=\"http:\/\/hoycordobaweb.com\/wp-content\/uploads\/2022\/10\/agenda-del-dia-feria-del-libro-2022.gif\" alt=\"\"><\/a><\/div>\n<\/div>\n<\/div>\n<\/div>\n<\/div>\n<p>La entrada <a rel=\"nofollow\" href=\"https:\/\/ladecimaweb.com\/agenda-del-dia-feria-del-libro-2022\/\">Agenda del d\u00eda, Feria del Libro 2022<\/a> se public\u00f3 primero en <a rel=\"nofollow\" href=\"https:\/\/ladecimaweb.com\">LaDecima<\/a>.<\/p>\n","protected":false},"excerpt":{"rendered":"<p>En esta tercera jornada se presentan m\u00e1s de 40 actividades desde las 9:30 hasta las 22 horas. De las tres experiencias, Literaria, Art\u00edstica y Gastron\u00f3mica, se destacan: 15:00 a 16:30. Taller \u201cEstampame el coraz\u00f3n\u201d A cargo de Flori Bernal, se realizar\u00e1n estampas coloridas y dibujos para p\u00fablico infantil, en la Sala Malicha, Cabildo de C\u00f3rdoba [&hellip;]<\/p>\n","protected":false},"author":1,"featured_media":49284,"comment_status":"closed","ping_status":"closed","sticky":false,"template":"","format":"standard","meta":[],"categories":[19],"tags":[],"_links":{"self":[{"href":"http:\/\/hoycordobaweb.com\/index.php\/wp-json\/wp\/v2\/posts\/49283"}],"collection":[{"href":"http:\/\/hoycordobaweb.com\/index.php\/wp-json\/wp\/v2\/posts"}],"about":[{"href":"http:\/\/hoycordobaweb.com\/index.php\/wp-json\/wp\/v2\/types\/post"}],"author":[{"embeddable":true,"href":"http:\/\/hoycordobaweb.com\/index.php\/wp-json\/wp\/v2\/users\/1"}],"replies":[{"embeddable":true,"href":"http:\/\/hoycordobaweb.com\/index.php\/wp-json\/wp\/v2\/comments?post=49283"}],"version-history":[{"count":0,"href":"http:\/\/hoycordobaweb.com\/index.php\/wp-json\/wp\/v2\/posts\/49283\/revisions"}],"wp:featuredmedia":[{"embeddable":true,"href":"http:\/\/hoycordobaweb.com\/index.php\/wp-json\/wp\/v2\/media\/49284"}],"wp:attachment":[{"href":"http:\/\/hoycordobaweb.com\/index.php\/wp-json\/wp\/v2\/media?parent=49283"}],"wp:term":[{"taxonomy":"category","embeddable":true,"href":"http:\/\/hoycordobaweb.com\/index.php\/wp-json\/wp\/v2\/categories?post=49283"},{"taxonomy":"post_tag","embeddable":true,"href":"http:\/\/hoycordobaweb.com\/index.php\/wp-json\/wp\/v2\/tags?post=49283"}],"curies":[{"name":"wp","href":"https:\/\/api.w.org\/{rel}","templated":true}]}}