{"id":49274,"date":"2022-09-29T20:35:00","date_gmt":"2022-09-29T20:35:00","guid":{"rendered":"https:\/\/fm-comunicar.com.ar\/contenido\/19644\/la-escuela-san-martin-trabaja-con-la-lucena-para-tener-un-aula-forestal"},"modified":"2022-09-29T20:35:00","modified_gmt":"2022-09-29T20:35:00","slug":"la-escuela-san-martin-trabaja-con-la-lucena-para-tener-un-aula-forestal","status":"publish","type":"post","link":"http:\/\/hoycordobaweb.com\/index.php\/2022\/09\/29\/la-escuela-san-martin-trabaja-con-la-lucena-para-tener-un-aula-forestal\/","title":{"rendered":"La Escuela San Mart\u00edn trabaja con La Lucena para tener un aula forestal"},"content":{"rendered":"<p>En jornada extendida, alumnos del centro educativo primario de Colonia Caroya trabajaron esta semana para modificar un rinc\u00f3n del patio. Comenzar\u00e1n a criar plantas aut\u00f3ctonas.<img src=\"http:\/\/hoycordobaweb.com\/wp-content\/uploads\/2022\/10\/la-escuela-san-martin-trabaja-con-la-lucena-para-tener-un-aula-forestal.jpg\"><\/p>\n","protected":false},"excerpt":{"rendered":"<p>En jornada extendida, alumnos del centro educativo primario de Colonia Caroya trabajaron esta semana para modificar un rinc\u00f3n del patio. Comenzar\u00e1n a criar plantas aut\u00f3ctonas.<\/p>\n","protected":false},"author":1,"featured_media":49275,"comment_status":"closed","ping_status":"closed","sticky":false,"template":"","format":"standard","meta":[],"categories":[18],"tags":[],"_links":{"self":[{"href":"http:\/\/hoycordobaweb.com\/index.php\/wp-json\/wp\/v2\/posts\/49274"}],"collection":[{"href":"http:\/\/hoycordobaweb.com\/index.php\/wp-json\/wp\/v2\/posts"}],"about":[{"href":"http:\/\/hoycordobaweb.com\/index.php\/wp-json\/wp\/v2\/types\/post"}],"author":[{"embeddable":true,"href":"http:\/\/hoycordobaweb.com\/index.php\/wp-json\/wp\/v2\/users\/1"}],"replies":[{"embeddable":true,"href":"http:\/\/hoycordobaweb.com\/index.php\/wp-json\/wp\/v2\/comments?post=49274"}],"version-history":[{"count":0,"href":"http:\/\/hoycordobaweb.com\/index.php\/wp-json\/wp\/v2\/posts\/49274\/revisions"}],"wp:featuredmedia":[{"embeddable":true,"href":"http:\/\/hoycordobaweb.com\/index.php\/wp-json\/wp\/v2\/media\/49275"}],"wp:attachment":[{"href":"http:\/\/hoycordobaweb.com\/index.php\/wp-json\/wp\/v2\/media?parent=49274"}],"wp:term":[{"taxonomy":"category","embeddable":true,"href":"http:\/\/hoycordobaweb.com\/index.php\/wp-json\/wp\/v2\/categories?post=49274"},{"taxonomy":"post_tag","embeddable":true,"href":"http:\/\/hoycordobaweb.com\/index.php\/wp-json\/wp\/v2\/tags?post=49274"}],"curies":[{"name":"wp","href":"https:\/\/api.w.org\/{rel}","templated":true}]}}