{"id":49254,"date":"2022-09-30T11:12:06","date_gmt":"2022-09-30T11:12:06","guid":{"rendered":"https:\/\/www.mujerhoy.com\/moda\/no-te-pierdas\/manual-de-estilo-para-llevar-falda-midi-arrasar-look-otono-sfera-20220930131107-nt.html"},"modified":"2022-09-30T11:12:06","modified_gmt":"2022-09-30T11:12:06","slug":"manual-de-estilo-para-llevar-tu-falda-midi-y-arrasar-con-tu-look-de-otono","status":"publish","type":"post","link":"http:\/\/hoycordobaweb.com\/index.php\/2022\/09\/30\/manual-de-estilo-para-llevar-tu-falda-midi-y-arrasar-con-tu-look-de-otono\/","title":{"rendered":"Manual de estilo para llevar tu falda midi y arrasar con tu look de oto\u00f1o"},"content":{"rendered":"<p><!-- AUTHOR --><!-- COMPONENTS --><\/p>\n<p class=\"voc-paragraph\">Las <a href=\"https:\/\/www.mujerhoy.com\/moda\/tendencias\/falda-mini-otono-zara-nueva-temporada-colores-arrasan-instagram-20220908192315-ga.html\" target=\"_blank\" rel=\"noopener noreferrer\"><strong>minifaldas<\/strong><\/a> que triunfaron en verano ya no son tan adecuadas para las temperaturas oto\u00f1ales pero todav\u00eda no ha llegado el momento de las <a href=\"https:\/\/www.mujerhoy.com\/moda\/no-te-pierdas\/rebajas-zara-falda-estampada-larga-barata-rejuvenece-hace-mas-alta-20220802141538-nt.html\" target=\"_blank\" rel=\"noopener noreferrer\"><strong>maxifaldas<\/strong><\/a>. \u00bfCu\u00e1l es la soluci\u00f3n? Apostar por la vertiende <strong>midi<\/strong>, que <strong>estilizan <\/strong>la figura m\u00e1s que cualquier otra prenda.\n<\/p>\n<p class=\"voc-paragraph\">Eso s\u00ed, hay veces que no sabemos la mejor forma de <strong>combinarlas <\/strong>porque no siempre favorecen la largura de nuestras piernas. Por eso hemos buceado en la web de <strong>Sfera<\/strong>, para encontrar las faldas midi m\u00e1s incre\u00edbles para la <strong>rentr\u00e9e <\/strong>y, adem\u00e1s, tomar prestadas ideas para lograr <strong>looks <\/strong>de esc\u00e1ndalo.\n<\/p>\n<p class=\"voc-paragraph\">Con<br \/>\n<strong> jerseys, camisas, blusas<\/strong>&#8230; aunque no lo creas, las faldas midi quedan bien con cualquier tipo de prenda, s\u00f3lo tienes que elegir la adecuada. <\/p>\n<p><h3 class=\"voc-detail__title\"> Con jersey de cuello alto<br \/>\n<\/h3>\n<\/p>\n<div class=\"voc-detail-photo-zoom\"><picture data-toggle=\"modal\" data-target=\"#photoZoomModal-793\" target=\"modal\">\n<div class=\"voc-img-icon-link\"><img loading=\"lazy\" data-original=\"\/\/static2.mujerhoy.com\/www\/multimedia\/202209\/28\/media\/cortadas\/falda-lencera-lunares-kSoE--460x637@MujerHoy.jpg\" class=\"lazy\" alt=\"Falda lencera de lunares, 25,99 euros en Sfera.\"><noscript><img src=\"http:\/\/hoycordobaweb.com\/wp-content\/uploads\/2022\/10\/manual-de-estilo-para-llevar-tu-falda-midi-y-arrasar-con-tu-look-de-otono.jpg\" alt=\"Falda lencera de lunares, 25,99 euros en Sfera.\"><\/noscript><i class=\"voc-icons zoom voc-multimedia-box voc-ico-l\"><\/i><\/div><figcaption class=\"figure-caption\">Falda lencera de lunares, 25,99 euros en Sfera.<\/figcaption><\/picture><\/div>\n<div id=\"photoZoomModal-793\" class=\"voc-lightbox modal fade voc-lightbox--photo-zoom\" role=\"dialog\" data-voc-photozoom-lightbox>\n<div class=\"voc-lightbox__dialog\" role=\"document\">\n<div class=\"voc-lightbox__content\"><!-- Modal header --><!-- Modal content --><\/p>\n<div class=\"voc-lightbox__photo-container\"><picture class><img loading=\"lazy\" data-original=\"\/\/static2.mujerhoy.com\/www\/multimedia\/202209\/28\/media\/cortadas\/falda-lencera-lunares-kSoE--460x637@MujerHoy.jpg\" alt=\"Falda lencera de lunares, 25,99 euros en Sfera.\" class=\"lazy\"><noscript><img src=\"http:\/\/hoycordobaweb.com\/wp-content\/uploads\/2022\/10\/manual-de-estilo-para-llevar-tu-falda-midi-y-arrasar-con-tu-look-de-otono.jpg\" alt=\"Falda lencera de lunares, 25,99 euros en Sfera.\"><\/noscript><\/picture><\/div>\n<\/div>\n<\/div>\n<\/div>\n<p class=\"voc-paragraph\">Si has llevado tu <strong>falda midi<\/strong> durante todo el verano, es hora de darle una segunda vida en <strong>oto\u00f1o <\/strong>con un jersey de <strong>cuello alto <\/strong>o cuello de cisne como el que ves en la imagen. Esta prenda que populariz\u00f3 <strong>Marilyn Monroe <\/strong>queda ideal con tu falda midi estampada al tratarse de una prenda b\u00e1sica.\n<\/p>\n<p class=\"voc-paragraph\">Prueba con esta<br \/>\n<strong> falda estilo lencero <\/strong>de corte midi en color lila con lunares en tonos granates, morados y blancos. De <strong>tiro medio<\/strong> y bajo ligeramente evas\u00e9, esta falda puede solucionarte tu look para ir a la oficina por s\u00f3lo <strong>25,99 euros <\/strong>en la web de Sfera.\n<\/p>\n<p><h3 class=\"voc-detail__title\"> Con camisa negra<br \/>\n<\/h3>\n<\/p>\n<div class=\"voc-detail-photo-zoom\"><picture data-toggle=\"modal\" data-target=\"#photoZoomModal-356\" target=\"modal\">\n<div class=\"voc-img-icon-link\"><img loading=\"lazy\" data-original=\"\/\/static3.mujerhoy.com\/www\/multimedia\/202209\/28\/media\/cortadas\/falda-estampado-geometrico-kSoE--460x637@MujerHoy.jpg\" class=\"lazy\" alt=\"Falda con estampado geom\u00e9trico, 35,99 euros en Sfera.\"><noscript><img src=\"http:\/\/hoycordobaweb.com\/wp-content\/uploads\/2022\/10\/manual-de-estilo-para-llevar-tu-falda-midi-y-arrasar-con-tu-look-de-otono-1.jpg\" alt=\"Falda con estampado geom\u00e9trico, 35,99 euros en Sfera.\"><\/noscript><i class=\"voc-icons zoom voc-multimedia-box voc-ico-l\"><\/i><\/div><figcaption class=\"figure-caption\">Falda con estampado geom\u00e9trico, 35,99 euros en Sfera.<\/figcaption><\/picture><\/div>\n<div id=\"photoZoomModal-356\" class=\"voc-lightbox modal fade voc-lightbox--photo-zoom\" role=\"dialog\" data-voc-photozoom-lightbox>\n<div class=\"voc-lightbox__dialog\" role=\"document\">\n<div class=\"voc-lightbox__content\"><!-- Modal header --><!-- Modal content --><\/p>\n<div class=\"voc-lightbox__photo-container\"><picture class><img loading=\"lazy\" data-original=\"\/\/static3.mujerhoy.com\/www\/multimedia\/202209\/28\/media\/cortadas\/falda-estampado-geometrico-kSoE--460x637@MujerHoy.jpg\" alt=\"Falda con estampado geom\u00e9trico, 35,99 euros en Sfera.\" class=\"lazy\"><noscript><img src=\"http:\/\/hoycordobaweb.com\/wp-content\/uploads\/2022\/10\/manual-de-estilo-para-llevar-tu-falda-midi-y-arrasar-con-tu-look-de-otono-1.jpg\" alt=\"Falda con estampado geom\u00e9trico, 35,99 euros en Sfera.\"><\/noscript><\/picture><\/div>\n<\/div>\n<\/div>\n<\/div>\n<p class=\"voc-paragraph\">Otra forma de reinventar tu<br \/>\n<strong> falda midi<\/strong> de cara al oto\u00f1o es a\u00f1adirle una camisa negra. Lo que podr\u00eda convertirse en un <strong>look sobrio<\/strong> (y aburrido, para que enga\u00f1arnos), cambia si te atreves a llevar tu camisa <strong>desabotonada <\/strong>y redondeas el look con unos <strong>mocasines <\/strong>con calcetines altos.\n<\/p>\n<p class=\"voc-paragraph\">Esa es la propuesta de <strong>Sfera <\/strong>para su falda con estampado geom\u00e9trico de tiro alto y palas para <strong>estilizar <\/strong>la figura. Y todo ello por <strong>35,99 euros<\/strong>.\n<\/p>\n<p><h3 class=\"voc-detail__title\"> Con camisa vaquera<br \/>\n<\/h3>\n<\/p>\n<div class=\"voc-detail-photo-zoom\"><picture data-toggle=\"modal\" data-target=\"#photoZoomModal-823\" target=\"modal\">\n<div class=\"voc-img-icon-link\"><img loading=\"lazy\" data-original=\"\/\/static3.mujerhoy.com\/www\/multimedia\/202209\/28\/media\/cortadas\/falda-flores-kSoE--460x637@MujerHoy.jpg\" class=\"lazy\" alt=\"Falda lencera de flores, 14,35 euros en Sfera.\"><noscript><img src=\"http:\/\/hoycordobaweb.com\/wp-content\/uploads\/2022\/10\/manual-de-estilo-para-llevar-tu-falda-midi-y-arrasar-con-tu-look-de-otono-2.jpg\" alt=\"Falda lencera de flores, 14,35 euros en Sfera.\"><\/noscript><i class=\"voc-icons zoom voc-multimedia-box voc-ico-l\"><\/i><\/div><figcaption class=\"figure-caption\">Falda lencera de flores, 14,35 euros en Sfera.<\/figcaption><\/picture><\/div>\n<div id=\"photoZoomModal-823\" class=\"voc-lightbox modal fade voc-lightbox--photo-zoom\" role=\"dialog\" data-voc-photozoom-lightbox>\n<div class=\"voc-lightbox__dialog\" role=\"document\">\n<div class=\"voc-lightbox__content\"><!-- Modal header --><!-- Modal content --><\/p>\n<div class=\"voc-lightbox__photo-container\"><picture class><img loading=\"lazy\" data-original=\"\/\/static3.mujerhoy.com\/www\/multimedia\/202209\/28\/media\/cortadas\/falda-flores-kSoE--460x637@MujerHoy.jpg\" alt=\"Falda lencera de flores, 14,35 euros en Sfera.\" class=\"lazy\"><noscript><img src=\"http:\/\/hoycordobaweb.com\/wp-content\/uploads\/2022\/10\/manual-de-estilo-para-llevar-tu-falda-midi-y-arrasar-con-tu-look-de-otono-2.jpg\" alt=\"Falda lencera de flores, 14,35 euros en Sfera.\"><\/noscript><\/picture><\/div>\n<\/div>\n<\/div>\n<\/div>\n<p class=\"voc-paragraph\">Pues s\u00ed, tambi\u00e9n puedes atreverte a darle una doble vida a tu <strong>falda midi <\/strong>veraniega gracias a una <strong>camisa vaquera<\/strong> de manga larga. \u00bfQui\u00e9n dice que el estampado de flores s\u00f3lo es para el verano? Prueba con esta falda lencera que ahora est\u00e1 rebajada y puedes comprar por s\u00f3lo <strong>14,35 euros<\/strong> y rompe las reglas.\n<\/p>\n<p><h3 class=\"voc-detail__title\"> Con blusa metida por dentro<br \/>\n<\/h3>\n<\/p>\n<div class=\"voc-detail-photo-zoom\"><picture data-toggle=\"modal\" data-target=\"#photoZoomModal-571\" target=\"modal\">\n<div class=\"voc-img-icon-link\"><img loading=\"lazy\" data-original=\"\/\/static3.mujerhoy.com\/www\/multimedia\/202209\/28\/media\/cortadas\/falda-tubo-marron-kSoE--460x637@MujerHoy.jpg\" class=\"lazy\" alt=\"Falda de tubo marr\u00f3n, 35,99 euros en Sfera.\"><noscript><img src=\"http:\/\/hoycordobaweb.com\/wp-content\/uploads\/2022\/10\/manual-de-estilo-para-llevar-tu-falda-midi-y-arrasar-con-tu-look-de-otono-3.jpg\" alt=\"Falda de tubo marr\u00f3n, 35,99 euros en Sfera.\"><\/noscript><i class=\"voc-icons zoom voc-multimedia-box voc-ico-l\"><\/i><\/div><figcaption class=\"figure-caption\">Falda de tubo marr\u00f3n, 35,99 euros en Sfera.<\/figcaption><\/picture><\/div>\n<div id=\"photoZoomModal-571\" class=\"voc-lightbox modal fade voc-lightbox--photo-zoom\" role=\"dialog\" data-voc-photozoom-lightbox>\n<div class=\"voc-lightbox__dialog\" role=\"document\">\n<div class=\"voc-lightbox__content\"><!-- Modal header --><!-- Modal content --><\/p>\n<div class=\"voc-lightbox__photo-container\"><picture class><img loading=\"lazy\" data-original=\"\/\/static3.mujerhoy.com\/www\/multimedia\/202209\/28\/media\/cortadas\/falda-tubo-marron-kSoE--460x637@MujerHoy.jpg\" alt=\"Falda de tubo marr\u00f3n, 35,99 euros en Sfera.\" class=\"lazy\"><noscript><img src=\"http:\/\/hoycordobaweb.com\/wp-content\/uploads\/2022\/10\/manual-de-estilo-para-llevar-tu-falda-midi-y-arrasar-con-tu-look-de-otono-3.jpg\" alt=\"Falda de tubo marr\u00f3n, 35,99 euros en Sfera.\"><\/noscript><\/picture><\/div>\n<\/div>\n<\/div>\n<\/div>\n<p class=\"voc-paragraph\">Pero si lo que quieres es un <strong>look oto\u00f1al<\/strong> en toda regla, nada como una<br \/>\n<strong> falda midi<\/strong> en color marr\u00f3n. Para redondear el look, opta por una blusa en un tono camel metida por dentro como nos proponen en <strong>Sfera <\/strong>y unos botines con estampado de serpiente. Como ves, queda ideal, y por s\u00f3lo <strong>35,99 euros<\/strong>.\n<\/p>\n<p><h3 class=\"voc-detail__title\"> Con cazadora de piel<br \/>\n<\/h3>\n<\/p>\n<div class=\"voc-detail-photo-zoom\"><picture data-toggle=\"modal\" data-target=\"#photoZoomModal-105\" target=\"modal\">\n<div class=\"voc-img-icon-link\"><img loading=\"lazy\" data-original=\"\/\/static1.mujerhoy.com\/www\/multimedia\/202209\/28\/media\/cortadas\/falda-efecto-piel-kSoE--460x637@MujerHoy.jpg\" class=\"lazy\" alt=\"Falda efecto piel, 25,99 euros en Sfera\"><noscript><img src=\"http:\/\/hoycordobaweb.com\/wp-content\/uploads\/2022\/10\/manual-de-estilo-para-llevar-tu-falda-midi-y-arrasar-con-tu-look-de-otono-4.jpg\" alt=\"Falda efecto piel, 25,99 euros en Sfera\"><\/noscript><i class=\"voc-icons zoom voc-multimedia-box voc-ico-l\"><\/i><\/div><figcaption class=\"figure-caption\">Falda efecto piel, 25,99 euros en Sfera<\/figcaption><\/picture><\/div>\n<div id=\"photoZoomModal-105\" class=\"voc-lightbox modal fade voc-lightbox--photo-zoom\" role=\"dialog\" data-voc-photozoom-lightbox>\n<div class=\"voc-lightbox__dialog\" role=\"document\">\n<div class=\"voc-lightbox__content\"><!-- Modal header --><!-- Modal content --><\/p>\n<div class=\"voc-lightbox__photo-container\"><picture class><img loading=\"lazy\" data-original=\"\/\/static1.mujerhoy.com\/www\/multimedia\/202209\/28\/media\/cortadas\/falda-efecto-piel-kSoE--460x637@MujerHoy.jpg\" alt=\"Falda efecto piel, 25,99 euros en Sfera\" class=\"lazy\"><noscript><img src=\"http:\/\/hoycordobaweb.com\/wp-content\/uploads\/2022\/10\/manual-de-estilo-para-llevar-tu-falda-midi-y-arrasar-con-tu-look-de-otono-4.jpg\" alt=\"Falda efecto piel, 25,99 euros en Sfera\"><\/noscript><\/picture><\/div>\n<\/div>\n<\/div>\n<\/div>\n<p class=\"voc-paragraph\">Los tejidos de<br \/>\n<strong> efecto piel <\/strong>no son aptos para el verano, pero con la llegada del <strong>oto\u00f1o<\/strong>, nuestro armario se llena con este tipo de prendas. Esta falda con<br \/>\n<strong> efecto piel <\/strong>queda ideal con una cazadora del mismo tipo, logrando un total look muy favorecedor que ya se redondea con estos salones dorados con cierre en el tobillo. Y por s\u00f3lo <strong>25,99 euros<\/strong>.\n<\/p>\n<p><h3 class=\"voc-detail__title\"> Con top cropped<br \/>\n<\/h3>\n<\/p>\n<div class=\"voc-detail-photo-zoom\"><picture data-toggle=\"modal\" data-target=\"#photoZoomModal-343\" target=\"modal\">\n<div class=\"voc-img-icon-link\"><img loading=\"lazy\" data-original=\"\/\/static3.mujerhoy.com\/www\/multimedia\/202209\/28\/media\/cortadas\/falda-basica-estampada-kSoE--460x637@MujerHoy.jpg\" class=\"lazy\" alt=\"Falda b\u00e1sica estampada, 4,75 euros en Sfera.\"><noscript><img src=\"http:\/\/hoycordobaweb.com\/wp-content\/uploads\/2022\/10\/manual-de-estilo-para-llevar-tu-falda-midi-y-arrasar-con-tu-look-de-otono-5.jpg\" alt=\"Falda b\u00e1sica estampada, 4,75 euros en Sfera.\"><\/noscript><i class=\"voc-icons zoom voc-multimedia-box voc-ico-l\"><\/i><\/div><figcaption class=\"figure-caption\">Falda b\u00e1sica estampada, 4,75 euros en Sfera.<\/figcaption><\/picture><\/div>\n<div id=\"photoZoomModal-343\" class=\"voc-lightbox modal fade voc-lightbox--photo-zoom\" role=\"dialog\" data-voc-photozoom-lightbox>\n<div class=\"voc-lightbox__dialog\" role=\"document\">\n<div class=\"voc-lightbox__content\"><!-- Modal header --><!-- Modal content --><\/p>\n<div class=\"voc-lightbox__photo-container\"><picture class><img loading=\"lazy\" data-original=\"\/\/static3.mujerhoy.com\/www\/multimedia\/202209\/28\/media\/cortadas\/falda-basica-estampada-kSoE--460x637@MujerHoy.jpg\" alt=\"Falda b\u00e1sica estampada, 4,75 euros en Sfera.\" class=\"lazy\"><noscript><img src=\"http:\/\/hoycordobaweb.com\/wp-content\/uploads\/2022\/10\/manual-de-estilo-para-llevar-tu-falda-midi-y-arrasar-con-tu-look-de-otono-5.jpg\" alt=\"Falda b\u00e1sica estampada, 4,75 euros en Sfera.\"><\/noscript><\/picture><\/div>\n<\/div>\n<\/div>\n<\/div>\n<p class=\"voc-paragraph\">Pero si eres de las m\u00e1s <strong>atrevidas<\/strong>, de las que se resisten a abandonar el <strong>verano<\/strong>, siempre puedes combinar tu falda midi estampada m\u00e1s veraniega con un<br \/>\n<strong> top cropped<\/strong>. Eso s\u00ed, no te olvides de llevar contigo una cazadora o una chaqueta de punto para solventar el fr\u00edo nocturno oto\u00f1al. Adem\u00e1s est\u00e1 m\u00e1s que rebajada y puedes encontrarla por<br \/>\n<strong> 4,75 euros<\/strong>.\n<\/p>\n<p><!-- TOPICS --><\/p>\n","protected":false},"excerpt":{"rendered":"<p>Las minifaldas que triunfaron en verano ya no son tan adecuadas para las temperaturas oto\u00f1ales pero todav\u00eda no ha llegado el momento de las maxifaldas. \u00bfCu\u00e1l es la soluci\u00f3n? Apostar por la vertiende midi, que estilizan la figura m\u00e1s que cualquier otra prenda. Eso s\u00ed, hay veces que no sabemos la mejor forma de combinarlas [&hellip;]<\/p>\n","protected":false},"author":1,"featured_media":49255,"comment_status":"closed","ping_status":"closed","sticky":false,"template":"","format":"standard","meta":[],"categories":[1],"tags":[],"_links":{"self":[{"href":"http:\/\/hoycordobaweb.com\/index.php\/wp-json\/wp\/v2\/posts\/49254"}],"collection":[{"href":"http:\/\/hoycordobaweb.com\/index.php\/wp-json\/wp\/v2\/posts"}],"about":[{"href":"http:\/\/hoycordobaweb.com\/index.php\/wp-json\/wp\/v2\/types\/post"}],"author":[{"embeddable":true,"href":"http:\/\/hoycordobaweb.com\/index.php\/wp-json\/wp\/v2\/users\/1"}],"replies":[{"embeddable":true,"href":"http:\/\/hoycordobaweb.com\/index.php\/wp-json\/wp\/v2\/comments?post=49254"}],"version-history":[{"count":0,"href":"http:\/\/hoycordobaweb.com\/index.php\/wp-json\/wp\/v2\/posts\/49254\/revisions"}],"wp:featuredmedia":[{"embeddable":true,"href":"http:\/\/hoycordobaweb.com\/index.php\/wp-json\/wp\/v2\/media\/49255"}],"wp:attachment":[{"href":"http:\/\/hoycordobaweb.com\/index.php\/wp-json\/wp\/v2\/media?parent=49254"}],"wp:term":[{"taxonomy":"category","embeddable":true,"href":"http:\/\/hoycordobaweb.com\/index.php\/wp-json\/wp\/v2\/categories?post=49254"},{"taxonomy":"post_tag","embeddable":true,"href":"http:\/\/hoycordobaweb.com\/index.php\/wp-json\/wp\/v2\/tags?post=49254"}],"curies":[{"name":"wp","href":"https:\/\/api.w.org\/{rel}","templated":true}]}}