{"id":49248,"date":"2022-09-30T21:36:13","date_gmt":"2022-09-30T21:36:13","guid":{"rendered":"https:\/\/www.ole.com.ar\/futbol-internacional\/elizondo_0_XYT1ZfW0aE.html"},"modified":"2022-09-30T21:36:13","modified_gmt":"2022-09-30T21:36:13","slug":"elizondo-se-iria-de-paraguay-va-pitana","status":"publish","type":"post","link":"http:\/\/hoycordobaweb.com\/index.php\/2022\/09\/30\/elizondo-se-iria-de-paraguay-va-pitana\/","title":{"rendered":"Elizondo se ir\u00eda de Paraguay: \u00bfva Pitana?"},"content":{"rendered":"<p><img src=\"http:\/\/hoycordobaweb.com\/wp-content\/uploads\/2022\/10\/elizondo-se-iria-de-paraguay-va-pitana.jpg\"><\/p>\n<p><a alt=\"horacio-elizondo\" class=\"slug\" href=\"https:\/\/www.ole.com.ar\/tema\/horacio-elizondo.html\" target=\"_blank\" title=\"horacio-elizondo\" rel=\"noopener noreferrer\">Horacio Elizondo<\/a>, despu\u00e9s de cuatro a\u00f1os, dejar\u00eda de ser el encargado de los \u00e1rbitros en <a alt=\"paraguay\" class=\"slug\" href=\"https:\/\/www.ole.com.ar\/tema\/paraguay.html\" target=\"_blank\" title=\"paraguay\" rel=\"noopener noreferrer\">Paraguay<\/a>. El contrato del argentino con la Asociaci\u00f3n (APF) termina el 31 de diciembre y, <strong>si bien no hay nada oficializado, la chance de salida est\u00e1 latente y en un 90% no habr\u00e1 renovaci\u00f3n.<\/strong><\/p>\n<p> \u00bfMotivos? Elizondo lleva cuatro a\u00f1os en sus funciones y ya arrastra un cansancio&nbsp;que lo hacen pensar en buscar otros proyectos de trabajo. Pero todo se definir\u00e1 en las reuniones con Oscar Harrison, presidente de la APF, que tambi\u00e9n tiene que resolver si continuar\u00e1 al frente de la entidad ya que hay elecciones.&nbsp;<\/p>\n<p>Uno de los candidatos a reemplazar a Elizondo es N\u00e9stor Pitana. El misionero, \u00e1rbitro en Brasil 2014 y Rusia 2018 (dirigi\u00f3 la final Francia-Croacia), ya no cuenta en las designaciones de la Direcci\u00f3n Nacional de Arbitraje en Argentina, a cargo de Federico Beligoy. Tambi\u00e9n se mencion\u00f3 al guaran\u00ed Carlos Torres, pero con Harrison a cargo de la AFP no ser\u00eda posible.<\/p>\n<div class=\"sp__Normal\">\n<div class=\"image-embeb image-trigger\" readability=\"6\">\n<picture><source media=\"(min-width: 720px)\" srcset=\"http:\/\/hoycordobaweb.com\/wp-content\/uploads\/2022\/10\/elizondo-se-iria-de-paraguay-va-pitana-2.jpg\"><img itemprop=\"image\" src=\"http:\/\/hoycordobaweb.com\/wp-content\/uploads\/2022\/10\/elizondo-se-iria-de-paraguay-va-pitana-2.jpg\" loading=\"lazy\" alt=\"Pitana en un partido de Libertadores.\">\n<\/picture><figcaption readability=\"2\">\n<p>Pitana en un partido de Libertadores.\n<\/p>\n<\/figcaption><\/div>\n<\/div>\n<div class=\"sp__SM\">\n<div class=\"content-new \">\n<span class=\"tit-mobile\">Mir\u00e1 tambi\u00e9n<\/span><\/p>\n<div class=\"mg\">\n<div class=\"wrap-figure\">\n<picture>\n<a href=\"https:\/\/www.ole.com.ar\/seleccion\/dibu-emiliano-martinez-libro-mundial_0_8sgOEwGPIU.html\" target=\"_self\" rel=\"noopener noreferrer\"><br \/>\n<img class=\"img-responsive\" alt=\"El libro del Dibu antes del Mundial\" src=\"http:\/\/hoycordobaweb.com\/wp-content\/uploads\/2022\/10\/elizondo-se-iria-de-paraguay-va-pitana-3.jpg\" loading=\"lazy\"><br \/>\n<\/a>\n<\/picture>\n<\/div>\n<\/div><\/div>\n<\/div>\n<h2><strong>Las diferencias<\/strong><\/h2>\n<p>Elizondo, a diferencia de Beligoy, tiene divididos a los \u00e1rbitros paraguayos entre los que dirigen en cancha y los que van al VAR, porque considera que es la mejor manera de mejorar el rendimiento. <\/p>\n<p>En Paraguay el VAR arranc\u00f3 en 2017, tres a\u00f1os antes que en Argentina, con la diferencia de que en Primera Divisi\u00f3n hay seis partidos por fecha, con lo cual fue necesario capacitar a menos profesionales que en la AFA.<\/p>\n<p>Pero s\u00ed se implement\u00f3 el uso del VAR en la Copa Paraguay por fases: primero en finales, un a\u00f1o despu\u00e9s en semi y as\u00ed avanzando en m\u00e1s fases. En cambio, no se usa en ninguna instancia de la Copa Argentina.<\/p>\n<div class=\"sp__Normal\">\n<div class=\"image-embeb image-trigger\" readability=\"7\">\n<picture><source media=\"(min-width: 720px)\" srcset=\"http:\/\/hoycordobaweb.com\/wp-content\/uploads\/2022\/10\/elizondo-se-iria-de-paraguay-va-pitana-4.jpg\"><img itemprop=\"image\" src=\"http:\/\/hoycordobaweb.com\/wp-content\/uploads\/2022\/10\/elizondo-se-iria-de-paraguay-va-pitana-4.jpg\" loading=\"lazy\" alt=\"Elizondo en 2019 debi\u00f3 separar a Aquino y Diego Silva, dos \u00e1rbitros que hab\u00edan cometido un error grave en Paraguay.\">\n<\/picture><figcaption readability=\"4\">\n<p>Elizondo en 2019 debi\u00f3 separar a Aquino y Diego Silva, dos \u00e1rbitros que hab\u00edan cometido un error grave en Paraguay.\n<\/p>\n<\/figcaption><\/div>\n<\/div>\n<div class=\"sp__SM\">\n<div class=\"content-new \">\n<span class=\"tit-mobile\">Mir\u00e1 tambi\u00e9n<\/span><\/p>\n<div class=\"mg\">\n<div class=\"wrap-figure\">\n<picture>\n<a href=\"https:\/\/www.ole.com.ar\/futbol-internacional\/espana\/atleticomadrid-koke-record-partidos_0_FQkSR2oVP4.html\" target=\"_self\" rel=\"noopener noreferrer\"><br \/>\n<img class=\"img-responsive\" alt=\"El r\u00e9cord hist\u00f3rico que alcanzar\u00e1 Koke en el Aleti de Simeone\" src=\"http:\/\/hoycordobaweb.com\/wp-content\/uploads\/2022\/10\/elizondo-se-iria-de-paraguay-va-pitana-5.jpg\" loading=\"lazy\"><br \/>\n<\/a>\n<\/picture>\n<\/div>\n<\/div><\/div>\n<\/div>\n<div class=\"sp__SM\">\n<div class=\"content-new \">\n<span class=\"tit-mobile\">Mir\u00e1 tambi\u00e9n<\/span><\/p>\n<div class=\"mg\">\n<div class=\"wrap-figure\">\n<picture>\n<a href=\"https:\/\/www.ole.com.ar\/ecuador\/internacional\/colo-colo-hinchada-tribuna-derrumbe-_0_hUj8E7iQHu.html\" target=\"_self\" rel=\"noopener noreferrer\"><br \/>\n<img class=\"img-responsive\" alt=\"Video: colaps\u00f3 una tribuna de Colo Colo en pleno banderazo de hinchas\" src=\"http:\/\/hoycordobaweb.com\/wp-content\/uploads\/2022\/10\/elizondo-se-iria-de-paraguay-va-pitana-6.jpg\" loading=\"lazy\"><br \/>\n<\/a>\n<\/picture>\n<\/div>\n<\/div><\/div>\n<\/div>\n<div class=\"entry-tags\">\n<h2>TEMAS QUE APARECEN EN ESTA NOTA<\/h2>\n<\/p><\/div>\n","protected":false},"excerpt":{"rendered":"<p>Horacio Elizondo, despu\u00e9s de cuatro a\u00f1os, dejar\u00eda de ser el encargado de los \u00e1rbitros en Paraguay. El contrato del argentino con la Asociaci\u00f3n (APF) termina el 31 de diciembre y, si bien no hay nada oficializado, la chance de salida est\u00e1 latente y en un 90% no habr\u00e1 renovaci\u00f3n. \u00bfMotivos? Elizondo lleva cuatro a\u00f1os en [&hellip;]<\/p>\n","protected":false},"author":1,"featured_media":49249,"comment_status":"open","ping_status":"closed","sticky":false,"template":"","format":"standard","meta":[],"categories":[16],"tags":[],"_links":{"self":[{"href":"http:\/\/hoycordobaweb.com\/index.php\/wp-json\/wp\/v2\/posts\/49248"}],"collection":[{"href":"http:\/\/hoycordobaweb.com\/index.php\/wp-json\/wp\/v2\/posts"}],"about":[{"href":"http:\/\/hoycordobaweb.com\/index.php\/wp-json\/wp\/v2\/types\/post"}],"author":[{"embeddable":true,"href":"http:\/\/hoycordobaweb.com\/index.php\/wp-json\/wp\/v2\/users\/1"}],"replies":[{"embeddable":true,"href":"http:\/\/hoycordobaweb.com\/index.php\/wp-json\/wp\/v2\/comments?post=49248"}],"version-history":[{"count":0,"href":"http:\/\/hoycordobaweb.com\/index.php\/wp-json\/wp\/v2\/posts\/49248\/revisions"}],"wp:featuredmedia":[{"embeddable":true,"href":"http:\/\/hoycordobaweb.com\/index.php\/wp-json\/wp\/v2\/media\/49249"}],"wp:attachment":[{"href":"http:\/\/hoycordobaweb.com\/index.php\/wp-json\/wp\/v2\/media?parent=49248"}],"wp:term":[{"taxonomy":"category","embeddable":true,"href":"http:\/\/hoycordobaweb.com\/index.php\/wp-json\/wp\/v2\/categories?post=49248"},{"taxonomy":"post_tag","embeddable":true,"href":"http:\/\/hoycordobaweb.com\/index.php\/wp-json\/wp\/v2\/tags?post=49248"}],"curies":[{"name":"wp","href":"https:\/\/api.w.org\/{rel}","templated":true}]}}