{"id":49223,"date":"2022-09-30T23:34:22","date_gmt":"2022-09-30T23:34:22","guid":{"rendered":"http:\/\/hoycordobaweb.com\/index.php\/2022\/09\/30\/los-arbitros-y-una-amenaza-que-genero-polemica-en-el-futbol-argentino-la-critica\/"},"modified":"2022-09-30T23:34:22","modified_gmt":"2022-09-30T23:34:22","slug":"los-arbitros-y-una-amenaza-que-genero-polemica-en-el-futbol-argentino-la-critica","status":"publish","type":"post","link":"http:\/\/hoycordobaweb.com\/index.php\/2022\/09\/30\/los-arbitros-y-una-amenaza-que-genero-polemica-en-el-futbol-argentino-la-critica\/","title":{"rendered":"Los \u00e1rbitros y una amenaza que gener\u00f3 pol\u00e9mica en el <b>f\u00fatbol argentino<\/b> \u2013 La Critica"},"content":{"rendered":"<p>El <b>f\u00fatbol argentino<\/b> no est\u00e1 en su mejor momento, sobre todo por las pol\u00e9micas generadas en base a la implementaci\u00f3n del VAR. Uno de los sindicatos&nbsp;&#8230; <\/p>\n","protected":false},"excerpt":{"rendered":"<p>El f\u00fatbol argentino no est\u00e1 en su mejor momento, sobre todo por las pol\u00e9micas generadas en base a la implementaci\u00f3n del VAR. Uno de los sindicatos&nbsp;&#8230;<\/p>\n","protected":false},"author":1,"featured_media":0,"comment_status":"closed","ping_status":"closed","sticky":false,"template":"","format":"standard","meta":[],"categories":[22],"tags":[],"_links":{"self":[{"href":"http:\/\/hoycordobaweb.com\/index.php\/wp-json\/wp\/v2\/posts\/49223"}],"collection":[{"href":"http:\/\/hoycordobaweb.com\/index.php\/wp-json\/wp\/v2\/posts"}],"about":[{"href":"http:\/\/hoycordobaweb.com\/index.php\/wp-json\/wp\/v2\/types\/post"}],"author":[{"embeddable":true,"href":"http:\/\/hoycordobaweb.com\/index.php\/wp-json\/wp\/v2\/users\/1"}],"replies":[{"embeddable":true,"href":"http:\/\/hoycordobaweb.com\/index.php\/wp-json\/wp\/v2\/comments?post=49223"}],"version-history":[{"count":0,"href":"http:\/\/hoycordobaweb.com\/index.php\/wp-json\/wp\/v2\/posts\/49223\/revisions"}],"wp:attachment":[{"href":"http:\/\/hoycordobaweb.com\/index.php\/wp-json\/wp\/v2\/media?parent=49223"}],"wp:term":[{"taxonomy":"category","embeddable":true,"href":"http:\/\/hoycordobaweb.com\/index.php\/wp-json\/wp\/v2\/categories?post=49223"},{"taxonomy":"post_tag","embeddable":true,"href":"http:\/\/hoycordobaweb.com\/index.php\/wp-json\/wp\/v2\/tags?post=49223"}],"curies":[{"name":"wp","href":"https:\/\/api.w.org\/{rel}","templated":true}]}}