{"id":49161,"date":"2022-09-29T18:00:44","date_gmt":"2022-09-29T18:00:44","guid":{"rendered":"https:\/\/www.espinof.com\/series-de-ficcion\/esta-no-representacion-que-buscamos-netflix-retira-etiqueta-lgtbq-dahmer-monstruo-historia-jeffrey-dahmer-despues-quejas-recibidas"},"modified":"2022-09-29T18:00:44","modified_gmt":"2022-09-29T18:00:44","slug":"esta-no-es-la-representacion-que-buscamos-netflix-retira-la-etiqueta-lgtbq-de-dahmer-monstruo-la-historia-de-jeffrey-dahmer-despues-de-las-quejas-recibidas","status":"publish","type":"post","link":"http:\/\/hoycordobaweb.com\/index.php\/2022\/09\/29\/esta-no-es-la-representacion-que-buscamos-netflix-retira-la-etiqueta-lgtbq-de-dahmer-monstruo-la-historia-de-jeffrey-dahmer-despues-de-las-quejas-recibidas\/","title":{"rendered":"\u00abEsta no es la representaci\u00f3n que buscamos\u00bb. Netflix retira la etiqueta LGTBQ de &#8216;Dahmer &#8211; Monstruo: la historia de Jeffrey Dahmer&#8217; despu\u00e9s de las quejas recibidas"},"content":{"rendered":"<p>Adem\u00e1s de estar gozando de una enorme popularidad en Netflix, ubic\u00e1ndose en el n\u00famero uno de lo m\u00e1s visto en Espa\u00f1a despu\u00e9s de <a href=\"https:\/\/www.espinof.com\/series-de-ficcion\/monstruo-leyenda-jeffrey-dahmer-bate-records-netflix-mejor-estreno-todos-tiempos-para-serie-nueva-plataforma\">batir r\u00e9cords<\/a> para convertirse en el mejor estreno de todos los tiempos para una serie en la plataforma, <a href=\"https:\/\/www.espinof.com\/criticas\/dahmer-monstruo-historia-jeffrey-dahmer-mejor-miniserie-ryan-murphy-para-netflix-evan-peters-borda-inmisericorde-retrato-asesino\">&#8216;Dahmer &#8211; Monstruo: La historia de Jeffrey Dahmer&#8217;<\/a> est\u00e1 <strong>vi\u00e9ndose rodeada de pol\u00e9micas y controversias varias<\/strong> desde su lanzamiento \u2014nada nuevo en los tiempos que corren\u2014.<\/p>\n<p><!-- BREAK 1 --><\/p>\n<h2>De etiquetas y representaciones<\/h2>\n<p>Hace un par de d\u00edas os cont\u00e1bamos c\u00f3mo Rita Isbell, hermana de una de las v\u00edctimas del Can\u00edbal de Milwaukee, <a href=\"https:\/\/www.espinof.com\/otros\/triste-que-esten-haciendo-dinero-esta-tragedia-pura-avaricia-hermana-victimas-jeffrey-dahmer-estalla-serie-netflix\">carg\u00f3 contra la producci\u00f3n<\/a> de Ryan Murphy protagonizada por Evan Peters se\u00f1al\u00e1ndola como <strong>una creaci\u00f3n nacida de la \u00abpura avaricia\u00bb<\/strong> que s\u00f3lo est\u00e1 consiguiendo traumatizar de nuevo a quienes vivieron de cerca los cr\u00edmenes que relata.<\/p>\n<p><!-- BREAK 2 --> <\/p>\n<div class=\"article-asset article-asset-normal article-asset-center\">\n<div class=\"desvio-container\">\n<div class=\"desvio\">\n<div class=\"desvio-figure js-desvio-figure\"> <a href=\"https:\/\/www.espinof.com\/listas\/mejores-series-netflix-2022\"> <img alt=\"Las 11 mejores series de Netflix en 2022 (por ahora)\" src=\"http:\/\/hoycordobaweb.com\/wp-content\/uploads\/2022\/09\/esta-no-es-la-representacion-que-buscamos-netflix-retira-la-etiqueta-lgtbq-de-dahmer-monstruo-la-historia-de-jeffrey-dahmer-despues-de-las-quejas-recibidas.jpg\"> <\/a> <\/div><\/div><\/div>\n<\/div>\n<p>Pero esto no es todo, ya que hoy hemos conocido que<strong> la Gran N ha decidido eliminar la etiqueta LGTBQ de &#8216;Monstruo&#8217;<\/strong>, que acompa\u00f1aba a las de \u00abinquietante\u00bb y \u00absiniestro\u00bb en la ficha de la miniserie debido a la orientaci\u00f3n sexual de su protagonista, despu\u00e9s de las quejas proferidas por parte de miembros del colectivo en redes sociales como TikTok o Twitter.<\/p>\n<p><!-- BREAK 3 --><\/p>\n<blockquote class=\"twitter-tweet\" readability=\"5.337899543379\">\n<p lang=\"en\" dir=\"ltr\">Hey hi <a href=\"https:\/\/twitter.com\/netflix?ref_src=twsrc%5Etfw\">@netflix<\/a> I IMPLORE you please reconsider having Dahmer with the LGBTQ tag, especially as one of its tags right when you open the app \ud83d\ude2d <a href=\"https:\/\/t.co\/sxVhVTlPwG\">pic.twitter.com\/sxVhVTlPwG<\/a><\/p>\n<p>\u2014 Pantastically (@Sinuzaki) <a href=\"https:\/\/twitter.com\/Sinuzaki\/status\/1572769447768735747?ref_src=twsrc%5Etfw\">September 22, 2022<\/a><\/p><\/blockquote>\n<p>Entre ellas, se han podido ver y leer mensajes de suscriptores descontentos como <em>\u00abEsta no es la representaci\u00f3n que estamos buscando\u00bb<\/em> o \u00ab<em>Netflix, os ruego que, por favor, reconsider\u00e9is tener Dahmer con el tag LGBTQ, especialmente siendo uno de los tags que aparecen nada m\u00e1s abrir la app\u00bb<\/em>. Por el momento, <strong>la compa\u00f1\u00eda no ha contestado de forma oficial<\/strong> m\u00e1s all\u00e1 de la retirada de la categor\u00eda.<\/p>\n<p><!-- BREAK 4 --> <\/p>\n","protected":false},"excerpt":{"rendered":"<p>Adem\u00e1s de estar gozando de una enorme popularidad en Netflix, ubic\u00e1ndose en el n\u00famero uno de lo m\u00e1s visto en Espa\u00f1a despu\u00e9s de batir r\u00e9cords para convertirse en el mejor estreno de todos los tiempos para una serie en la plataforma, &#8216;Dahmer &#8211; Monstruo: La historia de Jeffrey Dahmer&#8217; est\u00e1 vi\u00e9ndose rodeada de pol\u00e9micas y [&hellip;]<\/p>\n","protected":false},"author":1,"featured_media":49162,"comment_status":"open","ping_status":"closed","sticky":false,"template":"","format":"standard","meta":[],"categories":[1],"tags":[],"_links":{"self":[{"href":"http:\/\/hoycordobaweb.com\/index.php\/wp-json\/wp\/v2\/posts\/49161"}],"collection":[{"href":"http:\/\/hoycordobaweb.com\/index.php\/wp-json\/wp\/v2\/posts"}],"about":[{"href":"http:\/\/hoycordobaweb.com\/index.php\/wp-json\/wp\/v2\/types\/post"}],"author":[{"embeddable":true,"href":"http:\/\/hoycordobaweb.com\/index.php\/wp-json\/wp\/v2\/users\/1"}],"replies":[{"embeddable":true,"href":"http:\/\/hoycordobaweb.com\/index.php\/wp-json\/wp\/v2\/comments?post=49161"}],"version-history":[{"count":0,"href":"http:\/\/hoycordobaweb.com\/index.php\/wp-json\/wp\/v2\/posts\/49161\/revisions"}],"wp:featuredmedia":[{"embeddable":true,"href":"http:\/\/hoycordobaweb.com\/index.php\/wp-json\/wp\/v2\/media\/49162"}],"wp:attachment":[{"href":"http:\/\/hoycordobaweb.com\/index.php\/wp-json\/wp\/v2\/media?parent=49161"}],"wp:term":[{"taxonomy":"category","embeddable":true,"href":"http:\/\/hoycordobaweb.com\/index.php\/wp-json\/wp\/v2\/categories?post=49161"},{"taxonomy":"post_tag","embeddable":true,"href":"http:\/\/hoycordobaweb.com\/index.php\/wp-json\/wp\/v2\/tags?post=49161"}],"curies":[{"name":"wp","href":"https:\/\/api.w.org\/{rel}","templated":true}]}}