{"id":49158,"date":"2022-09-29T18:44:00","date_gmt":"2022-09-29T18:44:00","guid":{"rendered":"http:\/\/hoycordobaweb.com\/index.php\/2022\/09\/29\/imputaron-al-chofer-del-micro-con-hinchas-de-boca-accidentado\/"},"modified":"2022-09-29T18:44:00","modified_gmt":"2022-09-29T18:44:00","slug":"imputaron-al-chofer-del-micro-con-hinchas-de-boca-accidentado","status":"publish","type":"post","link":"http:\/\/hoycordobaweb.com\/index.php\/2022\/09\/29\/imputaron-al-chofer-del-micro-con-hinchas-de-boca-accidentado\/","title":{"rendered":"Imputaron al chofer del micro con hinchas de Boca accidentado"},"content":{"rendered":"<p><img src=\"http:\/\/hoycordobaweb.com\/wp-content\/uploads\/2022\/09\/imputaron-al-chofer-del-micro-con-hinchas-de-boca-accidentado.jpg\"><\/p>\n<figure class=\"mb-3\"><img loading=\"lazy\" src=\"http:\/\/hoycordobaweb.com\/wp-content\/uploads\/2022\/09\/imputaron-al-chofer-del-micro-con-hinchas-de-boca-accidentado-2.jpg\" width=\"100%\" height=\"100%\" alt=\"Foto Ramiro Gomez\"><figcaption> Foto: Ramiro Gomez <\/figcaption><\/figure>\n<p>Oscar S\u00edvori, titular de la Unidad Fiscal de San Mart\u00edn, en Mendoza, imput\u00f3 este jueves por \u00abhomicidio culposo en concurso con lesiones culposas graves y leves\u00bb a<strong> Alberto Escobar<\/strong>, chofer del micro que volc\u00f3 el mi\u00e9rcoles en esa provincia cuando trasladaba a hinchas de Boca, accidente en el cual muri\u00f3 una mujer y varios pasajeros resultaron heridos.<\/p>\n<p>Los hinchas \u00abxeneizes\u00bb viajaban para presenciar el <strong>partido entre Boca y Quilmes<\/strong>, que jugaron la noche del mi\u00e9rcoles en el estadio Malvinas Argentinas por los cuartos de final de la Copa Argentina.<\/p>\n<figure class=\"mb-3\"><img loading=\"lazy\" src=\"http:\/\/hoycordobaweb.com\/wp-content\/uploads\/2022\/09\/imputaron-al-chofer-del-micro-con-hinchas-de-boca-accidentado-3.jpg\" width=\"100%\" height=\"100%\" alt=\"Foto Ramiro Gomez\"><figcaption> Foto: Ramiro Gomez <\/figcaption><\/figure>\n<p>El micro pertenece a la empresa <strong>New Tours SRL<\/strong>, patente HRB412, y Escobar permanec\u00eda detenido en la comisar\u00eda 12da. en averiguaci\u00f3n del siniestro vial.<\/p>\n<p>La mujer que <strong>falleci\u00f3 <\/strong>fue identificada como <strong>Paola Emilce Fleitas<\/strong>, de 32 a\u00f1os, domiciliada en la localidad bonaerense de Virrey del Pino, socia de Boca Juniors. El club de la Ribera lament\u00f3 su deceso y se puso a disposici\u00f3n de la familia.<\/p>\n<blockquote class=\"twitter-tweet\" readability=\"6.756183745583\">\n<p lang=\"es\" dir=\"ltr\">Lamentamos profundamente el fallecimiento de Paola Emilse Fleitas, hincha y socia xeneize que viajaba en el micro camino a Mendoza. Acompa\u00f1amos en este triste momento a toda su familia y seres queridos. <a href=\"https:\/\/t.co\/cBt2jLCCJE\">pic.twitter.com\/cBt2jLCCJE<\/a><\/p>\n<p>\u2014 Boca Juniors (@BocaJrsOficial) <a href=\"https:\/\/twitter.com\/BocaJrsOficial\/status\/1575215906313371648?ref_src=twsrc%5Etfw\">September 28, 2022<\/a><\/p><\/blockquote>\n<p>Las autoridades sanitarias provinciales informaron en tanto que a\u00fan <strong>quedaban seis personas hospitalizadas<\/strong>, pero sin mayor gravedad.<\/p>\n<figure class=\"mb-3\"><img loading=\"lazy\" src=\"http:\/\/hoycordobaweb.com\/wp-content\/uploads\/2022\/09\/imputaron-al-chofer-del-micro-con-hinchas-de-boca-accidentado-4.jpg\" width=\"100%\" height=\"100%\" alt=\"Foto Ramiro Gomez\"><figcaption> Foto: Ramiro Gomez <\/figcaption><\/figure>\n<h2 class>Las causas del accidente<\/h2>\n<p>El accidente se produjo sobre la <strong>Ruta Nacional 7<\/strong>, a 40 kil\u00f3metros de la capital mendocina, frente al aut\u00f3dromo de la ciudad de San Mart\u00edn. Seg\u00fan los primeros informes, habr\u00eda reventado un neum\u00e1tico del micro y el chofer no pudo controlar el veh\u00edculo.<\/p>\n<p>Sobre las causas del accidente, el fiscal S\u00edvori, en declaraciones a Canal 7 de Mendoza, remarc\u00f3 que \u00abhay sospechas\u00bb pero que la causa final la va \u00aba arrojar la pericia\u00bb que derive del trabajo que realiz\u00f3 la polic\u00eda cient\u00edfica en el lugar para poder <strong>determinar \u00abqu\u00e9 es lo que produjo que el neum\u00e1tico izquierdo del colectivo haya reventado\u00bb<\/strong> y fuera la presunta causa de que el chofer perdiera el control del micro.<\/p>\n<figure class=\"mb-3\"><img loading=\"lazy\" src=\"http:\/\/hoycordobaweb.com\/wp-content\/uploads\/2022\/09\/imputaron-al-chofer-del-micro-con-hinchas-de-boca-accidentado-5.jpg\" width=\"100%\" height=\"100%\" alt=\"Foto Ramiro Gomez\"><figcaption> Foto: Ramiro Gomez <\/figcaption><\/figure>\n<p>El funcionario judicial confirm\u00f3 que \u00abno existi\u00f3 intervenci\u00f3n de un tercero\u00bb sobre la mec\u00e1nica del siniestro vial y explic\u00f3 que el colectivo \u00abse cruz\u00f3 de carril y volc\u00f3 en el lateral de la otra v\u00eda\u00bb.<\/p>\n<p>En tanto, el chofer del colectivo qued\u00f3 aprehendido y demorado en la comisar\u00eda 12da. en averiguaci\u00f3n del siniestro vial.<\/p>\n<figure class=\"mb-3\"><img loading=\"lazy\" src=\"http:\/\/hoycordobaweb.com\/wp-content\/uploads\/2022\/09\/imputaron-al-chofer-del-micro-con-hinchas-de-boca-accidentado-6.jpg\" width=\"100%\" height=\"100%\" alt=\"Foto Ramiro Gomez\"><figcaption> Foto: Ramiro Gomez <\/figcaption><\/figure>\n","protected":false},"excerpt":{"rendered":"<p>Foto: Ramiro Gomez Oscar S\u00edvori, titular de la Unidad Fiscal de San Mart\u00edn, en Mendoza, imput\u00f3 este jueves por \u00abhomicidio culposo en concurso con lesiones culposas graves y leves\u00bb a Alberto Escobar, chofer del micro que volc\u00f3 el mi\u00e9rcoles en esa provincia cuando trasladaba a hinchas de Boca, accidente en el cual muri\u00f3 una mujer [&hellip;]<\/p>\n","protected":false},"author":1,"featured_media":49159,"comment_status":"open","ping_status":"closed","sticky":false,"template":"","format":"standard","meta":[],"categories":[16],"tags":[],"_links":{"self":[{"href":"http:\/\/hoycordobaweb.com\/index.php\/wp-json\/wp\/v2\/posts\/49158"}],"collection":[{"href":"http:\/\/hoycordobaweb.com\/index.php\/wp-json\/wp\/v2\/posts"}],"about":[{"href":"http:\/\/hoycordobaweb.com\/index.php\/wp-json\/wp\/v2\/types\/post"}],"author":[{"embeddable":true,"href":"http:\/\/hoycordobaweb.com\/index.php\/wp-json\/wp\/v2\/users\/1"}],"replies":[{"embeddable":true,"href":"http:\/\/hoycordobaweb.com\/index.php\/wp-json\/wp\/v2\/comments?post=49158"}],"version-history":[{"count":0,"href":"http:\/\/hoycordobaweb.com\/index.php\/wp-json\/wp\/v2\/posts\/49158\/revisions"}],"wp:featuredmedia":[{"embeddable":true,"href":"http:\/\/hoycordobaweb.com\/index.php\/wp-json\/wp\/v2\/media\/49159"}],"wp:attachment":[{"href":"http:\/\/hoycordobaweb.com\/index.php\/wp-json\/wp\/v2\/media?parent=49158"}],"wp:term":[{"taxonomy":"category","embeddable":true,"href":"http:\/\/hoycordobaweb.com\/index.php\/wp-json\/wp\/v2\/categories?post=49158"},{"taxonomy":"post_tag","embeddable":true,"href":"http:\/\/hoycordobaweb.com\/index.php\/wp-json\/wp\/v2\/tags?post=49158"}],"curies":[{"name":"wp","href":"https:\/\/api.w.org\/{rel}","templated":true}]}}