{"id":49132,"date":"2022-09-29T00:38:08","date_gmt":"2022-09-29T00:38:08","guid":{"rendered":"https:\/\/www.ole.com.ar\/independiente\/tecnico-rojo-analisis-copa-argentina_0_18uDMNuekM.html"},"modified":"2022-09-29T00:38:08","modified_gmt":"2022-09-29T00:38:08","slug":"el-curioso-analisis-de-falcioni-tras-la-eliminacion-del-rojo","status":"publish","type":"post","link":"http:\/\/hoycordobaweb.com\/index.php\/2022\/09\/29\/el-curioso-analisis-de-falcioni-tras-la-eliminacion-del-rojo\/","title":{"rendered":"El curioso an\u00e1lisis de Falcioni tras la eliminaci\u00f3n del Rojo"},"content":{"rendered":"<p><img src=\"http:\/\/hoycordobaweb.com\/wp-content\/uploads\/2022\/09\/el-curioso-analisis-de-falcioni-tras-la-eliminacion-del-rojo.jpg\"><\/p>\n<p>Hace poco menos de un mes que <a alt=\"club-atletico-independiente\" class=\"slug\" href=\"https:\/\/www.ole.com.ar\/tema\/club-atletico-independiente.html\" target=\"_blank\" title=\"club-atletico-independiente\" rel=\"noopener noreferrer\">Independiente <\/a>hab\u00eda cosechado su \u00faltima derrota. Frente a Gimnasia, <a alt=\"julio-cesar-falcioni\" class=\"slug\" href=\"https:\/\/www.ole.com.ar\/tema\/julio-cesar-falcioni.html\" target=\"_blank\" title=\"julio-cesar-falcioni\" rel=\"noopener noreferrer\">Julio C\u00e9sar Falcioni <\/a>estuvo a punto de renunciar. De hecho estaba decidido a hacerlo pero lo frenaron algunos dirigentes. El ciclo parec\u00eda terminado. Esa fue la \u00faltima vez que el t\u00e9cnico del Rojo hab\u00eda hablado p\u00fablicamente. Tras tocar fondo, su equipo tuvo una remontada extraordinaria y hasta ayer hab\u00eda ganado cinco partido al hilo. Por c\u00e1bala, decretada t\u00e1citamente, JC no volvi\u00f3 a hablar hasta esta nueva derrota. Aunque no tan derrota para el Emperador&#8230;<\/p>\n<div class=\"sp__SM\">\n<div class=\"content-new \">\n<span class=\"tit-mobile\">Mir\u00e1 tambi\u00e9n<\/span><\/p>\n<div class=\"mg\">\n<div class=\"wrap-figure\">\n<picture>\n<a href=\"https:\/\/www.ole.com.ar\/independiente\/independiente-_0_6Kaw7Xu998.html\" target=\"_self\" rel=\"noopener noreferrer\"><br \/>\n<img class=\"img-responsive\" alt=\"El uno x uno de la eliminaci\u00f3n del Rojo\" src=\"http:\/\/hoycordobaweb.com\/wp-content\/uploads\/2022\/09\/el-curioso-analisis-de-falcioni-tras-la-eliminacion-del-rojo-2.jpg\" loading=\"lazy\"><br \/>\n<\/a>\n<\/picture>\n<\/div>\n<\/div><\/div>\n<\/div>\n<p><strong>\u201cEn el partido no perdimos, estoy conforme con el esfuerzo que hizo el grupo\u201d<\/strong>, declar\u00f3 el entrenador en conferencia de prensa, una frase que gener\u00f3 malestar en las redes sociales. Es que el Rojo parec\u00eda tener un camino a la final algo m\u00e1s accesible que el resto, puesto que de pasar a Talleres asomaba Banfield y quedaba a un paso de la Copa Libertadores 2023, meta que ya qued\u00f3 anulada tras la eliminaci\u00f3n. <strong>\u201cA los hinchas les agradecemos como siempre lo hacemos. Tratamos de dar lo m\u00e1ximo para que el hincha est\u00e9 contento\u201c.<\/strong> Y reiter\u00f3: \u201c<strong>Vuelvo a decir lo que dije antes, el equipo en la cancha no perdi\u00f3, hizo un gran esfuerzo en el partido\u201d.<\/strong><\/p>\n<div class=\"sp__SM\">\n<div class=\"content-new \">\n<span class=\"tit-mobile\">Mir\u00e1 tambi\u00e9n<\/span><\/p>\n<div class=\"mg\">\n<div class=\"wrap-figure\">\n<picture>\n<a href=\"https:\/\/www.ole.com.ar\/independiente\/independiente-vallejo-penal-errado-disculpas-copa-argentina-talleres_0_2d5YSWoMBZ.html\" target=\"_self\" rel=\"noopener noreferrer\"><br \/>\n<img class=\"img-responsive\" alt=\"Vallejo y su pedido de disculpas tras el penal errado\" src=\"http:\/\/hoycordobaweb.com\/wp-content\/uploads\/2022\/09\/el-curioso-analisis-de-falcioni-tras-la-eliminacion-del-rojo-3.jpg\" loading=\"lazy\"><br \/>\n<\/a>\n<\/picture>\n<\/div>\n<\/div><\/div>\n<\/div>\n<p>M\u00e1s all\u00e1 de la ca\u00edda por penales, Independiente man tiene el objetivo de poder entrar en la Copa Sudamericana por tabla anual. <strong>\u201cNos quedan 18 puntos, nos tenemos que recuperar y conf\u00edo en que podemos entrar a la Copa Sudamericana\u201d<\/strong>, dijo Julio C\u00e9sar. M\u00e1s all\u00e1 de los deseos, el Rojo est\u00e1 muy lejos. Actualmente debe remontar una ventaja de nueve puntos con Newell\u2019s, el \u00faltimo que est\u00e1 ingresando. Pero encima tiene a otros cinco equipos por delante (Tigre, Sarmiento, Godoy Cruz, Barracas y Banfield).<\/p>\n<div class=\"sp__SM\">\n<div class=\"content-new no-img\">\n<span class=\"tit-mobile\">Mir\u00e1 tambi\u00e9n<\/span> <\/div>\n<\/div>\n<p>En el empate sin goles en los 90 minutos, Independiente fue superado por momentos por Talleres, que tuvo las chances m\u00e1s claras. El t\u00e9cnico del Rojo intent\u00f3 encontrarle alguna explicaci\u00f3n a la baja producci\u00f3n que tuvo su equipo en un partido importante:<strong> \u201cVenimos de una secuencia importante de partidos donde se realiz\u00f3 mucho esfuerzo. Lo m\u00e1s valorable es que cambiamos la imagen que ven\u00edamos teniendo\u201d.<\/strong><\/p>\n<div class=\"sp__SM\">\n<div class=\"content-new \">\n<span class=\"tit-mobile\">Mir\u00e1 tambi\u00e9n<\/span><\/p>\n<div class=\"mg\">\n<div class=\"wrap-figure\">\n<picture>\n<a href=\"https:\/\/www.ole.com.ar\/copa-argentina\/definicion-penal-independiente-talleres_0_Ql0rsFfphv.html\" target=\"_self\" rel=\"noopener noreferrer\"><br \/>\n<img class=\"img-responsive\" alt=\"Video: as\u00ed fue la definici\u00f3n por penales de Independiente-Talleres\" src=\"http:\/\/hoycordobaweb.com\/wp-content\/uploads\/2022\/09\/el-curioso-analisis-de-falcioni-tras-la-eliminacion-del-rojo-4.jpg\" loading=\"lazy\"><br \/>\n<\/a>\n<\/picture>\n<\/div>\n<\/div><\/div>\n<\/div>\n<p>Por \u00faltimo, evit\u00f3 hablar de las elecciones que se vienen y el clima pol\u00edtico que se est\u00e1 viviendo. <strong>\u201cLa parte pol\u00edtica es algo en donde nunca intervine. No es que no me interesa, pero nunca me he involucrado en la pol\u00edtica, tanto de un club como en lo nacional\u201d<\/strong>, cerr\u00f3 Falcioni, quien apunta los ca\u00f1ones a la Liga Profesional.<\/p>\n<div class=\"entry-tags\">\n<h2>TEMAS QUE APARECEN EN ESTA NOTA<\/h2>\n<\/p><\/div>\n","protected":false},"excerpt":{"rendered":"<p>Hace poco menos de un mes que Independiente hab\u00eda cosechado su \u00faltima derrota. Frente a Gimnasia, Julio C\u00e9sar Falcioni estuvo a punto de renunciar. De hecho estaba decidido a hacerlo pero lo frenaron algunos dirigentes. El ciclo parec\u00eda terminado. Esa fue la \u00faltima vez que el t\u00e9cnico del Rojo hab\u00eda hablado p\u00fablicamente. Tras tocar fondo, [&hellip;]<\/p>\n","protected":false},"author":1,"featured_media":49133,"comment_status":"open","ping_status":"closed","sticky":false,"template":"","format":"standard","meta":[],"categories":[16],"tags":[],"_links":{"self":[{"href":"http:\/\/hoycordobaweb.com\/index.php\/wp-json\/wp\/v2\/posts\/49132"}],"collection":[{"href":"http:\/\/hoycordobaweb.com\/index.php\/wp-json\/wp\/v2\/posts"}],"about":[{"href":"http:\/\/hoycordobaweb.com\/index.php\/wp-json\/wp\/v2\/types\/post"}],"author":[{"embeddable":true,"href":"http:\/\/hoycordobaweb.com\/index.php\/wp-json\/wp\/v2\/users\/1"}],"replies":[{"embeddable":true,"href":"http:\/\/hoycordobaweb.com\/index.php\/wp-json\/wp\/v2\/comments?post=49132"}],"version-history":[{"count":0,"href":"http:\/\/hoycordobaweb.com\/index.php\/wp-json\/wp\/v2\/posts\/49132\/revisions"}],"wp:featuredmedia":[{"embeddable":true,"href":"http:\/\/hoycordobaweb.com\/index.php\/wp-json\/wp\/v2\/media\/49133"}],"wp:attachment":[{"href":"http:\/\/hoycordobaweb.com\/index.php\/wp-json\/wp\/v2\/media?parent=49132"}],"wp:term":[{"taxonomy":"category","embeddable":true,"href":"http:\/\/hoycordobaweb.com\/index.php\/wp-json\/wp\/v2\/categories?post=49132"},{"taxonomy":"post_tag","embeddable":true,"href":"http:\/\/hoycordobaweb.com\/index.php\/wp-json\/wp\/v2\/tags?post=49132"}],"curies":[{"name":"wp","href":"https:\/\/api.w.org\/{rel}","templated":true}]}}