{"id":49128,"date":"2022-09-28T12:34:01","date_gmt":"2022-09-28T12:34:01","guid":{"rendered":"https:\/\/manoamanocba.com.ar\/?p=5772"},"modified":"2022-09-28T12:34:01","modified_gmt":"2022-09-28T12:34:01","slug":"el-jueves-comienza-la-36o-feria-del-libro-de-cordoba-con-una-amplia-programacion-de-actividades","status":"publish","type":"post","link":"http:\/\/hoycordobaweb.com\/index.php\/2022\/09\/28\/el-jueves-comienza-la-36o-feria-del-libro-de-cordoba-con-una-amplia-programacion-de-actividades\/","title":{"rendered":"El jueves comienza la 36\u00ba Feria del Libro de C\u00f3rdoba con una amplia programaci\u00f3n de actividades"},"content":{"rendered":"<p>La <strong>36\u00aa Feria del Libro C\u00f3rdoba 2022<\/strong> llega a <strong>C\u00f3rdoba Capital<\/strong> con m\u00e1s de 300 actividades y un destacado despliegue art\u00edstico.<\/p>\n<p>La nueva edici\u00f3n se desarrollar\u00e1 del 29 de septiembre al 10 de octubre bajo el lema: <strong>\u201cLa ciudad, todas las ciudades\u201d<\/strong>, y se presenta con importantes novedades que marcar\u00e1n un hito en su historial, tanto por la grilla de presentaciones como por la multiplicidad de espacios que ofrecer\u00e1 la Feria.<\/p>\n<p>En este sentido, y a modo de adelanto, la propuesta de esta edici\u00f3n, camino a los 450 a\u00f1os de la ciudad de C\u00f3rdoba, es de la una Feria concebida como experiencia plena, en la cual, si bien el libro sigue teniendo centralidad, se ampl\u00eda para dar lugar a diversas <strong>manifestaciones culturales como recitales, vivencias y expresiones art\u00edsticas y gastron\u00f3micas.<\/strong><\/p>\n<p><a href=\"http:\/\/manoamanocba.com.ar\/wp-content\/uploads\/2022\/09\/e9311214-c591-4529-83da-6eb65e5dff37.jpg\"><img loading=\"lazy\" class=\"size-medium wp-image-5774 aligncenter\" src=\"http:\/\/hoycordobaweb.com\/wp-content\/uploads\/2022\/09\/el-jueves-comienza-la-36o-feria-del-libro-de-cordoba-con-una-amplia-programacion-de-actividades.jpg\" alt width=\"300\" height=\"200\" srcset=\"http:\/\/hoycordobaweb.com\/wp-content\/uploads\/2022\/09\/el-jueves-comienza-la-36o-feria-del-libro-de-cordoba-con-una-amplia-programacion-de-actividades.jpg 300w, http:\/\/hoycordobaweb.com\/wp-content\/uploads\/2022\/09\/el-jueves-comienza-la-36o-feria-del-libro-de-cordoba-con-una-amplia-programacion-de-actividades-1.jpg 1024w, http:\/\/hoycordobaweb.com\/wp-content\/uploads\/2022\/09\/el-jueves-comienza-la-36o-feria-del-libro-de-cordoba-con-una-amplia-programacion-de-actividades-2.jpg 768w, http:\/\/hoycordobaweb.com\/wp-content\/uploads\/2022\/09\/el-jueves-comienza-la-36o-feria-del-libro-de-cordoba-con-una-amplia-programacion-de-actividades-3.jpg 272w, http:\/\/hoycordobaweb.com\/wp-content\/uploads\/2022\/09\/el-jueves-comienza-la-36o-feria-del-libro-de-cordoba-con-una-amplia-programacion-de-actividades-4.jpg 1280w\" sizes=\"(max-width: 300px) 100vw, 300px\"><\/a><\/p>\n<p>En el marco de un concepto amplio de cultura con una mirada global, inclusiva y accesible a toda la poblaci\u00f3n, el evento cultural del a\u00f1o invita a todos los cordobeses. En pocos d\u00edas, la ciudadan\u00eda vivir\u00e1 una verdadera <strong>fiesta de las letras, pero tambi\u00e9n de las artes, la m\u00fasica, los sabores, el cine, el libro, las charlas, la tecnolog\u00eda y el teatro<\/strong>.<\/p>\n<p>Habr\u00e1 propuestas para infancias, j\u00f3venes, inclusi\u00f3n, g\u00e9nero, disidencias, diversidad, pueblos originarios y derechos humanos, nuevas tecnolog\u00edas y lo cl\u00e1sico de todos los a\u00f1os. Un evento para toda la familia.<\/p>\n<p>Cabe destacar que la Feria es organizada por la <strong>Secretar\u00eda de Cultura de la Municipalidad de C\u00f3rdoba<\/strong>, y es acompa\u00f1ada por la Universidad Nacional de C\u00f3rdoba, la CALIPACER, la Agencia C\u00f3rdoba Cultura de la Provincia de C\u00f3rdoba y SADE.<\/p>\n<p><strong>Numerosas expresiones art\u00edsticas<\/strong><\/p>\n<p>Una de las claves de esta edici\u00f3n est\u00e1 en la propuesta de una Feria \u201cexperiencia\u201d, una invitaci\u00f3n a disfrutar de nuestra cultura desde la literatura y m\u00e1s all\u00e1 del libro-objeto, pudiendo incluir diversos lenguajes y p\u00fablicos, desde la m\u00fasica, las artes esc\u00e9nicas, las nuevas tecnolog\u00edas, con intervenciones y performance, proyecciones, charlas, talleres, presentaciones, transmisiones, muestras, descuentos y promociones y propuestas gastron\u00f3micas.<\/p>\n<p>En este sentido, el amplio <strong><em>Circuito Feria<\/em><\/strong> vincular\u00e1 el cuadrante integrado por el <strong>Cabildo Hist\u00f3rico y la Supermanzana Intendencia<\/strong>, pasando por las librer\u00edas c\u00e9ntricas a trav\u00e9s del <strong>Paseo del Libro y la Plaza Italia <\/strong>con tres domos plenos de propuestas m\u00e1s que novedosas. En tanto, en el <strong>Paseo Sobremonte<\/strong> habr\u00e1 un escenario joven que dialogar\u00e1 con una zona gastron\u00f3mica y la carpa central de <strong>Plaza de la Intendencia<\/strong> con los tradicionales stands de venta de<strong> m\u00e1s de 60 librer\u00edas. <\/strong><\/p>\n<p>La programaci\u00f3n de esta Feria se distribuir\u00e1 en todos estos lugares como nodos de un recorrido que se abre hacia el espacio p\u00fablico, con pleno disfrute de \u00e1mbitos al aire libre, viviendo nuestra cultura en todas sus facetas.<\/p>\n<p>Este planteo de Feria, sin duda, se vincula a la mirada pol\u00edtica actual que, desde la cultura y hacia otros terrenos de la vida de nuestra comunidad, piensa una ciudad inclusiva, diversa, joven, conectada, creativa y en pleno desarrollo.<\/p>\n<p><strong>13 Grandes Recitales Populares <\/strong><\/p>\n<p>Con entrada gratuita, la Feria del Libro tendr\u00e1 un amplio y diverso despliegue de 13 grandes recitales populares al aire libre con artistas consagrados. El show de apertura estar\u00e1 a cargo de <strong>Emir Kusturica <\/strong>que llega a la Argentina en su gira despedida junto a su banda <strong>The No Smoking Band<\/strong>.<\/p>\n<p>Tambi\u00e9n se presentar\u00e1n <strong>Juan Carlos Baglietto y Lito Vitale junto a sus hijos, Juli\u00e1n y Jano, Lisandro Aristimu\u00f1o, Barbi Recanati, Emmanuel Horvilleur, Hilda Lizarazu con Escalandrum; Jean Carlos, Toch, La Bomba de Tiempo, Frijo, Marcos Bainotti, Soul Bitches y Juan Ingaramo. <\/strong><\/p>\n<p><strong>Ciclos<\/strong><\/p>\n<p>En materia de ciclos, este a\u00f1o trae novedades. Habr\u00e1 10 ciclos, entre ellos: Baron Biza, C\u00f3rdoba Mata, Antena, Subte, Espacio Poes\u00eda, Historias Contempor\u00e1neas, Zona de Entrevistas, Jeta Brava, Sinfon\u00eda del Sentimiento y Zona Red.<\/p>\n<p><strong>Conoc\u00e9 toda la programaci\u00f3n art\u00edstica y cultura, visitando el sitio web oficial: <\/strong><a href=\"https:\/\/feriadellibro.cordoba.gob.ar\/\"><strong>https:\/\/feriadellibro.cordoba.gob.ar\/<\/strong><\/a><\/p>\n","protected":false},"excerpt":{"rendered":"<p>La 36\u00aa Feria del Libro C\u00f3rdoba 2022 llega a C\u00f3rdoba Capital con m\u00e1s de 300 actividades y un destacado despliegue art\u00edstico. La nueva edici\u00f3n se desarrollar\u00e1 del 29 de septiembre al 10 de octubre bajo el lema: \u201cLa ciudad, todas las ciudades\u201d, y se presenta con importantes novedades que marcar\u00e1n un hito en su historial, [&hellip;]<\/p>\n","protected":false},"author":1,"featured_media":49129,"comment_status":"closed","ping_status":"closed","sticky":false,"template":"","format":"standard","meta":[],"categories":[19],"tags":[],"_links":{"self":[{"href":"http:\/\/hoycordobaweb.com\/index.php\/wp-json\/wp\/v2\/posts\/49128"}],"collection":[{"href":"http:\/\/hoycordobaweb.com\/index.php\/wp-json\/wp\/v2\/posts"}],"about":[{"href":"http:\/\/hoycordobaweb.com\/index.php\/wp-json\/wp\/v2\/types\/post"}],"author":[{"embeddable":true,"href":"http:\/\/hoycordobaweb.com\/index.php\/wp-json\/wp\/v2\/users\/1"}],"replies":[{"embeddable":true,"href":"http:\/\/hoycordobaweb.com\/index.php\/wp-json\/wp\/v2\/comments?post=49128"}],"version-history":[{"count":0,"href":"http:\/\/hoycordobaweb.com\/index.php\/wp-json\/wp\/v2\/posts\/49128\/revisions"}],"wp:featuredmedia":[{"embeddable":true,"href":"http:\/\/hoycordobaweb.com\/index.php\/wp-json\/wp\/v2\/media\/49129"}],"wp:attachment":[{"href":"http:\/\/hoycordobaweb.com\/index.php\/wp-json\/wp\/v2\/media?parent=49128"}],"wp:term":[{"taxonomy":"category","embeddable":true,"href":"http:\/\/hoycordobaweb.com\/index.php\/wp-json\/wp\/v2\/categories?post=49128"},{"taxonomy":"post_tag","embeddable":true,"href":"http:\/\/hoycordobaweb.com\/index.php\/wp-json\/wp\/v2\/tags?post=49128"}],"curies":[{"name":"wp","href":"https:\/\/api.w.org\/{rel}","templated":true}]}}