{"id":49126,"date":"2022-09-28T12:51:01","date_gmt":"2022-09-28T12:51:01","guid":{"rendered":"https:\/\/ladecimaweb.com\/?p=14563"},"modified":"2022-09-28T12:51:01","modified_gmt":"2022-09-28T12:51:01","slug":"el-gobierno-habilitara-la-importacion-de-neumaticos-si-no-se-destraba-el-conflicto-sindical","status":"publish","type":"post","link":"http:\/\/hoycordobaweb.com\/index.php\/2022\/09\/28\/el-gobierno-habilitara-la-importacion-de-neumaticos-si-no-se-destraba-el-conflicto-sindical\/","title":{"rendered":"El Gobierno habilitar\u00e1 la importaci\u00f3n de neum\u00e1ticos si no se destraba el conflicto sindical"},"content":{"rendered":"<div class=\"boldgrid-section\">\n<div class=\"container\">\n<div class=\"row\">\n<div class=\"col-md-12 col-xs-12 col-sm-12\">\n<p class=\"\"><span><em>(T\u00e9lam)<\/em> El ministro de Econom\u00eda, Sergio Massa, les dijo a las empresas automotrices que les permitir\u00e1 la importaci\u00f3n de neum\u00e1ticos si a partir de este mi\u00e9rcoles no se resuelve el conflicto de los trabajadores que paraliza a las tres empresas fabricantes del pa\u00eds y que amenaza con bloquear la producci\u00f3n de todo el sector, al rechazar que se convalidar\u00e1 ser &#8220;rehenes de situaciones de inflexibilidad&#8221;.<\/span><\/p>\n<p><strong>Massa formul\u00f3 esas declaraciones en compa\u00f1\u00eda del secretario de la Producci\u00f3n, Jos\u00e9 Ignacio de Mendiguren<\/strong><span>, durante una reuni\u00f3n celebrada este martes por la tarde en el Palacio de Hacienda con representantes de las empresas automotrices y de autopartes, reunidas en Asociaci\u00f3n de F\u00e1bricas de Automotores (Adefa), la Asociaci\u00f3n de F\u00e1bricas Argentinas de Componentes (Afac), la Asociaci\u00f3n de Industriales Metal\u00fargicos (Adimra) y el Sindicato de Mec\u00e1nicos (Smata).<\/span><\/p>\n<p><span>\u201cNo podemos ser, de ninguna manera, rehenes de situaciones de inflexibilidad, casi de capricho, y mucho menos que un grupo muy chiquito ponga en riesgo 150.000 empleos, m\u00e1s de 1.000 autopartistas, todas las terminales automotrices\u201d, dijo Massa.<\/span><\/p>\n<p><span>Por eso, agreg\u00f3: \u201cSi, eventualmente, no se resolviese el conflicto, vamos a habilitar a las empresas fabricantes como importadores de emergencia y les vamos a habilitar la posibilidad de importar todos los neum\u00e1ticos que necesiten para abastecer a las automotrices\u201d.<\/span><\/p>\n<p><span>El ministro agreg\u00f3 que para eso se pondr\u00e1 en marcha \u201cun mecanismo de emergencia de pago, a los efectos de que no se detenga todo el sector automotriz y autopartista, y que no extorsionen al sector sobre la base del conflicto\u201d.<\/span><\/p>\n<p><strong>El Sindicato \u00danico de Trabajadores del Neum\u00e1tico (Sutna)<\/strong><span>&nbsp;lleva adelante una huelga en reclamo de una serie de reclamos sindicales y salariales.<\/span><\/p>\n<p><span>Esto llev\u00f3 a que&nbsp;<\/span><strong>las tres empresas productoras de neum\u00e1ticos suspendieran temporalmente sus actividades<\/strong><span>. Adem\u00e1s, que las automotrices&nbsp;<\/span><strong>Ford y Toyota<\/strong><span>&nbsp;anunciaran la paralizaci\u00f3n en la fabricaci\u00f3n de autos, a la que<\/span><strong><span>&nbsp;<\/span>se sumar\u00eda el viernes Renault<\/strong><span>.<\/span><\/p>\n<p><span>Massa le dijo a los empresarios que \u201cestamos a disposici\u00f3n, que entendemos la gravedad del problema, sobre todas las cosas porque el sector automotriz y autopartista, tanto empresarios como trabajadores y toda la cadena de valor nos ayud\u00f3 a poner en marcha una ley ejemplar para la econom\u00eda argentina\u201d.<\/span><\/p>\n<p><span>\u201cSegundo, porque entendemos que lo que empieza a ponerse en riesgo son 145.000 puestos de trabajo. Empiezan a ponerse en riesgo casi 40 millones de d\u00f3lares por d\u00eda de p\u00e9rdida\u201d, advirti\u00f3.<\/span><\/p>\n<p><strong><a href=\"https:\/\/www.telam.com.ar\/notas\/202209\/606142-sutna-empresas-dialogo-grave-conflicto-gremial-gremios-sindicatos.html\" target=\"_blank\" rel=\"noopener noreferrer\">La conducci\u00f3n del Sutna, que lidera Alejandro Crespo, y las empresas de la actividad retomar\u00e1n este mi\u00e9rcoles las negociaciones<\/a><\/strong><span>&nbsp;en el Ministerio de Trabajo en procura de resolver un extenso conflicto de varios meses, luego del cuarto intermedio convenido el lunes ante la ausencia de acuerdo.<\/span><\/p>\n<p><strong>El impacto en la cadena productiva<\/strong><\/p>\n<p class=\"\">\n<span>El secretario de Industria, Jos\u00e9 Ignacio de Mendiguren,hab\u00eda expresado antes su &#8220;preocupaci\u00f3n&#8221; por las derivaciones y el impacto que el&nbsp;<\/span><a href=\"http:\/\/www.telam.com.ar\/notas\/202209\/605982-reunion-trabajo-neumaticos.html\" target=\"_blank\" rel=\"noopener noreferrer\">conflicto gremial en las empresas fabricantes de neum\u00e1ticos<\/a><span>&nbsp;puede tener en toda la cadena automotriz.<\/span><\/p>\n<p><span>&#8220;Hay que tener un poco m\u00e1s de humildad, colaborar con la situaci\u00f3n del pa\u00eds, tenemos que recuperar el poder adquisitivo del salario y para eso necesitamos mantener el nivel de actividad\u201d, dijo el funcionario en referencia al conflicto en el sector automotriz.<\/span><\/p>\n<p><span>&#8220;Apostamos al crecimiento, esta industria creci\u00f3 un 35% y las exportaciones con respecto al 2019 subieron un 70%\u201d, apunt\u00f3.<\/span><\/p>\n<p><span>El funcionario se\u00f1al\u00f3 ante el conflicto por demandas salariales y laborales que \u201chay un listado de 240 gremios y el de neum\u00e1ticos, con buenos convenios, est\u00e1 en el puesto 19 de los mejor\u201d remunerados.<\/span><\/p>\n<figure class=\"mb-3\">\n<p class=\"mod-reset\"><img loading=\"lazy\" src=\"http:\/\/hoycordobaweb.com\/wp-content\/uploads\/2022\/09\/el-gobierno-habilitara-la-importacion-de-neumaticos-si-no-se-destraba-el-conflicto-sindical.jpg\" alt=\"Foto Gustavo Amarelle\" width=\"100%\" height=\"100%\"><\/p>\n<div class=\"media-icons\"><i class=\"fab fa-pinterest-p\"><\/i><i class=\"fas fa-expand-arrows-alt\"><\/i><\/div><figcaption>Foto: Gustavo Amarelle<\/figcaption><\/figure>\n<p><strong>\u201cLo que m\u00e1s me preocupa es el impacto en la cadena productiva porque esto afecta directamente a toda la cadena automotriz. Si no tenemos las gomas toda la l\u00ednea se para\u201d<\/strong><span>, dijo el Secretario en declaraciones a Radio Nacional.<\/span><\/p>\n<p><span>Sobre el sector automotriz dijo que es un sector que \u201cviene trabajando muy bien\u201d en conjunto con \u201ctoda la cadena con los sindicatos, la UOM, Smata, autopartistas, terminales\u201d.<\/span><\/p>\n<p><span>Tambi\u00e9n respondi\u00f3 a una declaraci\u00f3n de la presidenta del PRO, Patricia Burllrich, sobre un aparente aumento de suspensiones en el sector induatrial.<\/span><\/p>\n<p><span>\u201cLos pedidos de suspensiones en el sector industrial desde el mes de julio hasta septiembre son dos.\u00bfPodemos hablar de un clima de conflictividad sindical con la industria? Hoy vuelven a estar 11 puntos por arriba de la prepandemia; aquel gobierno de Bullrich nos dej\u00f3 con un 54% de inflaci\u00f3n y con una deuda impagable\u201d, cerr\u00f3 De Mendiguren.<\/span><\/p>\n<\/div>\n<\/div>\n<\/div>\n<\/div>\n<p>La entrada <a rel=\"nofollow\" href=\"https:\/\/ladecimaweb.com\/el-gobierno-habilitara-la-importacion-de-neumaticos-si-no-se-destraba-el-conflicto-sindical\/\">El Gobierno habilitar\u00e1 la importaci\u00f3n de neum\u00e1ticos si no se destraba el conflicto sindical<\/a> se public\u00f3 primero en <a rel=\"nofollow\" href=\"https:\/\/ladecimaweb.com\">LaDecima<\/a>.<\/p>\n","protected":false},"excerpt":{"rendered":"<p>(T\u00e9lam) El ministro de Econom\u00eda, Sergio Massa, les dijo a las empresas automotrices que les permitir\u00e1 la importaci\u00f3n de neum\u00e1ticos si a partir de este mi\u00e9rcoles no se resuelve el conflicto de los trabajadores que paraliza a las tres empresas fabricantes del pa\u00eds y que amenaza con bloquear la producci\u00f3n de todo el sector, al [&hellip;]<\/p>\n","protected":false},"author":1,"featured_media":49127,"comment_status":"closed","ping_status":"closed","sticky":false,"template":"","format":"standard","meta":[],"categories":[19],"tags":[],"_links":{"self":[{"href":"http:\/\/hoycordobaweb.com\/index.php\/wp-json\/wp\/v2\/posts\/49126"}],"collection":[{"href":"http:\/\/hoycordobaweb.com\/index.php\/wp-json\/wp\/v2\/posts"}],"about":[{"href":"http:\/\/hoycordobaweb.com\/index.php\/wp-json\/wp\/v2\/types\/post"}],"author":[{"embeddable":true,"href":"http:\/\/hoycordobaweb.com\/index.php\/wp-json\/wp\/v2\/users\/1"}],"replies":[{"embeddable":true,"href":"http:\/\/hoycordobaweb.com\/index.php\/wp-json\/wp\/v2\/comments?post=49126"}],"version-history":[{"count":0,"href":"http:\/\/hoycordobaweb.com\/index.php\/wp-json\/wp\/v2\/posts\/49126\/revisions"}],"wp:featuredmedia":[{"embeddable":true,"href":"http:\/\/hoycordobaweb.com\/index.php\/wp-json\/wp\/v2\/media\/49127"}],"wp:attachment":[{"href":"http:\/\/hoycordobaweb.com\/index.php\/wp-json\/wp\/v2\/media?parent=49126"}],"wp:term":[{"taxonomy":"category","embeddable":true,"href":"http:\/\/hoycordobaweb.com\/index.php\/wp-json\/wp\/v2\/categories?post=49126"},{"taxonomy":"post_tag","embeddable":true,"href":"http:\/\/hoycordobaweb.com\/index.php\/wp-json\/wp\/v2\/tags?post=49126"}],"curies":[{"name":"wp","href":"https:\/\/api.w.org\/{rel}","templated":true}]}}