{"id":49120,"date":"2022-09-28T09:01:20","date_gmt":"2022-09-28T09:01:20","guid":{"rendered":"http:\/\/hoycordobaweb.com\/index.php\/2022\/09\/28\/netflix-adquiere-los-derechos-del-polemico-documental-de-pedro-sanchez-pr-noticias\/"},"modified":"2022-09-28T09:01:20","modified_gmt":"2022-09-28T09:01:20","slug":"netflix-adquiere-los-derechos-del-polemico-documental-de-pedro-sanchez-pr-noticias","status":"publish","type":"post","link":"http:\/\/hoycordobaweb.com\/index.php\/2022\/09\/28\/netflix-adquiere-los-derechos-del-polemico-documental-de-pedro-sanchez-pr-noticias\/","title":{"rendered":"<b>Netflix<\/b> adquiere los derechos del pol\u00e9mico documental de Pedro S\u00e1nchez &#8211; PR Noticias"},"content":{"rendered":"<p>Cuando se anunci\u00f3 que Pedro S\u00e1nchez iba a tener su propio documental fueron muchos quienes vieron en ello un mero acto narcisista y propagand\u00edstico&nbsp;&#8230; <\/p>\n","protected":false},"excerpt":{"rendered":"<p>Cuando se anunci\u00f3 que Pedro S\u00e1nchez iba a tener su propio documental fueron muchos quienes vieron en ello un mero acto narcisista y propagand\u00edstico&nbsp;&#8230;<\/p>\n","protected":false},"author":1,"featured_media":0,"comment_status":"closed","ping_status":"closed","sticky":false,"template":"","format":"standard","meta":[],"categories":[23],"tags":[],"_links":{"self":[{"href":"http:\/\/hoycordobaweb.com\/index.php\/wp-json\/wp\/v2\/posts\/49120"}],"collection":[{"href":"http:\/\/hoycordobaweb.com\/index.php\/wp-json\/wp\/v2\/posts"}],"about":[{"href":"http:\/\/hoycordobaweb.com\/index.php\/wp-json\/wp\/v2\/types\/post"}],"author":[{"embeddable":true,"href":"http:\/\/hoycordobaweb.com\/index.php\/wp-json\/wp\/v2\/users\/1"}],"replies":[{"embeddable":true,"href":"http:\/\/hoycordobaweb.com\/index.php\/wp-json\/wp\/v2\/comments?post=49120"}],"version-history":[{"count":0,"href":"http:\/\/hoycordobaweb.com\/index.php\/wp-json\/wp\/v2\/posts\/49120\/revisions"}],"wp:attachment":[{"href":"http:\/\/hoycordobaweb.com\/index.php\/wp-json\/wp\/v2\/media?parent=49120"}],"wp:term":[{"taxonomy":"category","embeddable":true,"href":"http:\/\/hoycordobaweb.com\/index.php\/wp-json\/wp\/v2\/categories?post=49120"},{"taxonomy":"post_tag","embeddable":true,"href":"http:\/\/hoycordobaweb.com\/index.php\/wp-json\/wp\/v2\/tags?post=49120"}],"curies":[{"name":"wp","href":"https:\/\/api.w.org\/{rel}","templated":true}]}}