{"id":49096,"date":"2022-09-27T14:46:22","date_gmt":"2022-09-27T14:46:22","guid":{"rendered":"https:\/\/www.mujerhoy.com\/moda\/no-te-pierdas\/reina-letizia-falda-midi-favorita-azul-zara-barata-sienta-bien-look-oficina-rejuvenecedor-20220927115047-nt.html"},"modified":"2022-09-27T14:46:22","modified_gmt":"2022-09-27T14:46:22","slug":"la-reina-letizia-repite-su-falda-midi-favorita-que-rejuvenece-y-esta-en-zara-por-menos-de-16-euros","status":"publish","type":"post","link":"http:\/\/hoycordobaweb.com\/index.php\/2022\/09\/27\/la-reina-letizia-repite-su-falda-midi-favorita-que-rejuvenece-y-esta-en-zara-por-menos-de-16-euros\/","title":{"rendered":"La reina Letizia repite su falda midi favorita (que rejuvenece) y est\u00e1 en Zara por menos de 16 euros"},"content":{"rendered":"<p><!-- AUTHOR --><!-- COMPONENTS --><\/p>\n<p class=\"voc-paragraph\">Adem\u00e1s del rojo, uno de los colores que tambi\u00e9n gusta mucho a la<br \/>\n<strong> reina Letizia<\/strong> es el <strong>azul<\/strong>. Un tono al que recurre en todas sus versiones y que ha protagonizado algunos de sus mejores looks. De hecho, algunas de sus <strong>prendas favoritas<\/strong> son de este color como es <a data-voc-vtm-id=\"in-text-traffic\" href=\"https:\/\/www.mujerhoy.com\/moda\/no-te-pierdas\/vestido-baratisimo-primark-favorito-reina-letizia-look-otono-20220924150040-nt.html\">este vestido que hemos encontrado en Primark<\/a> o <a data-voc-vtm-id=\"in-text-traffic\" href=\"https:\/\/www.mujerhoy.com\/moda\/no-te-pierdas\/look-reina-letizia-nueva-york-vestido-blanco-carolina-herrera-elegante-rejuvenecedor-20220920172202-nt.html\">este otro con bordados<\/a> que rescat\u00f3 en Nueva York.\n<\/p>\n<p class=\"voc-paragraph\">Sin embargo, su tono favorito es la versi\u00f3n clarita, ese <strong>azul beb\u00e9<\/strong> que tanto ha usado y que, tenemos que reconocer, le queda de maravilla. Algo que ha confirmado en su \u00faltima aparici\u00f3n p\u00fablica al lucir una <strong>falda midi <\/strong>en este tono que le hemos visto en varias ocasiones.\n<\/p>\n<div class=\"voc-detail__cmp\">\n<div class=\"voc-article-container\">\n<article class=\"voc-article voc-article--cmp-video\" readability=\"26\">\n<div class=\"voc-img-container \" readability=\"7\"><picture><\/picture>\n<p class=\"figure-caption \"><span class=\"voc-gallery-type\"><i class=\"voc-icons video\"><\/i> V\u00eddeo. <\/span> Los looks de gala m\u00e1s espectaculares de la reina Letizia <span class=\"voc-photo-author\"><\/span><\/p>\n<\/div>\n<\/article>\n<\/div>\n<\/div>\n<p class=\"voc-paragraph\">La Reina ha presidido esta ma\u00f1ana el acto de clausura de la XIV Convocatoria de Proyectos Sociales \u00abEuros de tu N\u00f3mina\u00bb, una iniciativa de Banco Santander para impulsar proyectos que mejoran la sociedad. Y para la cita, do\u00f1a Letizia ha apostado por un <strong>look &#8216;working girl&#8217;<\/strong> en toda regla.\n<\/p>\n<div class=\"voc-detail-photo-zoom\"><picture data-toggle=\"modal\" data-target=\"#photoZoomModal-279\" target=\"modal\">\n<div class=\"voc-img-icon-link\"><img loading=\"lazy\" data-original=\"\/\/static2.mujerhoy.com\/www\/multimedia\/202209\/27\/media\/cortadas\/reina-letizia-falda-midi-azul-kQY--460x637@MujerHoy.jpg\" class=\"lazy\" alt=\"La reina Letizia con una falda midi de Hugo Boss. \/ GTRES\"><noscript><img src=\"http:\/\/hoycordobaweb.com\/wp-content\/uploads\/2022\/09\/la-reina-letizia-repite-su-falda-midi-favorita-que-rejuvenece-y-esta-en-zara-por-menos-de-16-euros.jpg\" alt=\"La reina Letizia con una falda midi de Hugo Boss. \/ GTRES\"><\/noscript><i class=\"voc-icons zoom voc-multimedia-box voc-ico-l\"><\/i><\/div><figcaption class=\"figure-caption\">La reina Letizia con una falda midi de Hugo Boss. \/ GTRES<\/figcaption><\/picture><\/div>\n<div id=\"photoZoomModal-279\" class=\"voc-lightbox modal fade voc-lightbox--photo-zoom\" role=\"dialog\" data-voc-photozoom-lightbox>\n<div class=\"voc-lightbox__dialog\" role=\"document\">\n<div class=\"voc-lightbox__content\"><!-- Modal header --><!-- Modal content --><\/p>\n<div class=\"voc-lightbox__photo-container\"><picture class><img loading=\"lazy\" data-original=\"\/\/static2.mujerhoy.com\/www\/multimedia\/202209\/27\/media\/cortadas\/reina-letizia-falda-midi-azul-kQY--460x637@MujerHoy.jpg\" alt=\"La reina Letizia con una falda midi de Hugo Boss. \/ GTRES\" class=\"lazy\"><noscript><img src=\"http:\/\/hoycordobaweb.com\/wp-content\/uploads\/2022\/09\/la-reina-letizia-repite-su-falda-midi-favorita-que-rejuvenece-y-esta-en-zara-por-menos-de-16-euros.jpg\" alt=\"La reina Letizia con una falda midi de Hugo Boss. \/ GTRES\"><\/noscript><\/picture><\/div>\n<\/div>\n<\/div>\n<\/div>\n<p class=\"voc-paragraph\">Un estilismo protagonizado por una falda de <strong>Hugo Boss<\/strong> repetida que est\u00e1 caracterizada por un precioso color azul cielo, un dise\u00f1o l\u00e1piz y un cintur\u00f3n con hebilla redonda que lleva a juego. Se trata de un modelo que es un &#8216;must have&#8217; perfecto para incluir en el armario porque nunca pasa de moda.\n<\/p>\n<p class=\"voc-paragraph\">Ideal, \u00bfverdad? Pues una falda que arrasa entre las royals, ya que tambi\u00e9n se la hemos visto lucir a <strong>Sof\u00eda de Suecia y a Mary de Dinamarca<\/strong>, quienes tambi\u00e9n la han a\u00f1adido a su armario coloc\u00e1ndola entre sus prendas favoritas. Y, curiosamente, las tres la han combinado siempre con negro.\n<\/p>\n<div class=\"voc-detail-photo-zoom\"><picture data-toggle=\"modal\" data-target=\"#photoZoomModal-628\" target=\"modal\">\n<div class=\"voc-img-icon-link\"><img loading=\"lazy\" data-original=\"\/\/static1.mujerhoy.com\/www\/multimedia\/202209\/27\/media\/cortadas\/letizia-look-blazer-khsF--460x637@MujerHoy.jpg\" class=\"lazy\" alt=\"La reina a\u00f1adi\u00f3 una blazer azul marina a su look. \/ GTRES\"><noscript><img src=\"http:\/\/hoycordobaweb.com\/wp-content\/uploads\/2022\/09\/la-reina-letizia-repite-su-falda-midi-favorita-que-rejuvenece-y-esta-en-zara-por-menos-de-16-euros-1.jpg\" alt=\"La reina a\u00f1adi\u00f3 una blazer azul marina a su look. \/ GTRES\"><\/noscript><i class=\"voc-icons zoom voc-multimedia-box voc-ico-l\"><\/i><\/div><figcaption class=\"figure-caption\">La reina a\u00f1adi\u00f3 una blazer azul marina a su look. \/ GTRES<\/figcaption><\/picture><\/div>\n<div id=\"photoZoomModal-628\" class=\"voc-lightbox modal fade voc-lightbox--photo-zoom\" role=\"dialog\" data-voc-photozoom-lightbox>\n<div class=\"voc-lightbox__dialog\" role=\"document\">\n<div class=\"voc-lightbox__content\"><!-- Modal header --><!-- Modal content --><\/p>\n<div class=\"voc-lightbox__photo-container\"><picture class><img loading=\"lazy\" data-original=\"\/\/static1.mujerhoy.com\/www\/multimedia\/202209\/27\/media\/cortadas\/letizia-look-blazer-khsF--460x637@MujerHoy.jpg\" alt=\"La reina a\u00f1adi\u00f3 una blazer azul marina a su look. \/ GTRES\" class=\"lazy\"><noscript><img src=\"http:\/\/hoycordobaweb.com\/wp-content\/uploads\/2022\/09\/la-reina-letizia-repite-su-falda-midi-favorita-que-rejuvenece-y-esta-en-zara-por-menos-de-16-euros-1.jpg\" alt=\"La reina a\u00f1adi\u00f3 una blazer azul marina a su look. \/ GTRES\"><\/noscript><\/picture><\/div>\n<\/div>\n<\/div>\n<\/div>\n<p class=\"voc-paragraph\">Sin embargo, hoy Letizia ha preferido darle un toque diferente y la ha conjuntado con blanco. Lo ha hecho esta vez con una <strong>blusa satinada <\/strong>de cuello redondo y sin mangas que tambi\u00e9n es de Hugo Boss y ha completado el look con unos <strong>salones destalonados de Carolina Herrera <\/strong>en azul marino y una <strong>blazer <\/strong>a juego de la misma marca.\n<\/p>\n<p class=\"voc-paragraph\">Y, \u00bfsabes qu\u00e9 es lomejor de todo? Que hemos encontrado una versi\u00f3n m\u00e1s casual y ponible de esta falda en <strong>Zara <\/strong>y a un precio barat\u00edsimo que estamos seguras de que te va a encantar. S\u00ed. querida lectora, copiar este look de la reina es m\u00e1s f\u00e1cil de lo que piensas.\n<\/p>\n<div class=\"voc-detail-photo-zoom\"><picture data-toggle=\"modal\" data-target=\"#photoZoomModal-763\" target=\"modal\">\n<div class=\"voc-img-icon-link\"><img loading=\"lazy\" data-original=\"\/\/static.mujerhoy.com\/www\/multimedia\/202209\/27\/media\/cortadas\/falda-midi-azul-zara-khsF--460x637@MujerHoy.jpg\" class=\"lazy\" alt=\"La falda azul de Zara.\"><noscript><img src=\"http:\/\/hoycordobaweb.com\/wp-content\/uploads\/2022\/09\/la-reina-letizia-repite-su-falda-midi-favorita-que-rejuvenece-y-esta-en-zara-por-menos-de-16-euros-2.jpg\" alt=\"La falda azul de Zara.\"><\/noscript><i class=\"voc-icons zoom voc-multimedia-box voc-ico-l\"><\/i><\/div><figcaption class=\"figure-caption\">La falda azul de Zara.<\/figcaption><\/picture><\/div>\n<div id=\"photoZoomModal-763\" class=\"voc-lightbox modal fade voc-lightbox--photo-zoom\" role=\"dialog\" data-voc-photozoom-lightbox>\n<div class=\"voc-lightbox__dialog\" role=\"document\">\n<div class=\"voc-lightbox__content\"><!-- Modal header --><!-- Modal content --><\/p>\n<div class=\"voc-lightbox__photo-container\"><picture class><img loading=\"lazy\" data-original=\"\/\/static.mujerhoy.com\/www\/multimedia\/202209\/27\/media\/cortadas\/falda-midi-azul-zara-khsF--460x637@MujerHoy.jpg\" alt=\"La falda azul de Zara.\" class=\"lazy\"><noscript><img src=\"http:\/\/hoycordobaweb.com\/wp-content\/uploads\/2022\/09\/la-reina-letizia-repite-su-falda-midi-favorita-que-rejuvenece-y-esta-en-zara-por-menos-de-16-euros-2.jpg\" alt=\"La falda azul de Zara.\"><\/noscript><\/picture><\/div>\n<\/div>\n<\/div>\n<\/div>\n<p class=\"voc-paragraph\">Se trata de un modelo muy parecido al de la reina Letizia que tiene el mismo corte de tubo, largo midi y talle alto y el mismo tono azul claro. Se diferencia en que la del gigante de Inditex est\u00e1 confeccionada en un <strong>tejido de punto <\/strong>m\u00e1s el\u00e1stico e informal.\n<\/p>\n<p class=\"voc-paragraph\">Sin embargo, a pesar de ello, es una prenda que tambi\u00e9n es apta para un look de oficina. Solo tendr\u00e1s que hacer como la reina y a\u00f1adir una pieza arriba m\u00e1s formal como una blusa o camisa y unos zapatos de vestir que pueden ser unos salones, pero tambi\u00e9n unos mocasines o bailarinas. \u00a1Y cuesta <strong>15,95 euros<\/strong>!\n<\/p>\n<p><!-- TOPICS --><\/p>\n","protected":false},"excerpt":{"rendered":"<p>Adem\u00e1s del rojo, uno de los colores que tambi\u00e9n gusta mucho a la reina Letizia es el azul. Un tono al que recurre en todas sus versiones y que ha protagonizado algunos de sus mejores looks. De hecho, algunas de sus prendas favoritas son de este color como es este vestido que hemos encontrado en [&hellip;]<\/p>\n","protected":false},"author":1,"featured_media":49097,"comment_status":"closed","ping_status":"closed","sticky":false,"template":"","format":"standard","meta":[],"categories":[1],"tags":[],"_links":{"self":[{"href":"http:\/\/hoycordobaweb.com\/index.php\/wp-json\/wp\/v2\/posts\/49096"}],"collection":[{"href":"http:\/\/hoycordobaweb.com\/index.php\/wp-json\/wp\/v2\/posts"}],"about":[{"href":"http:\/\/hoycordobaweb.com\/index.php\/wp-json\/wp\/v2\/types\/post"}],"author":[{"embeddable":true,"href":"http:\/\/hoycordobaweb.com\/index.php\/wp-json\/wp\/v2\/users\/1"}],"replies":[{"embeddable":true,"href":"http:\/\/hoycordobaweb.com\/index.php\/wp-json\/wp\/v2\/comments?post=49096"}],"version-history":[{"count":0,"href":"http:\/\/hoycordobaweb.com\/index.php\/wp-json\/wp\/v2\/posts\/49096\/revisions"}],"wp:featuredmedia":[{"embeddable":true,"href":"http:\/\/hoycordobaweb.com\/index.php\/wp-json\/wp\/v2\/media\/49097"}],"wp:attachment":[{"href":"http:\/\/hoycordobaweb.com\/index.php\/wp-json\/wp\/v2\/media?parent=49096"}],"wp:term":[{"taxonomy":"category","embeddable":true,"href":"http:\/\/hoycordobaweb.com\/index.php\/wp-json\/wp\/v2\/categories?post=49096"},{"taxonomy":"post_tag","embeddable":true,"href":"http:\/\/hoycordobaweb.com\/index.php\/wp-json\/wp\/v2\/tags?post=49096"}],"curies":[{"name":"wp","href":"https:\/\/api.w.org\/{rel}","templated":true}]}}