{"id":49088,"date":"2022-09-28T00:00:45","date_gmt":"2022-09-28T00:00:45","guid":{"rendered":"https:\/\/www.ole.com.ar\/sarmiento-junin\/lisandro-lopez-sarmiento_0_YCaPQg5xK5.html"},"modified":"2022-09-28T00:00:45","modified_gmt":"2022-09-28T00:00:45","slug":"licha-2023-renovo-en-sarmiento","status":"publish","type":"post","link":"http:\/\/hoycordobaweb.com\/index.php\/2022\/09\/28\/licha-2023-renovo-en-sarmiento\/","title":{"rendered":"Licha 2023: renov\u00f3 en Sarmiento"},"content":{"rendered":"<p><img src=\"http:\/\/hoycordobaweb.com\/wp-content\/uploads\/2022\/09\/licha-2023-renovo-en-sarmiento.jpg\"><\/p>\n<p>Una conferencia de prensa repentina irrumpi\u00f3 la tarde de los hinchas de <a alt=\"sarmiento-de-junin\" class=\"slug\" href=\"https:\/\/www.ole.com.ar\/tema\/sarmiento-de-junin.html\" target=\"_blank\" title=\"sarmiento-de-junin\" rel=\"noopener noreferrer\">Sarmiento<\/a> para brindar la noticia que todos esperaban:<mark> Lisandro L\u00f3pez renov\u00f3 por un a\u00f1o. Se quedar\u00e1 en el Verde hasta fines del 2023.<\/mark><\/p>\n<div class=\"sp__Normal\">\n<div class=\"image-embeb image-trigger\" readability=\"6\">\n<picture><source media=\"(min-width: 720px)\" srcset=\"http:\/\/hoycordobaweb.com\/wp-content\/uploads\/2022\/09\/licha-2023-renovo-en-sarmiento-2.jpg\"><img itemprop=\"image\" src=\"http:\/\/hoycordobaweb.com\/wp-content\/uploads\/2022\/09\/licha-2023-renovo-en-sarmiento-2.jpg\" loading=\"lazy\" alt=\"Un Licha bien Verde.\nPrensa Sarmiento de Junin\">\n<\/picture><figcaption readability=\"2\">\n<p>Un Licha bien Verde.<br \/>\nPrensa Sarmiento de Junin\n<\/p>\n<\/figcaption><\/div>\n<\/div>\n<p>A pesar de que el torneo de Sarmiento&nbsp;fue bastante irregular, se encuentra lejos de la zona de descenso y cerca de la salvaci\u00f3n: si la fecha que viene gana y <a alt=\"aldosivi\" class=\"slug\" href=\"https:\/\/www.ole.com.ar\/tema\/aldosivi.html\" target=\"_blank\" title=\"aldosivi\" rel=\"noopener noreferrer\">Aldosivi<\/a> y <a alt=\"patronato\" class=\"slug\" href=\"https:\/\/www.ole.com.ar\/tema\/patronato.html\" target=\"_blank\" title=\"patronato\" rel=\"noopener noreferrer\">Patronato <\/a>pierden, se asegura su permanencia en Primera. Teniendo en cuenta este positivo panorama, desde el club empezaron a pensar en mantener el plantel actual para la pr\u00f3xima temporada.<strong> \u201cEstamos tratando de formar una base r\u00edgida para lo que viene. M\u00e1s all\u00e1 de d\u00f3nde nos encontremos a fin de a\u00f1o, quer\u00edamos renovar este plantel\u201d<\/strong>, contaba Fernando Chi\u00f3falo, presidente del club, en conferencia de prensa.<\/p>\n<div class=\"sp__Normal\">\n<div class=\"image-embeb image-trigger\" readability=\"6\">\n<picture><source media=\"(min-width: 720px)\" srcset=\"http:\/\/hoycordobaweb.com\/wp-content\/uploads\/2022\/09\/licha-2023-renovo-en-sarmiento-3.jpg\"><img itemprop=\"image\" src=\"http:\/\/hoycordobaweb.com\/wp-content\/uploads\/2022\/09\/licha-2023-renovo-en-sarmiento-3.jpg\" loading=\"lazy\" alt=\"Licha L\u00f3pez sigue en Sarmiento (Prensa Sarmiento).\">\n<\/picture><figcaption readability=\"2\">\n<p>Licha L\u00f3pez sigue en Sarmiento (Prensa Sarmiento).\n<\/p>\n<\/figcaption><\/div>\n<\/div>\n<div class=\"sp__SM\">\n<div class=\"content-new \">\n<span class=\"tit-mobile\">Mir\u00e1 tambi\u00e9n<\/span><\/p>\n<div class=\"mg\">\n<div class=\"wrap-figure\">\n<picture>\n<a href=\"https:\/\/www.ole.com.ar\/seleccion\/argentina-jamaica-amistoso-messi-qatar_0_cG30jriObk.html\" target=\"_self\" rel=\"noopener noreferrer\"><br \/>\n<img class=\"img-responsive\" alt=\"Sin Messi, los 11 de Argentina ante Jamaica\" src=\"http:\/\/hoycordobaweb.com\/wp-content\/uploads\/2022\/09\/licha-2023-renovo-en-sarmiento-4.jpg\" loading=\"lazy\"><br \/>\n<\/a>\n<\/picture>\n<\/div>\n<\/div><\/div>\n<\/div>\n<div class=\"sp__Normal\">\n<div class=\"image-embeb image-trigger\" readability=\"6.5\">\n<picture><source media=\"(min-width: 720px)\" srcset=\"http:\/\/hoycordobaweb.com\/wp-content\/uploads\/2022\/09\/licha-2023-renovo-en-sarmiento-5.jpg\"><img itemprop=\"image\" src=\"http:\/\/hoycordobaweb.com\/wp-content\/uploads\/2022\/09\/licha-2023-renovo-en-sarmiento-5.jpg\" loading=\"lazy\" alt=\"Fernando Chi\u00f3falo, presidente de Sarmiento de Jun\u00edn.\">\n<\/picture><figcaption readability=\"3\">\n<p>Fernando Chi\u00f3falo, presidente de Sarmiento de Jun\u00edn.\n<\/p>\n<\/figcaption><\/div>\n<\/div>\n<p>Licha tambi\u00e9n expres\u00f3 su felicidad luego de la firma: <strong>\u201cEstoy muy contento y agradecido con el club por la confianza. Ahora trataremos de quedarnos en Primera <\/strong>para poder so\u00f1ar en grande. Orgulloso de continuar en esta hermosa instituci\u00f3n que me da la oportunidad de ser parte. Seguiremos dando lo mejor, con el compromiso de siempre\u201d.<\/p>\n<div class=\"sp__SM\">\n<div class=\"content-new \">\n<span class=\"tit-mobile\">Mir\u00e1 tambi\u00e9n<\/span><\/p>\n<div class=\"mg\">\n<div class=\"wrap-figure\">\n<picture>\n<a href=\"https:\/\/www.ole.com.ar\/banfield\/cambeses-penales-banfield-copa-argentina_0_z2wuv630Bm.html\" target=\"_self\" rel=\"noopener noreferrer\"><br \/>\n<img class=\"img-responsive\" alt=\"Enorme Cambeses: ataj\u00f3 cuatro penales y cort\u00f3 una racha de Banfield de 29 a\u00f1os\" src=\"http:\/\/hoycordobaweb.com\/wp-content\/uploads\/2022\/09\/licha-2023-renovo-en-sarmiento-6.jpg\" loading=\"lazy\"><br \/>\n<\/a>\n<\/picture>\n<\/div>\n<\/div><\/div>\n<\/div>\n<div class=\"sp__Normal\">\n<div class=\"image-embeb image-trigger\" readability=\"6\">\n<picture><source media=\"(min-width: 720px)\" srcset=\"http:\/\/hoycordobaweb.com\/wp-content\/uploads\/2022\/09\/licha-2023-renovo-en-sarmiento-7.jpg\"><img itemprop=\"image\" src=\"http:\/\/hoycordobaweb.com\/wp-content\/uploads\/2022\/09\/licha-2023-renovo-en-sarmiento-7.jpg\" loading=\"lazy\" alt=\"El goleador de Jun\u00edn\nPrensa Sarmiento de Junin\">\n<\/picture><figcaption readability=\"2\">\n<p>El goleador de Jun\u00edn<br \/>\nPrensa Sarmiento de Junin\n<\/p>\n<\/figcaption><\/div>\n<\/div>\n<p>Gran a\u00f1o para el delantero de 39 a\u00f1os, que se encuentra finalizando la temporada como goleador de su club: convirti\u00f3 <strong>6 goles en los 18 partidos. Se queda el goleador y festeja Jun\u00edn:&nbsp;\u00a1hay Licha para rato!<\/strong><\/p>\n<div class=\"entry-tags\">\n<h2>TEMAS QUE APARECEN EN ESTA NOTA<\/h2>\n<\/p><\/div>\n","protected":false},"excerpt":{"rendered":"<p>Una conferencia de prensa repentina irrumpi\u00f3 la tarde de los hinchas de Sarmiento para brindar la noticia que todos esperaban: Lisandro L\u00f3pez renov\u00f3 por un a\u00f1o. Se quedar\u00e1 en el Verde hasta fines del 2023. Un Licha bien Verde. Prensa Sarmiento de Junin A pesar de que el torneo de Sarmiento&nbsp;fue bastante irregular, se encuentra [&hellip;]<\/p>\n","protected":false},"author":1,"featured_media":49089,"comment_status":"open","ping_status":"closed","sticky":false,"template":"","format":"standard","meta":[],"categories":[16],"tags":[],"_links":{"self":[{"href":"http:\/\/hoycordobaweb.com\/index.php\/wp-json\/wp\/v2\/posts\/49088"}],"collection":[{"href":"http:\/\/hoycordobaweb.com\/index.php\/wp-json\/wp\/v2\/posts"}],"about":[{"href":"http:\/\/hoycordobaweb.com\/index.php\/wp-json\/wp\/v2\/types\/post"}],"author":[{"embeddable":true,"href":"http:\/\/hoycordobaweb.com\/index.php\/wp-json\/wp\/v2\/users\/1"}],"replies":[{"embeddable":true,"href":"http:\/\/hoycordobaweb.com\/index.php\/wp-json\/wp\/v2\/comments?post=49088"}],"version-history":[{"count":0,"href":"http:\/\/hoycordobaweb.com\/index.php\/wp-json\/wp\/v2\/posts\/49088\/revisions"}],"wp:featuredmedia":[{"embeddable":true,"href":"http:\/\/hoycordobaweb.com\/index.php\/wp-json\/wp\/v2\/media\/49089"}],"wp:attachment":[{"href":"http:\/\/hoycordobaweb.com\/index.php\/wp-json\/wp\/v2\/media?parent=49088"}],"wp:term":[{"taxonomy":"category","embeddable":true,"href":"http:\/\/hoycordobaweb.com\/index.php\/wp-json\/wp\/v2\/categories?post=49088"},{"taxonomy":"post_tag","embeddable":true,"href":"http:\/\/hoycordobaweb.com\/index.php\/wp-json\/wp\/v2\/tags?post=49088"}],"curies":[{"name":"wp","href":"https:\/\/api.w.org\/{rel}","templated":true}]}}