{"id":49076,"date":"2022-09-27T20:33:19","date_gmt":"2022-09-27T20:33:19","guid":{"rendered":"https:\/\/ladecimaweb.com\/?p=14560"},"modified":"2022-09-27T20:33:19","modified_gmt":"2022-09-27T20:33:19","slug":"argentina1985-camino-al-oscar","status":"publish","type":"post","link":"http:\/\/hoycordobaweb.com\/index.php\/2022\/09\/27\/argentina1985-camino-al-oscar\/","title":{"rendered":"\u201cArgentina,1985\u201d, camino al Oscar"},"content":{"rendered":"<div class=\"boldgrid-section\">\n<div class=\"container\">\n<div class=\"row\">\n<div class=\"col-md-12 col-xs-12 col-sm-12\">\n<p><i><b><a href=\"https:\/\/www.pagina12.com.ar\/479427-el-trailer-de-argentina-1985-la-pelicula-de-ricardo-darin-so\">Argentina, 1985<\/a><\/b><span>&nbsp;<\/span><\/i>ser\u00e1 la representante del pa\u00eds en los<span>&nbsp;<\/span><b>premios Oscar 2023,<\/b><span>&nbsp;<\/span>en la terna<span>&nbsp;<\/span><b>Mejor Pel\u00edcula Internacional<\/b>. La historia del Juicio a las Juntas transformado en un moj\u00f3n de la reconstrucci\u00f3n democr\u00e1tica del pa\u00eds al evidenciar las atrocidades del terrorismo de Estado y la decisi\u00f3n pol\u00edtica de que un tribunal juzgue a los m\u00e1ximos responsables de la dictadura llegar\u00e1 a la meca del cine.<span>&nbsp;<\/span><a href=\"https:\/\/www.pagina12.com.ar\/484659-strassera-se-convirtio-en-strassera-y-darin-tambien\">El film, dirigido por<span>&nbsp;<\/span><b>Santiago Mitre<\/b><span>&nbsp;<\/span>y protagonizado por<span>&nbsp;<\/span><b>Ricardo Dar\u00edn<\/b>, en el rol de<span>&nbsp;<\/span><b>fiscal Julio Strassera,<\/b><span>&nbsp;<\/span>y<b><span>&nbsp;<\/span>Peter Lanzani<\/b>, como su adjunto<span>&nbsp;<\/span><b>Luis Moreno Ocampo<\/b><\/a>, fue seleccionado por la Academia de las Artes y Ciencias Cinematogr\u00e1ficas de Argentina.<\/p>\n<div class=\"iframely-embed medium-embedded-content\" data-html=\"Jmx0O2RpdiZndDsmbHQ7ZGl2IHN0eWxlPSJsZWZ0OiAwOyB3aWR0aDogMTAwJTsgaGVpZ2h0OiAwOyBwb3NpdGlvbjogcmVsYXRpdmU7IHBhZGRpbmctYm90dG9tOiA1Ni4yNSU7IiZndDsmbHQ7aWZyYW1lIHNyYz0iLy9pZi1jZG4uY29tL1ZiRVQ0dTkiIHN0eWxlPSJ0b3A6IDA7IGxlZnQ6IDA7IHdpZHRoOiAxMDAlOyBoZWlnaHQ6IDEwMCU7IHBvc2l0aW9uOiBhYnNvbHV0ZTsgYm9yZGVyOiAwOyIgYWxsb3dmdWxsc2NyZWVuIGFsbG93PSJlbmNyeXB0ZWQtbWVkaWEgKjsiJmd0OyZsdDsvaWZyYW1lJmd0OyZsdDsvZGl2Jmd0OyZsdDsvZGl2Jmd0OyZsdDtkaXYgY2xhc3M9Im1lZGl1bS1pbnNlcnQtZW1iZWRzLW1ldGEiJmd0OyZsdDtzY3JpcHQgdHlwZT0idGV4dC9qc29uIiZndDt7ImlkIjoiVmJFVDR1OSIsInVybCI6Imh0dHBzOi8vY29udGVudC5qd3BsYXRmb3JtLmNvbS9wcmV2aWV3cy9JMDBZVzFzay1idVFnaUxWQyIsInR5cGUiOiJ2aWRlbyIsInZlcnNpb24iOiIxLjAiLCJ0aXRsZSI6IkFyZ2VudGluYSwgMTk4NSAoMjAyMiksIGRlIFNhbnRpYWdvIE1pdHJlIHwgVHLDoWlsZXIgfCBBbWF6b24gUHJpbWUgVmlkZW8sIExhIFVuacOzbiBkZSBsb3MgUsOtb3MsIEtlbnlhIEZpbG1zLCBJbmZpbml0eSBIaWxsIiwiZGVzY3JpcHRpb24iOiJEdXJhbnRlIGxhIGTDqWNhZGEgZGUgMTk4MCwgdW4gZ3J1cG8gZGUgYWJvZ2Fkb3MgaW52ZXN0aWdhIHkgbGxldmEgYSBqdWljaW8gYSBsb3MgcmVzcG9uc2FibGVzIGRlIGxhIGRpY3RhZHVyYSBjw612aWNvLW1pbGl0YXIgYXJnZW50aW5hLiIsInRodW1ibmFpbF91cmwiOiJodHRwczovL2Fzc2V0cy1qcGN1c3Quandwc3J2LmNvbS90aHVtYnMvSTAwWVcxc2stNzIwLmpwZyIsInRodW1ibmFpbF93aWR0aCI6NzIwLCJ0aHVtYm5haWxfaGVpZ2h0Ijo0MDYsImNhY2hlX2FnZSI6NjB9Jmx0Oy9zY3JpcHQmZ3Q7Jmx0Oy9kaXYmZ3Q7\">\n<div class=\"iframely-embed\">\n<div class=\"iframely-responsive\"><strong>\u00bfPor qu\u00e9 &#8220;Argentina, 1985&#8221; no se va estrenar en Hoyts, Cin\u00e9polis, Showcase y Cinemark?<\/strong><\/div>\n<\/div>\n<\/div>\n<p class=\"\">En estos d\u00edas se confirm\u00f3 que \u201cArgentina, 1985\u201d no ser\u00e1 estrenada por las cadenas de cine m\u00e1s grandes del pa\u00eds por un desacuerdo entre las salas con<span>&nbsp;<\/span><b>Amazon Prime Video<\/b>. En concreto, est\u00e1 relacionado<b>&nbsp;respecto al tiempo de proyecci\u00f3n<\/b><span>&nbsp;<\/span><b>en la pantalla grande antes del estreno en la plataforma ondemand.<\/b><\/p>\n<p class=\"\"><b>En general los cines estrenan las pel\u00edculas con una ventana de 45 d\u00edas entre el lanzamiento en salas y en plataformas<\/b>. Este es el esquema que siguen las<span>&nbsp;<\/span><a href=\"https:\/\/www.pagina12.com.ar\/230631-disney-ya-tiene-su-propia-plataforma\">producciones de Disney<\/a>, por ejemplo. Sin embargo en el caso de \u201cArgentina 1985\u201d, una pel\u00edcula con mucho potencial, ese tiempo m\u00e1ximo es de tres semanas.<\/p>\n<p class=\"\">Es por este motivo que<span>&nbsp;<\/span><b>Cin\u00e9polis<\/b>,<span>&nbsp;<\/span><b>Showcase<\/b>,<span>&nbsp;<\/span><b>Cinemark<span>&nbsp;<\/span><\/b>y<span>&nbsp;<\/span><b>Hoyts<span>&nbsp;<\/span><\/b>decidieron no proyectar la pel\u00edcula.<\/p>\n<p class=\"\"><b>Atlas<\/b>,<span>&nbsp;<\/span><b>Cinemacenter<\/b>,<span>&nbsp;<\/span><b>Multiplex<span>&nbsp;<\/span><\/b>y m\u00e1s empresas independientes<span>&nbsp;<\/span><b>s\u00ed tendr\u00e1n la pel\u00edcula en su cartelera<\/b>. De hecho, en sus sitios web ya se encuentran a la venta las entradas para la pel\u00edcula, que se estrenar\u00e1 el 29 de septiembre. En Amazon Prime Video se podr\u00e1 ver tres semanas m\u00e1s tarde.<\/p>\n<p class=\"\">&nbsp;<\/p>\n<p class=\"\">\n<div class=\"ubm_banner\"><a href=\"https:\/\/www.cba.gov.ar\" target=\"_blank\" rel=\"dofollow noopener noreferrer\"><img src=\"http:\/\/hoycordobaweb.com\/wp-content\/uploads\/2022\/09\/argentina1985-camino-al-oscar.gif\" alt=\"\"><\/a><\/div>\n<\/div>\n<\/div>\n<\/div>\n<\/div>\n<p>La entrada <a rel=\"nofollow\" href=\"https:\/\/ladecimaweb.com\/argentina1985-camino-al-oscar\/\">&#8220;Argentina,1985&#8221;, camino al Oscar<\/a> se public\u00f3 primero en <a rel=\"nofollow\" href=\"https:\/\/ladecimaweb.com\">LaDecima<\/a>.<\/p>\n","protected":false},"excerpt":{"rendered":"<p>Argentina, 1985&nbsp;ser\u00e1 la representante del pa\u00eds en los&nbsp;premios Oscar 2023,&nbsp;en la terna&nbsp;Mejor Pel\u00edcula Internacional. La historia del Juicio a las Juntas transformado en un moj\u00f3n de la reconstrucci\u00f3n democr\u00e1tica del pa\u00eds al evidenciar las atrocidades del terrorismo de Estado y la decisi\u00f3n pol\u00edtica de que un tribunal juzgue a los m\u00e1ximos responsables de la dictadura [&hellip;]<\/p>\n","protected":false},"author":1,"featured_media":49077,"comment_status":"closed","ping_status":"closed","sticky":false,"template":"","format":"standard","meta":[],"categories":[19],"tags":[],"_links":{"self":[{"href":"http:\/\/hoycordobaweb.com\/index.php\/wp-json\/wp\/v2\/posts\/49076"}],"collection":[{"href":"http:\/\/hoycordobaweb.com\/index.php\/wp-json\/wp\/v2\/posts"}],"about":[{"href":"http:\/\/hoycordobaweb.com\/index.php\/wp-json\/wp\/v2\/types\/post"}],"author":[{"embeddable":true,"href":"http:\/\/hoycordobaweb.com\/index.php\/wp-json\/wp\/v2\/users\/1"}],"replies":[{"embeddable":true,"href":"http:\/\/hoycordobaweb.com\/index.php\/wp-json\/wp\/v2\/comments?post=49076"}],"version-history":[{"count":0,"href":"http:\/\/hoycordobaweb.com\/index.php\/wp-json\/wp\/v2\/posts\/49076\/revisions"}],"wp:featuredmedia":[{"embeddable":true,"href":"http:\/\/hoycordobaweb.com\/index.php\/wp-json\/wp\/v2\/media\/49077"}],"wp:attachment":[{"href":"http:\/\/hoycordobaweb.com\/index.php\/wp-json\/wp\/v2\/media?parent=49076"}],"wp:term":[{"taxonomy":"category","embeddable":true,"href":"http:\/\/hoycordobaweb.com\/index.php\/wp-json\/wp\/v2\/categories?post=49076"},{"taxonomy":"post_tag","embeddable":true,"href":"http:\/\/hoycordobaweb.com\/index.php\/wp-json\/wp\/v2\/tags?post=49076"}],"curies":[{"name":"wp","href":"https:\/\/api.w.org\/{rel}","templated":true}]}}