{"id":49072,"date":"2022-09-27T22:16:54","date_gmt":"2022-09-27T22:16:54","guid":{"rendered":"http:\/\/hoycordobaweb.com\/index.php\/2022\/09\/27\/la-serie-que-netflix-cancelo-y-que-ahora-eliminara-de-su-catalogo-quever\/"},"modified":"2022-09-27T22:16:54","modified_gmt":"2022-09-27T22:16:54","slug":"la-serie-que-netflix-cancelo-y-que-ahora-eliminara-de-su-catalogo-quever","status":"publish","type":"post","link":"http:\/\/hoycordobaweb.com\/index.php\/2022\/09\/27\/la-serie-que-netflix-cancelo-y-que-ahora-eliminara-de-su-catalogo-quever\/","title":{"rendered":"La serie que <b>Netflix<\/b> cancel\u00f3 y que ahora eliminar\u00e1 de su cat\u00e1logo &#8211; QueVer"},"content":{"rendered":"<p>Logo QueVer.<b>news<\/b>. HOUSTON TENEMOS UN PROBLEMA &#8230; <b>Netflix<\/b> eliminar\u00e1 las tres temporadas de &quot;Final Space&quot; de su cat\u00e1logo, &quot;matando&quot; as\u00ed a la serie. <\/p>\n","protected":false},"excerpt":{"rendered":"<p>Logo QueVer.news. HOUSTON TENEMOS UN PROBLEMA &#8230; Netflix eliminar\u00e1 las tres temporadas de &quot;Final Space&quot; de su cat\u00e1logo, &quot;matando&quot; as\u00ed a la serie.<\/p>\n","protected":false},"author":1,"featured_media":0,"comment_status":"closed","ping_status":"closed","sticky":false,"template":"","format":"standard","meta":[],"categories":[23],"tags":[],"_links":{"self":[{"href":"http:\/\/hoycordobaweb.com\/index.php\/wp-json\/wp\/v2\/posts\/49072"}],"collection":[{"href":"http:\/\/hoycordobaweb.com\/index.php\/wp-json\/wp\/v2\/posts"}],"about":[{"href":"http:\/\/hoycordobaweb.com\/index.php\/wp-json\/wp\/v2\/types\/post"}],"author":[{"embeddable":true,"href":"http:\/\/hoycordobaweb.com\/index.php\/wp-json\/wp\/v2\/users\/1"}],"replies":[{"embeddable":true,"href":"http:\/\/hoycordobaweb.com\/index.php\/wp-json\/wp\/v2\/comments?post=49072"}],"version-history":[{"count":0,"href":"http:\/\/hoycordobaweb.com\/index.php\/wp-json\/wp\/v2\/posts\/49072\/revisions"}],"wp:attachment":[{"href":"http:\/\/hoycordobaweb.com\/index.php\/wp-json\/wp\/v2\/media?parent=49072"}],"wp:term":[{"taxonomy":"category","embeddable":true,"href":"http:\/\/hoycordobaweb.com\/index.php\/wp-json\/wp\/v2\/categories?post=49072"},{"taxonomy":"post_tag","embeddable":true,"href":"http:\/\/hoycordobaweb.com\/index.php\/wp-json\/wp\/v2\/tags?post=49072"}],"curies":[{"name":"wp","href":"https:\/\/api.w.org\/{rel}","templated":true}]}}