{"id":49054,"date":"2022-09-27T00:24:00","date_gmt":"2022-09-27T00:24:00","guid":{"rendered":"http:\/\/hoycordobaweb.com\/index.php\/2022\/09\/27\/la-casa-blanca-confirmo-que-biden-quiere-buscar-la-reeleccion\/"},"modified":"2022-09-27T00:24:00","modified_gmt":"2022-09-27T00:24:00","slug":"la-casa-blanca-confirmo-que-biden-quiere-buscar-la-reeleccion","status":"publish","type":"post","link":"http:\/\/hoycordobaweb.com\/index.php\/2022\/09\/27\/la-casa-blanca-confirmo-que-biden-quiere-buscar-la-reeleccion\/","title":{"rendered":"La Casa Blanca confirm\u00f3 que Biden quiere buscar la reelecci\u00f3n"},"content":{"rendered":"<p><img src=\"http:\/\/hoycordobaweb.com\/wp-content\/uploads\/2022\/09\/la-casa-blanca-confirmo-que-biden-quiere-buscar-la-reeleccion.jpg\"><\/p>\n<figure class=\"mb-3\"><img loading=\"lazy\" src=\"http:\/\/hoycordobaweb.com\/wp-content\/uploads\/2022\/09\/la-casa-blanca-confirmo-que-biden-quiere-buscar-la-reeleccion-2.jpg\" width=\"100%\" height=\"100%\" alt=\"Biden podra buscar la reeleccin en noviembre de 2024 Foto AFP\"><figcaption> Biden podr\u00eda buscar la reelecci\u00f3n en noviembre de 2024. Foto: AFP <\/figcaption><\/figure>\n<p>La Casa Blanca confirm\u00f3 este lunes que el presidente Joe Biden pretende buscar la reelecci\u00f3n en 2024 pese a que las recientes encuestas entre los dem\u00f3cratas indican que el mandatario no est\u00e1 entre los favoritos. <strong>\u00abComo ya lo ha dicho varias veces, incluso recientemente, se propone competir\u00bb, dijo la vocera de la Casa Blanca,<\/strong> Karine Jean-Pierre.<\/p>\n<p>La funcionaria fue consultada por si el presidente estaba \u00abpreocupado\u00bb con respecto a las encuesta que lo muestran lejos de los primeros lugares entre los dem\u00f3cratas.<\/p>\n<p>Seg\u00fan un sondeo del diario estadounidense Washington Post y la cadena ABC, solo 35% del electorado af\u00edn al Partido Dem\u00f3crata quiere que Biden sea el candidato de esa fuerza.<\/p>\n<blockquote class=\"twitter-tweet\" readability=\"5.9627329192547\">\n<p lang=\"es\" dir=\"ltr\">Joe Biden tendr\u00eda 86 a\u00f1os, algo sin precedentes, al final de su potencial segundo mandato<a href=\"https:\/\/t.co\/GRTuNmXKE9\">https:\/\/t.co\/GRTuNmXKE9<\/a><\/p>\n<p>\u2014 CNN en Espa\u00f1ol (@CNNEE) <a href=\"https:\/\/twitter.com\/CNNEE\/status\/1574405987108327424?ref_src=twsrc%5Etfw\">September 26, 2022<\/a><\/p><\/blockquote>\n<p><strong>\u00abSolo 35% de los dem\u00f3cratas e independientes de tendencia dem\u00f3crata favorecen a Biden para la nominaci\u00f3n de 2024; 56% quiere que el partido elija a otra persona\u00bb<\/strong>, indic\u00f3 la televisora ABC sobre la encuesta conjunta.<\/p>\n<p>Jean-Pierre no ampli\u00f3 su declaraci\u00f3n porque explic\u00f3 que estaba \u00ablimitada\u00bb para dar m\u00e1s informaci\u00f3n y solo agreg\u00f3 que el foco de Biden \u00abno est\u00e1 en s\u00ed mismo\u00bb sino en \u00abcontinuar cumpliendo con el pueblo estadounidense\u00bb. <\/p>\n","protected":false},"excerpt":{"rendered":"<p>Biden podr\u00eda buscar la reelecci\u00f3n en noviembre de 2024. Foto: AFP La Casa Blanca confirm\u00f3 este lunes que el presidente Joe Biden pretende buscar la reelecci\u00f3n en 2024 pese a que las recientes encuestas entre los dem\u00f3cratas indican que el mandatario no est\u00e1 entre los favoritos. \u00abComo ya lo ha dicho varias veces, incluso recientemente, [&hellip;]<\/p>\n","protected":false},"author":1,"featured_media":49055,"comment_status":"open","ping_status":"closed","sticky":false,"template":"","format":"standard","meta":[],"categories":[19],"tags":[],"_links":{"self":[{"href":"http:\/\/hoycordobaweb.com\/index.php\/wp-json\/wp\/v2\/posts\/49054"}],"collection":[{"href":"http:\/\/hoycordobaweb.com\/index.php\/wp-json\/wp\/v2\/posts"}],"about":[{"href":"http:\/\/hoycordobaweb.com\/index.php\/wp-json\/wp\/v2\/types\/post"}],"author":[{"embeddable":true,"href":"http:\/\/hoycordobaweb.com\/index.php\/wp-json\/wp\/v2\/users\/1"}],"replies":[{"embeddable":true,"href":"http:\/\/hoycordobaweb.com\/index.php\/wp-json\/wp\/v2\/comments?post=49054"}],"version-history":[{"count":0,"href":"http:\/\/hoycordobaweb.com\/index.php\/wp-json\/wp\/v2\/posts\/49054\/revisions"}],"wp:featuredmedia":[{"embeddable":true,"href":"http:\/\/hoycordobaweb.com\/index.php\/wp-json\/wp\/v2\/media\/49055"}],"wp:attachment":[{"href":"http:\/\/hoycordobaweb.com\/index.php\/wp-json\/wp\/v2\/media?parent=49054"}],"wp:term":[{"taxonomy":"category","embeddable":true,"href":"http:\/\/hoycordobaweb.com\/index.php\/wp-json\/wp\/v2\/categories?post=49054"},{"taxonomy":"post_tag","embeddable":true,"href":"http:\/\/hoycordobaweb.com\/index.php\/wp-json\/wp\/v2\/tags?post=49054"}],"curies":[{"name":"wp","href":"https:\/\/api.w.org\/{rel}","templated":true}]}}