{"id":49034,"date":"2022-09-27T00:13:22","date_gmt":"2022-09-27T00:13:22","guid":{"rendered":"https:\/\/www.ole.com.ar\/futbol-internacional\/araujo-uruguay-operacion-afuera-qatar_0_2ZQKqcbnxc.html"},"modified":"2022-09-27T00:13:22","modified_gmt":"2022-09-27T00:13:22","slug":"araujo-operacion-y-afuera-del-mundial","status":"publish","type":"post","link":"http:\/\/hoycordobaweb.com\/index.php\/2022\/09\/27\/araujo-operacion-y-afuera-del-mundial\/","title":{"rendered":"Ara\u00fajo: operaci\u00f3n y \u00bfafuera del Mundial?"},"content":{"rendered":"<p><img src=\"http:\/\/hoycordobaweb.com\/wp-content\/uploads\/2022\/09\/araujo-operacion-y-afuera-del-mundial.jpg\"><\/p>\n<p>La ilusi\u00f3n de <a alt=\"ronald-araujo\" class=\"slug\" href=\"https:\/\/www.ole.com.ar\/tema\/ronald-araujo.html\" target=\"_blank\" title=\"ronald-araujo\" rel=\"noopener noreferrer\">Ronald Ara\u00fajo<\/a> de disputar su primera<a alt=\"qatar\" class=\"slug\" href=\"https:\/\/www.ole.com.ar\/tema\/qatar.html\" target=\"_blank\" title=\"qatar\" rel=\"noopener noreferrer\"> Copa del Mundo<\/a> <strong>se est\u00e1 desvaneciendo luego de que el defensor del <a alt=\"barcelona\" class=\"slug\" href=\"https:\/\/www.ole.com.ar\/tema\/barcelona.html\" target=\"_blank\" title=\"barcelona\" rel=\"noopener noreferrer\">Barcelona <\/a>se lesionara <\/strong>solamente 30 segundos despu\u00e9s de comenzar el amistoso entre Uruguay e Ir\u00e1n, disputado el pasado viernes en Austria, en donde los iran\u00edes se impusieron por <strong>1-0<\/strong>, dejando una mala sensaci\u00f3n en los uruguayos.<\/p>\n<p>Seg\u00fan un anuncio del club blaugrana en sus redes,<strong> el defensor tiene \u00abuna avulsi\u00f3n del tend\u00f3n del aductor largo del muslo derecho<\/strong>. Es baja y su evoluci\u00f3n marcar\u00e1 su disponibilidad. Luego de una reuni\u00f3n con <a alt=\"xavi-h\" class=\"slug\" href=\"https:\/\/www.ole.com.ar\/tema\/xavi-h.html\" target=\"_blank\" title=\"xavi-h\" rel=\"noopener noreferrer\">Xavi <\/a>y el doctor Ricard Pruna,<strong> se decidi\u00f3 que ser\u00e1 operado<\/strong>, a pesar del deseo de los uruguayos que quer\u00edan esperar e iniciar un tratamiento para que Araujo pueda jugar en Qatar.<\/p>\n<p>De todas maneras,<strong> Barcelona tiene antecedentes con este tipo de lesiones: <a alt=\"samuel-umtiti\" class=\"slug\" href=\"https:\/\/www.ole.com.ar\/tema\/samuel-umtiti.html\" target=\"_blank\" title=\"samuel-umtiti\" rel=\"noopener noreferrer\">Samuel Umtiti<\/a> y<\/strong><a alt=\"ansu-fati\" class=\"slug\" href=\"https:\/\/www.ole.com.ar\/tema\/ansu-fati.html\" target=\"_blank\" title=\"ansu-fati\" rel=\"noopener noreferrer\"><strong> Ansu Fati<\/strong>,<\/a> ambos lesionados que esquivaron el quir\u00f3fano no volvieron en sus mejores versiones y fue lo que pes\u00f3 en el club catal\u00e1n a la hora de tomar la decisi\u00f3n de operar al futbolista, quien<strong> podr\u00eda ser intervenido quir\u00fargicamente este jueves 29 de septiembre<\/strong>, en la ciudad finlandesa de Turku.<\/p>\n<p>El marcador central <strong>ser\u00e1 baja entre seis y nueve semanas, <\/strong>y en el peor de los casos, si la recuperaci\u00f3n demandara nueve semanas, el jugador<strong> estar\u00eda disponible para la segunda fecha de fase de grupos del <a alt=\"mundial-de-qatar\" class=\"slug\" href=\"https:\/\/www.ole.com.ar\/tema\/mundial-de-qatar.html\" target=\"_blank\" title=\"mundial-de-qatar\" rel=\"noopener noreferrer\">Mundial de Qatar<\/a><\/strong>, en el duelo de la <a alt=\"seleccion-de-uruguay\" class=\"slug\" href=\"https:\/\/www.ole.com.ar\/tema\/seleccion-de-uruguay.html\" target=\"_blank\" title=\"seleccion-de-uruguay\" rel=\"noopener noreferrer\">Celeste <\/a>ante ni m\u00e1s ni menos que <a alt=\"portugal\" class=\"slug\" href=\"https:\/\/www.ole.com.ar\/tema\/portugal.html\" target=\"_blank\" title=\"portugal\" rel=\"noopener noreferrer\">Portugal<\/a>, el 28 de noviembre.<\/p>\n<div class=\"sp__SM\">\n<div class=\"content-new \">\n<span class=\"tit-mobile\">Mir\u00e1 tambi\u00e9n<\/span><\/p>\n<div class=\"mg\">\n<div class=\"wrap-figure\">\n<picture>\n<a href=\"https:\/\/www.ole.com.ar\/futbol-internacional\/america\/raul-jimenez-lesion-pubalgia-mundial-qatar-2022_0_rq1uQI6YC5.html\" target=\"_self\" rel=\"noopener noreferrer\"><br \/>\n<img class=\"img-responsive\" alt=\"La lesi\u00f3n de Ra\u00fal Jim\u00e9nez antes del Mundial que preocupa al Tata Martino\" src=\"http:\/\/hoycordobaweb.com\/wp-content\/uploads\/2022\/09\/araujo-operacion-y-afuera-del-mundial-2.jpg\" loading=\"lazy\"><br \/>\n<\/a>\n<\/picture>\n<\/div>\n<\/div><\/div>\n<\/div>\n<div class=\"sp__Normal\">\n<div class=\"image-embeb image-trigger\" readability=\"6\">\n<picture><source media=\"(min-width: 720px)\" srcset=\"http:\/\/hoycordobaweb.com\/wp-content\/uploads\/2022\/09\/araujo-operacion-y-afuera-del-mundial-3.jpg\"><img itemprop=\"image\" src=\"http:\/\/hoycordobaweb.com\/wp-content\/uploads\/2022\/09\/araujo-operacion-y-afuera-del-mundial-3.jpg\" loading=\"lazy\" alt=\"Ara\u00fajo marcando a Nico Gonz\u00e1lez. REUTERS\">\n<\/picture><figcaption readability=\"2\">\n<p>Ara\u00fajo marcando a Nico Gonz\u00e1lez. REUTERS\n<\/p>\n<\/figcaption><\/div>\n<\/div>\n<p><a alt=\"diego-alonso\" class=\"slug\" href=\"https:\/\/www.ole.com.ar\/tema\/diego-alonso.html\" target=\"_blank\" title=\"diego-alonso\" rel=\"noopener noreferrer\">Diego Alonso<\/a>, entrenador de la selecci\u00f3n uruguaya, <strong>esperar\u00e1 si es necesario hasta el \u00faltimo momento<\/strong> para contar con una de las apariciones m\u00e1s importantes en los \u00faltimos a\u00f1os. El futbolista de 23 a\u00f1os era un nombre seguro en la lista de convocados para el certamen m\u00e1s importante del mundo, <strong>ahora, solo resta esperar.<\/strong><\/p>\n<p>Teniendo en cuenta que<a alt=\"diego-godin\" class=\"slug\" href=\"https:\/\/www.ole.com.ar\/tema\/diego-godin.html\" target=\"_blank\" title=\"diego-godin\" rel=\"noopener noreferrer\"> Diego God\u00edn<\/a>, <a alt=\"jose-maria-gimenez\" class=\"slug\" href=\"https:\/\/www.ole.com.ar\/tema\/jose-maria-gimenez.html\" target=\"_blank\" title=\"jose-maria-gimenez\" rel=\"noopener noreferrer\">Josema Gim\u00e9ne<\/a>z y Sebasti\u00e1n Coates est\u00e1n con puntuales complicaciones,<strong> el DT tendr\u00e1 la posibilidad de contar con Leandro Cabrera, Agust\u00edn Rogel, Sebasti\u00e1n C\u00e1ceres, Mart\u00edn C\u00e1ceres y Mat\u00edas Vi\u00f1a.<\/strong><\/p>\n<div class=\"sp__SM\">\n<div class=\"content-new \">\n<span class=\"tit-mobile\">Mir\u00e1 tambi\u00e9n<\/span><\/p>\n<div class=\"mg\">\n<div class=\"wrap-figure\">\n<picture>\n<a href=\"https:\/\/www.ole.com.ar\/futbol-internacional\/america\/ronald-araujo-lesion-defensor-central-uruguay-perder-mundial-qatar-2022_0_2uvJ1TE530.html\" target=\"_self\" rel=\"noopener noreferrer\"><br \/>\n<img class=\"img-responsive\" alt=\"La estrella de Uruguay que puede perderse el Mundial\" src=\"http:\/\/hoycordobaweb.com\/wp-content\/uploads\/2022\/09\/araujo-operacion-y-afuera-del-mundial-4.jpg\" loading=\"lazy\"><br \/>\n<\/a>\n<\/picture>\n<\/div>\n<\/div><\/div>\n<\/div>\n<div class=\"entry-tags\">\n<h2>TEMAS QUE APARECEN EN ESTA NOTA<\/h2>\n<\/p><\/div>\n","protected":false},"excerpt":{"rendered":"<p>La ilusi\u00f3n de Ronald Ara\u00fajo de disputar su primera Copa del Mundo se est\u00e1 desvaneciendo luego de que el defensor del Barcelona se lesionara solamente 30 segundos despu\u00e9s de comenzar el amistoso entre Uruguay e Ir\u00e1n, disputado el pasado viernes en Austria, en donde los iran\u00edes se impusieron por 1-0, dejando una mala sensaci\u00f3n en [&hellip;]<\/p>\n","protected":false},"author":1,"featured_media":49035,"comment_status":"open","ping_status":"closed","sticky":false,"template":"","format":"standard","meta":[],"categories":[16],"tags":[],"_links":{"self":[{"href":"http:\/\/hoycordobaweb.com\/index.php\/wp-json\/wp\/v2\/posts\/49034"}],"collection":[{"href":"http:\/\/hoycordobaweb.com\/index.php\/wp-json\/wp\/v2\/posts"}],"about":[{"href":"http:\/\/hoycordobaweb.com\/index.php\/wp-json\/wp\/v2\/types\/post"}],"author":[{"embeddable":true,"href":"http:\/\/hoycordobaweb.com\/index.php\/wp-json\/wp\/v2\/users\/1"}],"replies":[{"embeddable":true,"href":"http:\/\/hoycordobaweb.com\/index.php\/wp-json\/wp\/v2\/comments?post=49034"}],"version-history":[{"count":0,"href":"http:\/\/hoycordobaweb.com\/index.php\/wp-json\/wp\/v2\/posts\/49034\/revisions"}],"wp:featuredmedia":[{"embeddable":true,"href":"http:\/\/hoycordobaweb.com\/index.php\/wp-json\/wp\/v2\/media\/49035"}],"wp:attachment":[{"href":"http:\/\/hoycordobaweb.com\/index.php\/wp-json\/wp\/v2\/media?parent=49034"}],"wp:term":[{"taxonomy":"category","embeddable":true,"href":"http:\/\/hoycordobaweb.com\/index.php\/wp-json\/wp\/v2\/categories?post=49034"},{"taxonomy":"post_tag","embeddable":true,"href":"http:\/\/hoycordobaweb.com\/index.php\/wp-json\/wp\/v2\/tags?post=49034"}],"curies":[{"name":"wp","href":"https:\/\/api.w.org\/{rel}","templated":true}]}}