{"id":49030,"date":"2022-09-27T00:35:50","date_gmt":"2022-09-27T00:35:50","guid":{"rendered":"https:\/\/www.ole.com.ar\/river-plate\/river-lopez-munoz-maradona-gallardo_0_vGuSNepZyC.html"},"modified":"2022-09-27T00:35:50","modified_gmt":"2022-09-27T00:35:50","slug":"lopez-munoz-y-un-semestre-para-que-lo-mire-gallardo","status":"publish","type":"post","link":"http:\/\/hoycordobaweb.com\/index.php\/2022\/09\/27\/lopez-munoz-y-un-semestre-para-que-lo-mire-gallardo\/","title":{"rendered":"L\u00f3pez Mu\u00f1oz y un semestre para que lo mire Gallardo"},"content":{"rendered":"<p><img src=\"http:\/\/hoycordobaweb.com\/wp-content\/uploads\/2022\/09\/lopez-munoz-y-un-semestre-para-que-lo-mire-gallardo.jpg\"><\/p>\n<p>Es evidente que lleva detalles de su t\u00edo abuela en sus arranques, su talentosa zurda y su capacidad de definici\u00f3n. <strong><a alt=\"hernan-lopez-munoz\" class=\"slug\" href=\"https:\/\/www.ole.com.ar\/tema\/hernan-lopez-munoz.html\" target=\"_blank\" title=\"hernan-lopez-munoz\" rel=\"noopener noreferrer\">Hern\u00e1n L\u00f3pez Mu\u00f1oz<\/a><\/strong>, autor de un triplete (el primero de su carrera) en el triunfo de <strong><a alt=\"central-cordoba-de-santiago\" class=\"slug\" href=\"https:\/\/www.ole.com.ar\/tema\/central-cordoba-de-santiago.html\" target=\"_blank\" title=\"central-cordoba-de-santiago\" rel=\"noopener noreferrer\">Central C\u00f3rdoba<\/a><\/strong> de Santiago del Estero <a href=\"https:\/\/www.ole.com.ar\/futbol-primera\/aldosivi-central-cordoba-liga-descenso_0_ZYMEW4h6OY.html\" target=\"_blank\" rel=\"noopener noreferrer\"><strong>frente Aldosivi en Mar del Plata<\/strong><\/a>, es hijo de Ana, una de las siete hermanas de <strong><a alt=\"diego-maradona\" class=\"slug\" href=\"https:\/\/www.ole.com.ar\/tema\/diego-maradona.html\" target=\"_blank\" title=\"diego-maradona\" rel=\"noopener noreferrer\">Diego Maradona<\/a><\/strong>, y su padre es Daniel L\u00f3pez Mu\u00f1oz, ex enganche de Argentinos. Y <strong>como su pase pertenece a River, club en el que se form\u00f3 desde las Infantiles, su presente podr\u00eda darle la chance de que <a alt=\"marcelo-gallardo\" class=\"slug\" href=\"https:\/\/www.ole.com.ar\/tema\/marcelo-gallardo.html\" target=\"_blank\" title=\"marcelo-gallardo\" rel=\"noopener noreferrer\">Marcelo Gallardo<\/a> lo tenga en cuenta para el plantel de 2023<\/strong>.<\/p>\n<div class=\"sp__SM\">\n<div class=\"content-new \">\n<span class=\"tit-mobile\">Mir\u00e1 tambi\u00e9n<\/span><\/p>\n<div class=\"mg\">\n<div class=\"wrap-figure\">\n<picture>\n<a href=\"https:\/\/www.ole.com.ar\/futbol-primera\/aldosivi-central-cordoba-liga-descenso_0_ZYMEW4h6OY.html\" target=\"_self\" rel=\"noopener noreferrer\"><br \/>\n<img class=\"img-responsive\" alt=\"Un triplete del sobrino nieto de Maradona le dio el triunfo a Central C\u00f3rdoba\" src=\"http:\/\/hoycordobaweb.com\/wp-content\/uploads\/2022\/09\/lopez-munoz-y-un-semestre-para-que-lo-mire-gallardo-2.jpg\" loading=\"lazy\"><br \/>\n<\/a>\n<\/picture>\n<\/div>\n<\/div><\/div>\n<\/div>\n<div class=\"sp__SM\">\n<div class=\"content-new \">\n<span class=\"tit-mobile\">Mir\u00e1 tambi\u00e9n<\/span><\/p>\n<div class=\"mg\">\n<div class=\"wrap-figure\">\n<picture>\n<a href=\"https:\/\/www.ole.com.ar\/river-plate\/lista-concentrados-river-copa-argentina_0_fmodFLWI5h.html\" target=\"_self\" rel=\"noopener noreferrer\"><br \/>\n<img class=\"img-responsive\" alt=\"Los concentrados de River, con dos regresos y una baja\" src=\"http:\/\/hoycordobaweb.com\/wp-content\/uploads\/2022\/09\/lopez-munoz-y-un-semestre-para-que-lo-mire-gallardo-3.jpg\" loading=\"lazy\"><br \/>\n<\/a>\n<\/picture>\n<\/div>\n<\/div><\/div>\n<\/div>\n<p>El volante ofensivo fue cedido a pr\u00e9stamo al Ferroviario en febrero de 2021, aunque <a href=\"https:\/\/www.ole.com.ar\/futbol-primera\/dura-lesion-sobrino-nieto-maradona_0_Hpng27Fow.html\" target=\"_blank\" rel=\"noopener noreferrer\"><strong>en agosto del a\u00f1o pasado sufri\u00f3 una grav\u00edsima lesi\u00f3n en su rodilla derecha<\/strong><\/a> y retorn\u00f3 a N\u00fa\u00f1ez para hacer la recuperaci\u00f3n. Una vez que se repuso de la rotura de ligamentos y el menisco interno, extendi\u00f3 su contrato con River hasta diciembre de 2024 y acord\u00f3 una nueva cesi\u00f3n con Central C\u00f3rdoba, sin cargo hasta diciembre de 2022 y con una opci\u00f3n&nbsp;de compra del 50% del pase. Y este a\u00f1o, principalmente en este semestre, el sobrino nieto de Diego explot\u00f3.<\/p>\n<div class=\"sp__SM\">\n<div class=\"content-new \">\n<span class=\"tit-mobile\">Mir\u00e1 tambi\u00e9n<\/span><\/p>\n<div class=\"mg\">\n<div class=\"wrap-figure\">\n<picture>\n<a href=\"https:\/\/www.ole.com.ar\/central-cordoba-santiago-del-estero\/central-cordoba-lopez-munoz-maradona_0_jGQph6F6kn.html\" target=\"_self\" rel=\"noopener noreferrer\"><br \/>\n<img class=\"img-responsive\" alt=\"Video: el golazo maradoniano del sobrino nieto del Diego\" src=\"http:\/\/hoycordobaweb.com\/wp-content\/uploads\/2022\/09\/lopez-munoz-y-un-semestre-para-que-lo-mire-gallardo-4.jpg\" loading=\"lazy\"><br \/>\n<\/a>\n<\/picture>\n<\/div>\n<\/div><\/div>\n<\/div>\n<p>Herni, como le dicen en su familia, sus amigos y en la intimidad del vestuario, <strong>sum\u00f3 cinco partidos como titular desde el 3-0 ante Col\u00f3n del 16\/8, en el que convirti\u00f3 su primer gol en el club. Y este lunes mostr\u00f3 su mejor versi\u00f3n<\/strong>. Un potencial que hab\u00eda anunciado en <a href=\"https:\/\/www.ole.com.ar\/river-plate\/hernan-lopez-maradona-ole-river_0_z1PRjuS_y.html\" target=\"_blank\" rel=\"noopener noreferrer\"><strong>su debut en Primera con el equipo de Gallardo<\/strong><\/a> frente a Tigre, el 7 de abril de 2019.<\/p>\n<p><strong>Este a\u00f1o el zurdo sum\u00f3 un total de 518 minutos en 13 partidos<\/strong>, pero ya el Huevo Rondina le hab\u00eda dado la 10 del Ferroviario y Pusineri logr\u00f3 sacar lo mejor del pibe de 22 a\u00f1os. Con este nivel, L\u00f3pez Mu\u00f1oz asoma como el futbolista de River a pr\u00e9stamo con m\u00e1s posibilidades de volver al plantel del Mu\u00f1eco: el resto de los cedidos son Cristian Ferreira (Newell&#8217;s), Agust\u00edn Fontana (Banfield), Alex Vigo (Independiente), Augusto Batalla (San Lorenzo), El\u00edas L\u00f3pez y Tom\u00e1s Castro Ponce (Godoy Cruz), Augusto Aguirre (San Mart\u00edn de San Juan), Thomas Guti\u00e9rrez (Barracas), Nahuel Casasola (Platense), Mat\u00edas Ben\u00edtez (Atlante United B) y Tom\u00e1s Galv\u00e1n (Defensa). Tal vez, este \u00faltimo, volante que debut\u00f3 en River y Gallardo mand\u00f3 a potenciar al Halc\u00f3n, tambi\u00e9n pueda tener alguna chance de regresar en 2023.&nbsp;<\/p>\n<div class=\"sp__SM\">\n<div class=\"content-new \">\n<span class=\"tit-mobile\">Mir\u00e1 tambi\u00e9n<\/span><\/p>\n<div class=\"mg\">\n<div class=\"wrap-figure\">\n<picture>\n<a href=\"https:\/\/www.ole.com.ar\/river-plate\/river-rioja-copa-argentina-entradas_0_5aZjCJp3ag.html\" target=\"_self\" rel=\"noopener noreferrer\"><br \/>\n<img class=\"img-responsive\" alt=\"Los hinchas de River agotaron las entradas en La Rioja\" src=\"http:\/\/hoycordobaweb.com\/wp-content\/uploads\/2022\/09\/lopez-munoz-y-un-semestre-para-que-lo-mire-gallardo-5.jpg\" loading=\"lazy\"><br \/>\n<\/a>\n<\/picture>\n<\/div>\n<\/div><\/div>\n<\/div>\n<h2><strong>La presentaci\u00f3n de Hern\u00e1n L\u00f3pez en River<\/strong><\/h2>\n<div class=\"entry-tags\">\n<h2>TEMAS QUE APARECEN EN ESTA NOTA<\/h2>\n<\/p><\/div>\n","protected":false},"excerpt":{"rendered":"<p>Es evidente que lleva detalles de su t\u00edo abuela en sus arranques, su talentosa zurda y su capacidad de definici\u00f3n. Hern\u00e1n L\u00f3pez Mu\u00f1oz, autor de un triplete (el primero de su carrera) en el triunfo de Central C\u00f3rdoba de Santiago del Estero frente Aldosivi en Mar del Plata, es hijo de Ana, una de las [&hellip;]<\/p>\n","protected":false},"author":1,"featured_media":49031,"comment_status":"open","ping_status":"closed","sticky":false,"template":"","format":"standard","meta":[],"categories":[16],"tags":[],"_links":{"self":[{"href":"http:\/\/hoycordobaweb.com\/index.php\/wp-json\/wp\/v2\/posts\/49030"}],"collection":[{"href":"http:\/\/hoycordobaweb.com\/index.php\/wp-json\/wp\/v2\/posts"}],"about":[{"href":"http:\/\/hoycordobaweb.com\/index.php\/wp-json\/wp\/v2\/types\/post"}],"author":[{"embeddable":true,"href":"http:\/\/hoycordobaweb.com\/index.php\/wp-json\/wp\/v2\/users\/1"}],"replies":[{"embeddable":true,"href":"http:\/\/hoycordobaweb.com\/index.php\/wp-json\/wp\/v2\/comments?post=49030"}],"version-history":[{"count":0,"href":"http:\/\/hoycordobaweb.com\/index.php\/wp-json\/wp\/v2\/posts\/49030\/revisions"}],"wp:featuredmedia":[{"embeddable":true,"href":"http:\/\/hoycordobaweb.com\/index.php\/wp-json\/wp\/v2\/media\/49031"}],"wp:attachment":[{"href":"http:\/\/hoycordobaweb.com\/index.php\/wp-json\/wp\/v2\/media?parent=49030"}],"wp:term":[{"taxonomy":"category","embeddable":true,"href":"http:\/\/hoycordobaweb.com\/index.php\/wp-json\/wp\/v2\/categories?post=49030"},{"taxonomy":"post_tag","embeddable":true,"href":"http:\/\/hoycordobaweb.com\/index.php\/wp-json\/wp\/v2\/tags?post=49030"}],"curies":[{"name":"wp","href":"https:\/\/api.w.org\/{rel}","templated":true}]}}