{"id":4902,"date":"2020-11-09T21:27:41","date_gmt":"2020-11-09T21:27:41","guid":{"rendered":"https:\/\/www.perfil.com\/noticias\/politica\/mal-trago-de-espert-y-rosales-en-el-8n-acusan-al-ala-dura-del-pro-de-escracharlos.phtml"},"modified":"2020-11-09T21:27:41","modified_gmt":"2020-11-09T21:27:41","slug":"el-mal-trago-de-espert-y-rosales-en-el-8n-acusan-al-ala-dura-del-pro-de-escracharlos","status":"publish","type":"post","link":"http:\/\/hoycordobaweb.com\/index.php\/2020\/11\/09\/el-mal-trago-de-espert-y-rosales-en-el-8n-acusan-al-ala-dura-del-pro-de-escracharlos\/","title":{"rendered":"El mal trago de Espert y Rosales en el 8N: acusan al \u00abala dura\u00bb del PRO de escracharlos"},"content":{"rendered":"<p><img src=\"http:\/\/hoycordobaweb.com\/wp-content\/uploads\/2020\/11\/el-mal-trago-de-espert-y-rosales-en-el-8n-acusan-al-ala-dura-del-pro-de-escracharlos.jpg\"><\/p>\n<aside class=\"relatedPost\">\n<h3>M\u00e1s noticias de politica<\/h3>\n<\/aside>\n<p><iframe class=\"embed-responsive-item\" src=\"https:\/\/player.vimeo.com\/video\/\n\n<p>La protesta del domingo 8 de noviembre, el 8N, supuso un encontronazo entre distintos sectores de la oposici\u00f3n. Aunque el episodio no tuvo trascendencia ni lleg\u00f3 a violencia f\u00edsica, mostr\u00f3 las internas que ya le deparan a la oposici\u00f3n. A pesar de que la marcha ten\u00eda que ver centralmente con las cr\u00edticas a la marcha del <strong>Frente de Todos <\/strong>en la Casa Rosada y contra la <strong>Corte Suprema <\/strong>tras el fallo sobre los jueces <strong>Leopoldo Bruglia y Pablo Beruzzi,<\/strong> el cruce fue una muestra de la tensi\u00f3n que se vive entre distintas facciones.<\/p>\n<p>El episodio ocurri\u00f3 por la tarde frente a la residencia presidencial de Olivos cuando los referentes del frente Despertar, <a target=\" href=\"https:\/\/www.perfil.com\/noticias\/politica\/lopez-murphy-va-por-la-tercera-via-espert-ya-piensa-su-campana-con-milei-y-gomez-centurion-va-por-su-camino.phtml\"><strong>Jos\u00e9 Luis Espert, Luis Rosales y Javier Milei<\/strong> <\/a>participaron de la protesta contra el Gobierno nacional. En ese momento, un grupo de manifestantes con banderas argentinas les pidieron que se vayan.<\/p>\n<p><img style=\"max-width: 100%; width: 100%;\" alt=\"Patricia Bullrich protagoniz\u00f3 el 8N en C\u00f3rdoba\" src=\"http:\/\/hoycordobaweb.com\/wp-content\/uploads\/2020\/11\/el-mal-trago-de-espert-y-rosales-en-el-8n-acusan-al-ala-dura-del-pro-de-escracharlos-2.jpg\" \/><\/p>\n<p>\u201c\u00a1Qu\u00e9 se vayan, qu\u00e9 se vayan!\u201d, cantaban. En ese momento, Rosales se acerc\u00f3 al grupo: \u201cUsted est\u00e1 haciendo pol\u00edtica se\u00f1ora\u201d, le expres\u00f3 a una mujer mayor. \u201c\u00a1Espert es un chanta!\u201d, le grit\u00f3 otro manifestante, m\u00e1s alejado. La acusaci\u00f3n central: que el armado de Despertar fue funcional en 2019 a la victoria de Alberto Fern\u00e1ndez y podr\u00eda, en el futuro, ser tambi\u00e9n clave para una derrota opositora producto de la atomizaci\u00f3n.<\/p>\n<p>Todo qued\u00f3 registrado en un video de uno de los manifestantes:<\/p>\n<div class=\"embed-responsive embed-responsive-16by9 iframeContainer\"><iframe id=\"vrudo\" class=\"vrudo\" src=\"https:\/\/rudo.video\/vod\/bKCovJ\" width=\"100%\" height=\"100%\" allowscriptaccess=\"always\" allowfullscreen=\"true\" webkitallowfullscreen=\"true\" frameborder=\"0\" scrolling=\"no\" allow=\"autoplay; fullscreen\"><\/iframe><\/p>\n<p>En ese momento, <a target=\"_blank\" href=\"https:\/\/www.perfil.com\/noticias\/politica\/giacomini-milei-te-estas-equivocando-papa-estas-arruinando-todo-lo-que-hiciste.phtml\" rel=\"noopener noreferrer\">Milei no aparece<\/a> entre las im\u00e1genes: estaba en medio de un aluvi\u00f3n de selfies con el economista.<\/p>\n<p>\u201cEstaban organizados y fue un tema muy menor. <strong>Eran macristas que nos acusaban de ser kirchneristas<\/strong>. Es un mensaje que todo el tiempo baja el macrismo\u201d, le dijo de uno de los referentes de Despertar a PERFIL. Es m\u00e1s: en el espacio culpan a <a target=\"_blank\" href=\"https:\/\/www.perfil.com\/noticias\/politica\/bullrich-convoca-a-marchas-anti-k-pero-busca-no-espantar-a-los-moderados-de-jxc.phtml\" rel=\"noopener noreferrer\"><strong>Patricia Bullrich <\/strong><\/a>(quien estaba a m\u00e1s de 700 kil\u00f3metros participando en C\u00f3rdoba de las marchas) y a Fernando Iglesias, el diputado nacional muy cr\u00edtico de Espert, pero que se encontraba en el centro porte\u00f1o.&nbsp;Tras el episodio, Rosales ensay\u00f3 una explicaci\u00f3n ante Espert y Milei: \u201cles molesta que la gente nos quiera\u201d.<\/p>\n<p>Sin embargo, dentro de Juntos por el Cambio tienen otra lectura. Un sector cree que ser\u00eda interesante sumar a los dirigentes de Despertar en un gran armado opositor para evitar la atomizaci\u00f3n de la oposici\u00f3n y dejarle la victoria al Frente de Todos servida para el a\u00f1o que viene y, en especial, para 2023. De hecho, hasta <a target=\"_blank\" href=\"https:\/\/www.perfil.com\/noticias\/politica\/bullrich-convoca-a-marchas-anti-k-pero-busca-no-espantar-a-los-moderados-de-jxc.phtml\" rel=\"noopener noreferrer\">Bullrich le tir\u00f3 flores <\/a>a Milei en la mesa de Juanita Viale. En la Ciudad, Larreta logr\u00f3 que la candidatura presidencial de Espert vaya con su candidatura a jefe de Gobierno.<\/p>\n<p>Sin embargo, en Despertar no quieren saber nada. Es m\u00e1s: <a target=\"_blank\" href=\"https:\/\/www.perfil.com\/noticias\/politica\/giacomini-milei-te-estas-equivocando-papa-estas-arruinando-todo-lo-que-hiciste.phtml\" rel=\"noopener noreferrer\">Milei llama, de manera jocosa<\/a>,<strong> \u201cJuntos por el Cargo\u201d<\/strong> y ensaya un discurso donde asimila al kirchnerismo a Cambiemos.<\/p>\n<p><img alt=\"El Obelisco fue epicentro del banderazo del 8N\" src=\"http:\/\/hoycordobaweb.com\/wp-content\/uploads\/2020\/11\/el-mal-trago-de-espert-y-rosales-en-el-8n-acusan-al-ala-dura-del-pro-de-escracharlos-3.jpg\"><\/p>\n<p>A diferencia de Despertar, otros referentes como <strong><a target=\"_blank\" href=\"https:\/\/www.perfil.com\/noticias\/politica\/vuelve-ricardo-lopez-murphy-charlas-con-bullrich-milei-negri-regreso-recrear-encuentro-republicano.phtml\" rel=\"noopener noreferrer\">Ricardo L\u00f3pez Murhy<\/a>, <\/strong>creen que para 2021 hay que unificar la oposici\u00f3n en las ocho provincias que eligen senadores para evitar una mayor\u00eda de dos tercios en manos de <strong>Cristina Kirchner<\/strong>, y pensar en un armado com\u00fan para 2023.<\/p>\n<p> \u00bb allowfullscreen &gt;<\/p>\n","protected":false},"excerpt":{"rendered":"<p>M\u00e1s noticias de politica Jos\u00e9 Luis Espert, Luis Rosales y Javier Milei participaron de la protesta contra el Gobierno nacional. En ese momento, un grupo de manifestantes con banderas argentinas les pidieron que se vayan. \u201c\u00a1Qu\u00e9 se vayan, qu\u00e9 se vayan!\u201d, cantaban. En ese momento, Rosales se acerc\u00f3 al grupo: \u201cUsted est\u00e1 haciendo pol\u00edtica se\u00f1ora\u201d, [&hellip;]<\/p>\n","protected":false},"author":1,"featured_media":4903,"comment_status":"closed","ping_status":"closed","sticky":false,"template":"","format":"standard","meta":[],"categories":[1],"tags":[],"_links":{"self":[{"href":"http:\/\/hoycordobaweb.com\/index.php\/wp-json\/wp\/v2\/posts\/4902"}],"collection":[{"href":"http:\/\/hoycordobaweb.com\/index.php\/wp-json\/wp\/v2\/posts"}],"about":[{"href":"http:\/\/hoycordobaweb.com\/index.php\/wp-json\/wp\/v2\/types\/post"}],"author":[{"embeddable":true,"href":"http:\/\/hoycordobaweb.com\/index.php\/wp-json\/wp\/v2\/users\/1"}],"replies":[{"embeddable":true,"href":"http:\/\/hoycordobaweb.com\/index.php\/wp-json\/wp\/v2\/comments?post=4902"}],"version-history":[{"count":0,"href":"http:\/\/hoycordobaweb.com\/index.php\/wp-json\/wp\/v2\/posts\/4902\/revisions"}],"wp:featuredmedia":[{"embeddable":true,"href":"http:\/\/hoycordobaweb.com\/index.php\/wp-json\/wp\/v2\/media\/4903"}],"wp:attachment":[{"href":"http:\/\/hoycordobaweb.com\/index.php\/wp-json\/wp\/v2\/media?parent=4902"}],"wp:term":[{"taxonomy":"category","embeddable":true,"href":"http:\/\/hoycordobaweb.com\/index.php\/wp-json\/wp\/v2\/categories?post=4902"},{"taxonomy":"post_tag","embeddable":true,"href":"http:\/\/hoycordobaweb.com\/index.php\/wp-json\/wp\/v2\/tags?post=4902"}],"curies":[{"name":"wp","href":"https:\/\/api.w.org\/{rel}","templated":true}]}}