{"id":49013,"date":"2022-09-21T20:07:00","date_gmt":"2022-09-21T20:07:00","guid":{"rendered":"https:\/\/fm-comunicar.com.ar\/contenido\/19613\/lanzan-concurso-fotografico-para-jovenes-de-la-ciudad"},"modified":"2022-09-21T20:07:00","modified_gmt":"2022-09-21T20:07:00","slug":"lanzan-concurso-fotografico-para-jovenes-de-la-ciudad","status":"publish","type":"post","link":"http:\/\/hoycordobaweb.com\/index.php\/2022\/09\/21\/lanzan-concurso-fotografico-para-jovenes-de-la-ciudad\/","title":{"rendered":"Lanzan concurso fotogr\u00e1fico para j\u00f3venes de la ciudad"},"content":{"rendered":"<p>El certamen propone capturar el modo, los lugares y espacios que las juventudes caroyenses habitan a diario.\u00a0Podr\u00e1n participar chicas y chicos de entre 15 y 30 a\u00f1os. Se entregar\u00e1n premios en \u00f3rdenes de compra.<img src=\"http:\/\/hoycordobaweb.com\/wp-content\/uploads\/2022\/09\/lanzan-concurso-fotografico-para-jovenes-de-la-ciudad.jpg\"><\/p>\n","protected":false},"excerpt":{"rendered":"<p>El certamen propone capturar el modo, los lugares y espacios que las juventudes caroyenses habitan a diario.\u00a0Podr\u00e1n participar chicas y chicos de entre 15 y 30 a\u00f1os. Se entregar\u00e1n premios en \u00f3rdenes de compra.<\/p>\n","protected":false},"author":1,"featured_media":49014,"comment_status":"closed","ping_status":"closed","sticky":false,"template":"","format":"standard","meta":[],"categories":[18],"tags":[],"_links":{"self":[{"href":"http:\/\/hoycordobaweb.com\/index.php\/wp-json\/wp\/v2\/posts\/49013"}],"collection":[{"href":"http:\/\/hoycordobaweb.com\/index.php\/wp-json\/wp\/v2\/posts"}],"about":[{"href":"http:\/\/hoycordobaweb.com\/index.php\/wp-json\/wp\/v2\/types\/post"}],"author":[{"embeddable":true,"href":"http:\/\/hoycordobaweb.com\/index.php\/wp-json\/wp\/v2\/users\/1"}],"replies":[{"embeddable":true,"href":"http:\/\/hoycordobaweb.com\/index.php\/wp-json\/wp\/v2\/comments?post=49013"}],"version-history":[{"count":0,"href":"http:\/\/hoycordobaweb.com\/index.php\/wp-json\/wp\/v2\/posts\/49013\/revisions"}],"wp:featuredmedia":[{"embeddable":true,"href":"http:\/\/hoycordobaweb.com\/index.php\/wp-json\/wp\/v2\/media\/49014"}],"wp:attachment":[{"href":"http:\/\/hoycordobaweb.com\/index.php\/wp-json\/wp\/v2\/media?parent=49013"}],"wp:term":[{"taxonomy":"category","embeddable":true,"href":"http:\/\/hoycordobaweb.com\/index.php\/wp-json\/wp\/v2\/categories?post=49013"},{"taxonomy":"post_tag","embeddable":true,"href":"http:\/\/hoycordobaweb.com\/index.php\/wp-json\/wp\/v2\/tags?post=49013"}],"curies":[{"name":"wp","href":"https:\/\/api.w.org\/{rel}","templated":true}]}}