{"id":49008,"date":"2022-09-25T14:16:20","date_gmt":"2022-09-25T14:16:20","guid":{"rendered":"https:\/\/fono.fcm.unc.edu.ar\/?p=9758"},"modified":"2022-09-25T14:16:20","modified_gmt":"2022-09-25T14:16:20","slug":"25-de-septiembre-dia-internacional-de-las-personas-sordas","status":"publish","type":"post","link":"http:\/\/hoycordobaweb.com\/index.php\/2022\/09\/25\/25-de-septiembre-dia-internacional-de-las-personas-sordas\/","title":{"rendered":"25 de septiembre: D\u00eda Internacional de las Personas Sordas"},"content":{"rendered":"<h2 class=\"fusion-post-title\">25 de septiembre: D\u00eda Internacional de las Personas Sordas<\/h2>\n<div class=\"post-content\" readability=\"35\">\n<p><img loading=\"lazy\" class=\"alignright wp-image-9759 size-fusion-400\" src=\"https:\/\/fono.fcm.unc.edu.ar\/wp-content\/uploads\/sites\/14\/2022\/09\/efemerides-e1664201890933-400x402.png\" alt width=\"400\" height=\"402\" srcset=\"https:\/\/fono.fcm.unc.edu.ar\/wp-content\/uploads\/sites\/14\/2022\/09\/efemerides-e1664201890933-66x66.png 66w, https:\/\/fono.fcm.unc.edu.ar\/wp-content\/uploads\/sites\/14\/2022\/09\/efemerides-e1664201890933-150x150.png 150w, https:\/\/fono.fcm.unc.edu.ar\/wp-content\/uploads\/sites\/14\/2022\/09\/efemerides-e1664201890933-200x201.png 200w, https:\/\/fono.fcm.unc.edu.ar\/wp-content\/uploads\/sites\/14\/2022\/09\/efemerides-e1664201890933-400x402.png 400w, https:\/\/fono.fcm.unc.edu.ar\/wp-content\/uploads\/sites\/14\/2022\/09\/efemerides-e1664201890933.png 491w\" sizes=\"(max-width: 400px) 100vw, 400px\">El \u00faltimo domingo de septiembre fue el d\u00eda elegido por la Federaci\u00f3n Mundial de Personas Sordas (WFD) para conmemorar el D\u00eda Internacional de las Personas Sordas. Una fecha que busca sensibilizar y concienciar sobre las necesidades particulares de los sordos y la importancia de crear programas que permitan su inclusi\u00f3n dentro de todos los \u00e1mbitos de la sociedad.<\/p>\n<\/p><\/div>\n","protected":false},"excerpt":{"rendered":"<p>25 de septiembre: D\u00eda Internacional de las Personas Sordas El \u00faltimo domingo de septiembre fue el d\u00eda elegido por la Federaci\u00f3n Mundial de Personas Sordas (WFD) para conmemorar el D\u00eda Internacional de las Personas Sordas. Una fecha que busca sensibilizar y concienciar sobre las necesidades particulares de los sordos y la importancia de crear programas [&hellip;]<\/p>\n","protected":false},"author":1,"featured_media":0,"comment_status":"closed","ping_status":"closed","sticky":false,"template":"","format":"standard","meta":[],"categories":[1],"tags":[],"_links":{"self":[{"href":"http:\/\/hoycordobaweb.com\/index.php\/wp-json\/wp\/v2\/posts\/49008"}],"collection":[{"href":"http:\/\/hoycordobaweb.com\/index.php\/wp-json\/wp\/v2\/posts"}],"about":[{"href":"http:\/\/hoycordobaweb.com\/index.php\/wp-json\/wp\/v2\/types\/post"}],"author":[{"embeddable":true,"href":"http:\/\/hoycordobaweb.com\/index.php\/wp-json\/wp\/v2\/users\/1"}],"replies":[{"embeddable":true,"href":"http:\/\/hoycordobaweb.com\/index.php\/wp-json\/wp\/v2\/comments?post=49008"}],"version-history":[{"count":0,"href":"http:\/\/hoycordobaweb.com\/index.php\/wp-json\/wp\/v2\/posts\/49008\/revisions"}],"wp:attachment":[{"href":"http:\/\/hoycordobaweb.com\/index.php\/wp-json\/wp\/v2\/media?parent=49008"}],"wp:term":[{"taxonomy":"category","embeddable":true,"href":"http:\/\/hoycordobaweb.com\/index.php\/wp-json\/wp\/v2\/categories?post=49008"},{"taxonomy":"post_tag","embeddable":true,"href":"http:\/\/hoycordobaweb.com\/index.php\/wp-json\/wp\/v2\/tags?post=49008"}],"curies":[{"name":"wp","href":"https:\/\/api.w.org\/{rel}","templated":true}]}}