{"id":49004,"date":"2022-09-26T00:22:00","date_gmt":"2022-09-26T00:22:00","guid":{"rendered":"http:\/\/hoycordobaweb.com\/index.php\/2022\/09\/26\/el-resto-del-mundo-lo-remonto-y-se-quedo-con-su-primer-titulo-en-la-laver-cup\/"},"modified":"2022-09-26T00:22:00","modified_gmt":"2022-09-26T00:22:00","slug":"el-resto-del-mundo-lo-remonto-y-se-quedo-con-su-primer-titulo-en-la-laver-cup","status":"publish","type":"post","link":"http:\/\/hoycordobaweb.com\/index.php\/2022\/09\/26\/el-resto-del-mundo-lo-remonto-y-se-quedo-con-su-primer-titulo-en-la-laver-cup\/","title":{"rendered":"El Resto del Mundo lo remont\u00f3 y se qued\u00f3 con su primer t\u00edtulo en la Laver Cup"},"content":{"rendered":"<p><img src=\"http:\/\/hoycordobaweb.com\/wp-content\/uploads\/2022\/09\/el-resto-del-mundo-lo-remonto-y-se-quedo-con-su-primer-titulo-en-la-laver-cup.jpg\"><\/p>\n<figure class=\"mb-3\"><img loading=\"lazy\" src=\"http:\/\/hoycordobaweb.com\/wp-content\/uploads\/2022\/09\/el-resto-del-mundo-lo-remonto-y-se-quedo-con-su-primer-titulo-en-la-laver-cup-2.jpg\" width=\"100%\" height=\"100%\" alt=\"Resto del mundo con Diego Schwartzman festeja su primer ttulo en la Laver Cup LaverCup \"><figcaption> Resto del mundo, con Diego Schwartzman, festeja su primer t\u00edtulo en la Laver Cup (@LaverCup). <\/figcaption><\/figure>\n<p>El equipo del Resto del Mundo logr\u00f3 este domingo la remontada ante Europa y se qued\u00f3 con su primer t\u00edtulo en la Laver Cup, a trav\u00e9s de los triunfos en singles y dobles que sellaron su conquista por 13 a 8, en el O2 Arena de Londres.<\/p>\n<p>De esta manera, Europa perdi\u00f3 ante Resto del Mundo luego de cuatro ediciones, en el torneo que tambi\u00e9n marc\u00f3 la despedida de la actividad profesional del legendario Roger Federer.<\/p>\n<blockquote class=\"twitter-tweet\" readability=\"4.037037037037\">\n<p lang=\"en\" dir=\"ltr\">A valiant effort from Team Europe on what was a uniquely memorable week in London.<a href=\"https:\/\/twitter.com\/hashtag\/LaverCup?src=hash&amp;ref_src=twsrc%5Etfw\">#LaverCup<\/a> <a href=\"https:\/\/t.co\/BICNBIw8Ej\">pic.twitter.com\/BICNBIw8Ej<\/a><\/p>\n<p>\u2014 Laver Cup (@LaverCup) <a href=\"https:\/\/twitter.com\/LaverCup\/status\/1574098986155261952?ref_src=twsrc%5Etfw\">September 25, 2022<\/a><\/p><\/blockquote>\n<p>Cada \u00e9xito de la \u00faltima jornada de la quinta edici\u00f3n de la Laver Cup depar\u00f3 tres puntos para el ganador y las tres victorias del Resto del Mundo, capitaneado por el m\u00edtico John McEnroe, fueron suficientes para ganar el campeonato y dejar sin efecto el \u00faltimo duelo entre el noruego Casper Ruud (2) y el estadounidense Taylor Fritz (12).<\/p>\n<p>En primer turno, el dobles conformado por el canadiense Felix Augier-Aliassime (13) y el estadounidense Jack Sock (128) venci\u00f3 al brit\u00e1nico Andy Murray (43) y al italiano Matteo Berrettini (15) por 2-6, 6-3 y 10-8.<\/p>\n<p>Luego, el propio Augier-Aliassime se impuso ante el serbio Novak Djokovic (7) por 6-3 y 7-6, tras una hora y 35 minutos de juego.<\/p>\n<p>El estadounidense Frances Tiafoe (19) defini\u00f3 la Laver Cup con el triunfo ante el griego Stefanos Tsitsipas (6) por 1-6, 7-6 y 10-8.<\/p>\n<blockquote class=\"twitter-tweet\" readability=\"2.2959183673469\">\n<p lang=\"en\" dir=\"ltr\">Trophy things \ud83c\udfc6<a href=\"https:\/\/twitter.com\/hashtag\/LaverCup?src=hash&amp;ref_src=twsrc%5Etfw\">#LaverCup<\/a> <a href=\"https:\/\/t.co\/InwJ5rMFhJ\">pic.twitter.com\/InwJ5rMFhJ<\/a><\/p>\n<p>\u2014 Laver Cup (@LaverCup) <a href=\"https:\/\/twitter.com\/LaverCup\/status\/1574101786754883584?ref_src=twsrc%5Etfw\">September 25, 2022<\/a><\/p><\/blockquote>\n<p>Federer apareci\u00f3 en escena otra vez, pero para felicitar a los ganadores: \u00abFelicito a los campeones, a Resto del Mundo. Se lo merecen. El a\u00f1o que viene estar\u00e9 en Vancouver apoyando a los dos equipos. Gracias a Rod Laver, sos muy importante para todos nosotros\u00bb.<\/p>\n<p>La Laver Cup, cuyo nombre hace tributo al hist\u00f3rico ex tenista australiano Rod Laver, tuvo su primera edici\u00f3n en Praga (2017), luego continu\u00f3 en Chicago (2018), G\u00e9nova (2019), Boston (2021) y Londres (2022). <\/p>\n","protected":false},"excerpt":{"rendered":"<p>Resto del mundo, con Diego Schwartzman, festeja su primer t\u00edtulo en la Laver Cup (@LaverCup). El equipo del Resto del Mundo logr\u00f3 este domingo la remontada ante Europa y se qued\u00f3 con su primer t\u00edtulo en la Laver Cup, a trav\u00e9s de los triunfos en singles y dobles que sellaron su conquista por 13 a [&hellip;]<\/p>\n","protected":false},"author":1,"featured_media":49005,"comment_status":"open","ping_status":"closed","sticky":false,"template":"","format":"standard","meta":[],"categories":[19],"tags":[],"_links":{"self":[{"href":"http:\/\/hoycordobaweb.com\/index.php\/wp-json\/wp\/v2\/posts\/49004"}],"collection":[{"href":"http:\/\/hoycordobaweb.com\/index.php\/wp-json\/wp\/v2\/posts"}],"about":[{"href":"http:\/\/hoycordobaweb.com\/index.php\/wp-json\/wp\/v2\/types\/post"}],"author":[{"embeddable":true,"href":"http:\/\/hoycordobaweb.com\/index.php\/wp-json\/wp\/v2\/users\/1"}],"replies":[{"embeddable":true,"href":"http:\/\/hoycordobaweb.com\/index.php\/wp-json\/wp\/v2\/comments?post=49004"}],"version-history":[{"count":0,"href":"http:\/\/hoycordobaweb.com\/index.php\/wp-json\/wp\/v2\/posts\/49004\/revisions"}],"wp:featuredmedia":[{"embeddable":true,"href":"http:\/\/hoycordobaweb.com\/index.php\/wp-json\/wp\/v2\/media\/49005"}],"wp:attachment":[{"href":"http:\/\/hoycordobaweb.com\/index.php\/wp-json\/wp\/v2\/media?parent=49004"}],"wp:term":[{"taxonomy":"category","embeddable":true,"href":"http:\/\/hoycordobaweb.com\/index.php\/wp-json\/wp\/v2\/categories?post=49004"},{"taxonomy":"post_tag","embeddable":true,"href":"http:\/\/hoycordobaweb.com\/index.php\/wp-json\/wp\/v2\/tags?post=49004"}],"curies":[{"name":"wp","href":"https:\/\/api.w.org\/{rel}","templated":true}]}}