{"id":4900,"date":"2020-11-09T21:51:35","date_gmt":"2020-11-09T21:51:35","guid":{"rendered":"https:\/\/www.perfil.com\/noticias\/politica\/homenaje-a-juan-jose-sebreli-por-sus-noventa-anos.phtml"},"modified":"2020-11-09T21:51:35","modified_gmt":"2020-11-09T21:51:35","slug":"homenaje-a-juan-jose-sebreli-por-sus-noventa-anos","status":"publish","type":"post","link":"http:\/\/hoycordobaweb.com\/index.php\/2020\/11\/09\/homenaje-a-juan-jose-sebreli-por-sus-noventa-anos\/","title":{"rendered":"Homenaje a Juan Jos\u00e9 Sebreli por sus noventa a\u00f1os"},"content":{"rendered":"<p><img src=\"http:\/\/hoycordobaweb.com\/wp-content\/uploads\/2020\/11\/homenaje-a-juan-jose-sebreli-por-sus-noventa-anos.jpg\"><\/p>\n<div><img src=\"http:\/\/hoycordobaweb.com\/wp-content\/uploads\/2020\/11\/homenaje-a-juan-jose-sebreli-por-sus-noventa-anos-2.jpg\" class=\"ff-og-image-inserted\"><\/div>\n<aside class=\"relatedPost\">\n<h3>Noticias Relacionadas<\/h3>\n<\/aside>\n<p><iframe class=\"embed-responsive-item\" src=\"https:\/\/player.vimeo.com\/video\/\n\n<p>Este jueves 12 de noviembre se realizar\u00e1 un homenaje a<a target=\" href=\"https:\/\/www.perfil.com\/amp\/noticias\/politica\/juan-jose-sebreli-este-gobierno-va-rumbo-al-autoritarismo-es-una-predictadura.phtml\"> Juan Jos\u00e9 Sebreli <\/a>con motivo de sus noventa a\u00f1os. <strong>Un panel de acad\u00e9micos y pensadores analizar\u00e1n los trabajos de uno de los intelectuales m\u00e1s importantes de la Argentina<\/strong>, y se transmitir\u00e1 a trav\u00e9s de Youtube. Entre los panelistas se destacan <a target=\"_blank\" href=\"https:\/\/www.perfil.com\/noticias\/columnistas\/juan-jose-sebreli.phtml\" rel=\"noopener noreferrer\">Jaime Duran Barba<\/a>, Tom\u00e1s Abraham, Beatriz Sarlos y Jorge Lanata, entre otros.<\/p>\n<p>El homenaje es organizado por la <a target=\"_blank\" href=\"https:\/\/www.federalismoylibertad.org\/homenaje-a-juan-jose-sebreli-por-sus-90-anos\/\" rel=\"noopener noreferrer\">Fundaci\u00f3n Federalismo y Libertad<\/a>, que define a Sebreli como \u201cuno de los intelectuales m\u00e1s importantes y multifac\u00e9ticos de la historia argentina: no solo fue protagonista de ella, sino que escribi\u00f3 ensayos cr\u00edticos sobre la misma\u201d. Y destaca que el intelectual \u201cr<strong>epresenta al humanismo cl\u00e1sico, los valores de la modernidad y la raz\u00f3n como motor para el progreso humano\u201d.<\/strong><\/p>\n<p>Cada uno de los panelistas analizar\u00e1n los trabajos de Sebreli sobre un t\u00f3pico en particular. A continuaci\u00f3n el programa completo del evento que arranca el jueves a las 18.<\/p>\n<p>18 hs \u2013 Blas Matamoro \u2013 FLH y tercermundismo. Escritor, periodista, traductor, Matamoro fue, y es, uno de los compa\u00f1eros de ruta m\u00e1s antiguos de Sebreli. Ellos dos, junto a Manuel Puig, formaron el Frente de Liberaci\u00f3n Homosexual y cultivaron una amistad erudita, recorriendo la ciudad de Buenos Aires, en caminatas que derivaban en jornadas de cine franc\u00e9s o ruso. Matamoro recorre su experiencia con Sebreli y <strong>desarrolla una cr\u00edtica al tercermundismo, compartiendo un marco te\u00f3rico con el homenajeado<\/strong>.<\/p>\n<p>18:20 Fernando Iglesias \u2013 El Peronismo en Sebreli. Diputado, escritor, docente y conocido polemista, Iglesias es un aut\u00e9ntico disc\u00edpulo de Sebreli, adem\u00e1s de compartir una amistad con el intelectual homenajeado. El hegelomarxismo humanista y las cr\u00edticas al peronismo fueron claves en el pensamiento de Iglesias, quien <strong>ofrecer\u00e1 una disecci\u00f3n minuciosa sobre c\u00f3mo el fen\u00f3meno peronista es analizado en la obra de Sebreli<\/strong>.<\/p>\n<p>18:40&nbsp; hs \u2013 Jaime Dur\u00e1n Barba \u2013 El fil\u00f3sofo y el pol\u00edtico. Conocido por su eficiencia en la asesor\u00eda pol\u00edtica, Dur\u00e1n Barba es un intelectual ecuatoriano que ha realizado investigaciones emp\u00edricas en ciencias pol\u00edticas, publicado en revistas acad\u00e9micas y ensayos de divulgaci\u00f3n que fueron aut\u00e9nticos \u00e9xitos editoriales, como El arte de ganar (2011) o La pol\u00edtica en el Siglo XXI (2017). En su ponencia, Dur\u00e1n Barba <strong>examinar\u00e1 la compleja relaci\u00f3n entre el dogmatismo, la curiosidad intelectual y las relaciones del pensador con el poder<\/strong>.<\/p>\n<p>19:10 hs Pablo Avelluto \u2013 El cine en Sebreli. Reconocido editor y ex ministro de Cultura de la Naci\u00f3n, Avelluto se caracteriza por sus m\u00faltiples actividades culturales, versatilidad y, particularmente, por su conocimiento de la obra de Sebreli. <strong>Disertar\u00e1 sobre c\u00f3mo analiza al cine Sebreli, un fen\u00f3meno de masas que el ensayista examina con erudici\u00f3n.<\/strong><\/p>\n<p>19:30 hs Tom\u00e1s Abraham \u2013 Sur, Contorno y Buenos Aires. Uno de los fil\u00f3sofos y ensayistas m\u00e1s vers\u00e1tiles de Argentina. Abraham comparti\u00f3 un pasado intelectual con Sebreli, particularmente en un programa de radio junto al ilustre Antonio Carrizo. Conocido por sus pol\u00e9micos an\u00e1lisis sobre la realidad, Abraham<strong> expone la relaci\u00f3n de Sebreli, Contorno y el urbanismo de la Ciudad de Buenos Aires, tres lugares ineludibles en la obra del homenajeado.<\/strong><\/p>\n<p>19:50&nbsp; hs Beatriz Sarlo \u2013 Sebreli y el ensayo. Desde el periodismo, la filosof\u00eda, el ensayo y la cr\u00edtica literaria, Sarlo es una de las intelectuales m\u00e1s destacadas de Argentina y Am\u00e9rica Latina. Compa\u00f1era de consensos y pol\u00e9micas, Sarlo ha destacado que Sebreli encarna al ensayista por excelencia. Precisamente, la relaci\u00f3n entre Sebreli y <strong>el ensayo es el t\u00f3pico que Sarlo examinar\u00e1, conectando al homenajeado con distintas tradiciones intelectuales.<\/strong><\/p>\n<p>20:30 hs \u2013 Lanata \u2013 La grieta pol\u00edtica. Adem\u00e1s de ser uno de los periodistas m\u00e1s agudos de Argentina, Lanata es conocido por su versatilidad, que lo llev\u00f3 a publicar m\u00e1s de diez libros y conducir programas de radio y televisi\u00f3n por los que fue galardonado. En esta ocasi\u00f3n, Lanata <strong>disertar\u00e1 sobre c\u00f3mo se relaciona la obra de Sebreli con la grieta pol\u00edtica argentina, una palabra que est\u00e1 presente en nuestra vida cotidiana<\/strong> y, de alguna manera, se refleja en varios escritos del homenajeado.<\/p>\n<p> \u00bb allowfullscreen ><\/iframe><\/p>\n","protected":false},"excerpt":{"rendered":"<p>Noticias Relacionadas Juan Jos\u00e9 Sebreli con motivo de sus noventa a\u00f1os. Un panel de acad\u00e9micos y pensadores analizar\u00e1n los trabajos de uno de los intelectuales m\u00e1s importantes de la Argentina, y se transmitir\u00e1 a trav\u00e9s de Youtube. Entre los panelistas se destacan Jaime Duran Barba, Tom\u00e1s Abraham, Beatriz Sarlos y Jorge Lanata, entre otros. El [&hellip;]<\/p>\n","protected":false},"author":1,"featured_media":4901,"comment_status":"closed","ping_status":"closed","sticky":false,"template":"","format":"standard","meta":[],"categories":[1],"tags":[],"_links":{"self":[{"href":"http:\/\/hoycordobaweb.com\/index.php\/wp-json\/wp\/v2\/posts\/4900"}],"collection":[{"href":"http:\/\/hoycordobaweb.com\/index.php\/wp-json\/wp\/v2\/posts"}],"about":[{"href":"http:\/\/hoycordobaweb.com\/index.php\/wp-json\/wp\/v2\/types\/post"}],"author":[{"embeddable":true,"href":"http:\/\/hoycordobaweb.com\/index.php\/wp-json\/wp\/v2\/users\/1"}],"replies":[{"embeddable":true,"href":"http:\/\/hoycordobaweb.com\/index.php\/wp-json\/wp\/v2\/comments?post=4900"}],"version-history":[{"count":0,"href":"http:\/\/hoycordobaweb.com\/index.php\/wp-json\/wp\/v2\/posts\/4900\/revisions"}],"wp:featuredmedia":[{"embeddable":true,"href":"http:\/\/hoycordobaweb.com\/index.php\/wp-json\/wp\/v2\/media\/4901"}],"wp:attachment":[{"href":"http:\/\/hoycordobaweb.com\/index.php\/wp-json\/wp\/v2\/media?parent=4900"}],"wp:term":[{"taxonomy":"category","embeddable":true,"href":"http:\/\/hoycordobaweb.com\/index.php\/wp-json\/wp\/v2\/categories?post=4900"},{"taxonomy":"post_tag","embeddable":true,"href":"http:\/\/hoycordobaweb.com\/index.php\/wp-json\/wp\/v2\/tags?post=4900"}],"curies":[{"name":"wp","href":"https:\/\/api.w.org\/{rel}","templated":true}]}}