{"id":48984,"date":"2022-09-25T23:28:25","date_gmt":"2022-09-25T23:28:25","guid":{"rendered":"https:\/\/www.ole.com.ar\/futbol-internacional\/espana\/real-madrid-barcelona-asensio_0_PomSjGjRIN.html"},"modified":"2022-09-25T23:28:25","modified_gmt":"2022-09-25T23:28:25","slug":"el-jugador-del-real-madrid-que-podria-pasar-al-barcelona","status":"publish","type":"post","link":"http:\/\/hoycordobaweb.com\/index.php\/2022\/09\/25\/el-jugador-del-real-madrid-que-podria-pasar-al-barcelona\/","title":{"rendered":"El jugador del Real Madrid que podr\u00eda pasar al Barcelona"},"content":{"rendered":"<p><img src=\"http:\/\/hoycordobaweb.com\/wp-content\/uploads\/2022\/09\/el-jugador-del-real-madrid-que-podria-pasar-al-barcelona.jpg\"><\/p>\n<p>En la historia del f\u00fatbol espa\u00f1ol <strong>hubo s\u00f3lo 34 jugadores que vistieron la camiseta del Real Madrid y del Barcelona<\/strong>. La cifra se achica si se computa s\u00f3lo a los que pasaron directamente de un club a otro. Casos emblem\u00e1ticos como el dan\u00e9s <strong>Michael Laudrup<\/strong> o el portugu\u00e9s <strong><a alt=\"luis-figo\" class=\"slug\" href=\"https:\/\/www.ole.com.ar\/tema\/luis-figo.html\" target=\"_blank\" title=\"luis-figo\" rel=\"noopener noreferrer\">Luis Figo<\/a><\/strong>, acusados de \u00abtraidores\u00bb por los hinchas cul\u00e9s cuando se hicieron merengues. Pero ahora podr\u00eda darse una situaci\u00f3n invertida. Un futbolista del Madrid podr\u00eda pasar directo al Barsa a mediados del 2023.<\/p>\n<div class=\"sp__SM\">\n<div class=\"content-new \">\n<span class=\"tit-mobile\">Mir\u00e1 tambi\u00e9n<\/span><\/p>\n<div class=\"mg\">\n<div class=\"wrap-figure\">\n<picture>\n<a href=\"https:\/\/www.ole.com.ar\/ecuador\/internacional\/barcelona-xavi-fifa-_0_O0xJ8ACsom.html\" target=\"_self\" rel=\"noopener noreferrer\"><br \/>\n<img class=\"img-responsive\" alt=\"Cuatro jugadores del Barcelona se lesionaron en la fecha FIFA\" src=\"http:\/\/hoycordobaweb.com\/wp-content\/uploads\/2022\/09\/el-jugador-del-real-madrid-que-podria-pasar-al-barcelona-2.jpg\" loading=\"lazy\"><br \/>\n<\/a>\n<\/picture>\n<\/div>\n<\/div><\/div>\n<\/div>\n<p>El 30 de junio del pr\u00f3ximo a\u00f1o vence el v\u00ednculo que tiene <strong><a alt=\"marco-asensio\" class=\"slug\" href=\"https:\/\/www.ole.com.ar\/tema\/marco-asensio.html\" target=\"_blank\" title=\"marco-asensio\" rel=\"noopener noreferrer\">Marco Asensio<\/a><\/strong> con el Real. El delantero de 26 a\u00f1os est\u00e1 lejos de una renovaci\u00f3n y la prensa espa\u00f1ola no s\u00f3lo da cuenta del inter\u00e9s del Barcelona por \u00e9l sino que fue m\u00e1s lejos: <strong>existir\u00eda un precontrato ya firmado con una duraci\u00f3n de cuatro a\u00f1os. Hasta mediados del 2027.<\/strong><\/p>\n<div class=\"sp__SM\">\n<div class=\"content-new \">\n<span class=\"tit-mobile\">Mir\u00e1 tambi\u00e9n<\/span><\/p>\n<div class=\"mg\">\n<div class=\"wrap-figure\">\n<picture>\n<a href=\"https:\/\/www.ole.com.ar\/futbol-internacional\/espana\/walkie-luis-enrique-espana-comunicacion_0_LAzekMu2Er.html\" target=\"_self\" rel=\"noopener noreferrer\"><br \/>\n<img class=\"img-responsive\" alt=\"La curiosa innovaci\u00f3n tecnol\u00f3gica en la selecci\u00f3n de Espa\u00f1a\" src=\"http:\/\/hoycordobaweb.com\/wp-content\/uploads\/2022\/09\/el-jugador-del-real-madrid-que-podria-pasar-al-barcelona-3.jpg\" loading=\"lazy\"><br \/>\n<\/a>\n<\/picture>\n<\/div>\n<\/div><\/div>\n<\/div>\n<h2><strong>Ya lo quiso antes<\/strong><\/h2>\n<p>El atacante, actualmente a las \u00f3rdenes de <a target=\"_blank\" href=\"https:\/\/www.ole.com.ar\/futbol-internacional\/espana\/walkie-luis-enrique-espana-comunicacion_0_LAzekMu2Er.html\" rel=\"noopener noreferrer\"><strong>Luis Enrique<\/strong><\/a> (otro que visti\u00f3 ambas camisetas) en la selecci\u00f3n de Espa\u00f1a que est\u00e1 disputando la Nations League, ya estuvo a punto de ser blaugrana. En el 2014, el Barsa estaba interesado en <strong><a target=\"_blank\" href=\"https:\/\/www.ole.com.ar\/futbol-internacional\/espana\/marco-asensio-real-madrid-venta-manchester-united-arsenal-30-millones-euros_0_RM52qGArS7.html\" rel=\"noopener noreferrer\">Asensio<\/a><\/strong>, que jugaba como extremo en el Mallorca. Sin embargo, el Madrid apareci\u00f3 en escena y se qued\u00f3 con el pase del jugador.<\/p>\n<div class=\"sp__SM\">\n<div class=\"content-new \">\n<span class=\"tit-mobile\">Mir\u00e1 tambi\u00e9n<\/span><\/p>\n<div class=\"mg\">\n<div class=\"wrap-figure\">\n<picture>\n<a href=\"https:\/\/www.ole.com.ar\/futbol-internacional\/espana\/marco-asensio-real-madrid-venta-manchester-united-arsenal-30-millones-euros_0_RM52qGArS7.html\" target=\"_self\" rel=\"noopener noreferrer\"><br \/>\n<img class=\"img-responsive\" alt=\"Lleg\u00f3 a valer 180 millones, Real Madrid no lo quiso vender y se podr\u00eda ir por 30\" src=\"http:\/\/hoycordobaweb.com\/wp-content\/uploads\/2022\/09\/el-jugador-del-real-madrid-que-podria-pasar-al-barcelona-4.jpg\" loading=\"lazy\"><br \/>\n<\/a>\n<\/picture>\n<\/div>\n<\/div><\/div>\n<\/div>\n<p>Ahora, al conocerse lo dif\u00edcil que es que Asensio renueve su v\u00ednculo, resurgi\u00f3 el inter\u00e9s del Barsa. <strong>\u00abYa veremos\u00bb<\/strong>, respondi\u00f3 el delantero cuando le consultaron sobre esa posibilidad. Y que no lo haya descartado dice mucho, seg\u00fan razona la prensa espa\u00f1ola. De ser as\u00ed, el atacante llegar\u00eda al Barcelona en condici\u00f3n de libre. Y se sumar\u00e1 al club, el jugador N\u00b035 en saber qu\u00e9 se siente ponerse las dos camisetas m\u00e1s pesadas e hist\u00f3ricas de Espa\u00f1a.<\/p>\n<div class=\"entry-tags\">\n<h2>TEMAS QUE APARECEN EN ESTA NOTA<\/h2>\n<\/p><\/div>\n","protected":false},"excerpt":{"rendered":"<p>En la historia del f\u00fatbol espa\u00f1ol hubo s\u00f3lo 34 jugadores que vistieron la camiseta del Real Madrid y del Barcelona. La cifra se achica si se computa s\u00f3lo a los que pasaron directamente de un club a otro. Casos emblem\u00e1ticos como el dan\u00e9s Michael Laudrup o el portugu\u00e9s Luis Figo, acusados de \u00abtraidores\u00bb por los [&hellip;]<\/p>\n","protected":false},"author":1,"featured_media":48985,"comment_status":"open","ping_status":"closed","sticky":false,"template":"","format":"standard","meta":[],"categories":[16],"tags":[],"_links":{"self":[{"href":"http:\/\/hoycordobaweb.com\/index.php\/wp-json\/wp\/v2\/posts\/48984"}],"collection":[{"href":"http:\/\/hoycordobaweb.com\/index.php\/wp-json\/wp\/v2\/posts"}],"about":[{"href":"http:\/\/hoycordobaweb.com\/index.php\/wp-json\/wp\/v2\/types\/post"}],"author":[{"embeddable":true,"href":"http:\/\/hoycordobaweb.com\/index.php\/wp-json\/wp\/v2\/users\/1"}],"replies":[{"embeddable":true,"href":"http:\/\/hoycordobaweb.com\/index.php\/wp-json\/wp\/v2\/comments?post=48984"}],"version-history":[{"count":0,"href":"http:\/\/hoycordobaweb.com\/index.php\/wp-json\/wp\/v2\/posts\/48984\/revisions"}],"wp:featuredmedia":[{"embeddable":true,"href":"http:\/\/hoycordobaweb.com\/index.php\/wp-json\/wp\/v2\/media\/48985"}],"wp:attachment":[{"href":"http:\/\/hoycordobaweb.com\/index.php\/wp-json\/wp\/v2\/media?parent=48984"}],"wp:term":[{"taxonomy":"category","embeddable":true,"href":"http:\/\/hoycordobaweb.com\/index.php\/wp-json\/wp\/v2\/categories?post=48984"},{"taxonomy":"post_tag","embeddable":true,"href":"http:\/\/hoycordobaweb.com\/index.php\/wp-json\/wp\/v2\/tags?post=48984"}],"curies":[{"name":"wp","href":"https:\/\/api.w.org\/{rel}","templated":true}]}}